{"id":3913,"date":"2020-06-11T20:42:37","date_gmt":"2020-06-11T20:42:37","guid":{"rendered":"https:\/\/www.affinite.fr\/index.php\/2020\/06\/11\/lunion-europeenne-sapprete-a-attaquer-amazon-pour-concurrence-deloyale\/"},"modified":"2020-06-11T20:42:37","modified_gmt":"2020-06-11T20:42:37","slug":"lunion-europeenne-sapprete-a-attaquer-amazon-pour-concurrence-deloyale","status":"publish","type":"post","link":"http:\/\/www.affinite.fr\/index.php\/2020\/06\/11\/lunion-europeenne-sapprete-a-attaquer-amazon-pour-concurrence-deloyale\/","title":{"rendered":"L&rsquo;Union europ\u00e9enne s&rsquo;appr\u00eate \u00e0 attaquer Amazon pour concurrence d\u00e9loyale"},"content":{"rendered":"<p> [ad_1]<br \/>\n<br \/><img decoding=\"async\" src=\"https:\/\/img.bfmtv.com\/i\/0\/0\/a3a\/92da1bff46f3446c93d66084b46f6.jpeg\" \/><\/p>\n<div itemprop=\"articleBody\">\n<p>L\u2019Union europ\u00e9enne (UE) pr\u00e9voit de poursuivre Amazon pour concurrence d\u00e9loyale au travers de l&rsquo;exploitation\u00a0des donn\u00e9es commerciales des vendeurs tiers pr\u00e9sents sur son site,\u00a0rapporte le <em>Wall Street Journal<\/em> (WSJ). Ces accusations pourraient \u00eatre officiellement d\u00e9pos\u00e9es d\u00e8s la semaine prochaine. La Commission europ\u00e9enne, le principal organisme communautaire\u00a0de r\u00e9glementation anti-trust, a peaufin\u00e9 ses chefs d&rsquo;accusation et \u00e9toff\u00e9 son dossier.\u00a0<\/p>\n<h3 style=\"color:#333; font-family:arial,helvetica,sans-serif; font-size:23px; font-weight:700\">Juge et partie, une concurrence d\u00e9loyale\u00a0<\/h3>\n<p>La formulation de ces accusations, appel\u00e9es officiellement une \u00ab\u00a0<em>d\u00e9claration d\u2019opposition\u00a0<\/em>\u00bb,\u00a0constituerait la derni\u00e8re \u00e9tape au terme d\u2019une enqu\u00eate de pr\u00e8s de deux ans. Le coeur du probl\u00e8me r\u00e9side dans le double r\u00f4le de la plate-forme : c&rsquo;est \u00e0 la fois le\u00a0support pour tous les vendeurs et un vendeur comme les autres. En clair, Amazon fixe les conditions selon lesquelles les entreprises utilisent sa plate-forme et dans le m\u00eame temps vend aussi les produits de sa propre marque. Loin d\u2019\u00eatre neutre, la soci\u00e9t\u00e9 est juge et partie.\u00a0<\/p>\n<p>Mais la Commission va plus loin. Dans les documents amass\u00e9s contre le g\u00e9ant am\u00e9ricain, l\u2019UE l\u2019accuse de r\u00e9cup\u00e9rer les donn\u00e9es de vendeurs tiers et de les utiliser pour rivaliser avec eux -par exemple, en lan\u00e7ant des produits similaires \u00e0 des prix plus abordables. Un moyen imparable de casser la concurrence.\u00a0<\/p>\n<aside class=\"bg-color-0 padding-inside-all-s bloc border-s\">\n<h4 class=\"box-txt-normal\">\n<p><strong>\u00c0 d\u00e9couvrir aussi en vid\u00e9o<\/strong><\/p>\n<\/h4>\n<\/aside>\n<h3 style=\"color:#333; font-family:arial,helvetica,sans-serif; font-size:23px; font-weight:700\">\u00c9videmment, Amazon d\u00e9ment<\/h3>\n<p>Selon le <em>WSJ,\u00a0<\/em>Amazon a refus\u00e9 de commenter.\u00a0La soci\u00e9t\u00e9 de Jeff Bezos a d\u00e9j\u00e0 contest\u00e9 les accusations de ce type. Au sujet des vendeurs tiers, Amazon a insist\u00e9 sur le fait qu&rsquo;ils\u00a0vendaient g\u00e9n\u00e9ralement leur\u00a0propre\u00a0marque\u00a0sur la plate-forme.\u00a0<\/p>\n<p>Une enqu\u00eate du WSJ,\u00a0publi\u00e9e en avril, a pourtant r\u00e9v\u00e9l\u00e9 que les employ\u00e9s du g\u00e9ant\u00a0utilisaient parfois les donn\u00e9es d\u2019autres vendeurs pour d\u00e9velopper des produits concurrents.\u00a0Selon d\u2019anciens travailleurs, l\u2019entreprise a parfois demand\u00e9 \u00e0 un analyste commercial Amazon de cr\u00e9er des rapports contenant des informations confidentielles\u00a0d\u00e9riv\u00e9es exclusivement ou presque enti\u00e8rement d\u2019un vendeur tiers. \u00c0 la suite de ces r\u00e9v\u00e9lations, Amazon avait lanc\u00e9 une enqu\u00eate interne, et avait d\u00e9clar\u00e9 que tout\u00a0employ\u00e9\u00a0utilisant ces donn\u00e9es pour \u00e9clairer les d\u00e9cisions commerciales strat\u00e9giques pour la marque\u00a0violerait ses politiques.\u00a0<\/p>\n<h3 style=\"color:#333; font-family:arial,helvetica,sans-serif; font-size:23px; font-weight:700\">Une amende jusqu&rsquo;\u00e0\u00a010 % de son chiffre d&rsquo;affaires<\/h3>\n<p>C&rsquo;est pr\u00e9cis\u00e9ment ce que cible l&rsquo;enqu\u00eate et bient\u00f4t l&rsquo;accusation officielle\u00a0de l\u2019UE.\u00a0La d\u00e9marche europ\u00e9enne pour savoir si oui ou non Amazon a\u00a0enfreint les lois de la concurrence devrait prendre encore une ann\u00e9e suppl\u00e9mentaire. S\u2019il est \u00e9tabli que l\u2019entreprise a viol\u00e9 la l\u00e9gislation anti-trust de l\u2019UE, la Commission pourra infliger \u00e0 Amazon une amende qui pourrait s&rsquo;\u00e9lever jusqu&rsquo;\u00e0 10\u00a0% de son chiffre d\u2019affaires annuel et l\u2019obliger \u00e0 adapter certaines de ses pratiques commerciales. Amazon pourra contester la d\u00e9cision devant un tribunal europ\u00e9en.<\/p>\n<p><strong>Source<\/strong> : <em><a href=\"http:\/\/wsj.com\/articles\/amazon-to-face-antitrust-charges-from-eu-over-treatment-of-third-party-sellers-11591871818?mod=djemalertNEWS\" target=\"_blank\" rel=\"noopener noreferrer\">Wall Street Journal\u00a0<\/a><\/em><\/p>\n<\/p><\/div>\n<p><script>\n         !function(f,b,e,v,n,t,s){if(f.fbq)return;n=f.fbq=function()\n         {n.callMethod? n.callMethod.apply(n,arguments):n.queue.push(arguments)}\n         ;if(!f._fbq)f._fbq=n;\n             n.push=n;n.loaded=!0;n.version='2.0';n.queue=[];t=b.createElement(e);t.async=!0;\n             t.src=v;s=b.getElementsByTagName(e)[0];s.parentNode.insertBefore(t,s)}(window,\n                 document,'script','https:\/\/connect.facebook.net\/en_US\/fbevents.js');\n         fbq('init', '1065890633454496');\n         fbq('track', 'PageView');\n     <\/script><br \/>\n<br \/>[ad_2]<br \/>\n<br \/><a href=\"https:\/\/www.01net.com\/actualites\/l-union-europeenne-s-apprete-a-attaquer-amazon-pour-concurrence-deloyale-1931539.html\">Source link <\/a><\/p>\n","protected":false},"excerpt":{"rendered":"<p>[ad_1] L\u2019Union europ\u00e9enne (UE) pr\u00e9voit de poursuivre Amazon pour concurrence d\u00e9loyale au travers de l&rsquo;exploitation\u00a0des donn\u00e9es commerciales des vendeurs tiers &hellip; <a href=\"http:\/\/www.affinite.fr\/index.php\/2020\/06\/11\/lunion-europeenne-sapprete-a-attaquer-amazon-pour-concurrence-deloyale\/\" class=\"more-link\">Plus <span class=\"screen-reader-text\">L&rsquo;Union europ\u00e9enne s&rsquo;appr\u00eate \u00e0 attaquer Amazon pour concurrence d\u00e9loyale<\/span> <span class=\"meta-nav\">&rarr;<\/span><\/a><\/p>\n","protected":false},"author":1,"featured_media":3914,"comment_status":"open","ping_status":"open","sticky":false,"template":"","format":"standard","meta":{"_sitemap_exclude":false,"_sitemap_priority":"","_sitemap_frequency":"","footnotes":""},"categories":[1],"tags":[],"class_list":["post-3913","post","type-post","status-publish","format-standard","has-post-thumbnail","hentry","category-tous"],"_links":{"self":[{"href":"http:\/\/www.affinite.fr\/index.php\/wp-json\/wp\/v2\/posts\/3913"}],"collection":[{"href":"http:\/\/www.affinite.fr\/index.php\/wp-json\/wp\/v2\/posts"}],"about":[{"href":"http:\/\/www.affinite.fr\/index.php\/wp-json\/wp\/v2\/types\/post"}],"author":[{"embeddable":true,"href":"http:\/\/www.affinite.fr\/index.php\/wp-json\/wp\/v2\/users\/1"}],"replies":[{"embeddable":true,"href":"http:\/\/www.affinite.fr\/index.php\/wp-json\/wp\/v2\/comments?post=3913"}],"version-history":[{"count":0,"href":"http:\/\/www.affinite.fr\/index.php\/wp-json\/wp\/v2\/posts\/3913\/revisions"}],"wp:featuredmedia":[{"embeddable":true,"href":"http:\/\/www.affinite.fr\/index.php\/wp-json\/wp\/v2\/media\/3914"}],"wp:attachment":[{"href":"http:\/\/www.affinite.fr\/index.php\/wp-json\/wp\/v2\/media?parent=3913"}],"wp:term":[{"taxonomy":"category","embeddable":true,"href":"http:\/\/www.affinite.fr\/index.php\/wp-json\/wp\/v2\/categories?post=3913"},{"taxonomy":"post_tag","embeddable":true,"href":"http:\/\/www.affinite.fr\/index.php\/wp-json\/wp\/v2\/tags?post=3913"}],"curies":[{"name":"wp","href":"https:\/\/api.w.org\/{rel}","templated":true}]}}