{"id":3899,"date":"2020-06-11T14:50:11","date_gmt":"2020-06-11T14:50:11","guid":{"rendered":"https:\/\/www.affinite.fr\/index.php\/2020\/06\/11\/reouverture-des-frontieres-ou-partir-en-famille\/"},"modified":"2020-06-11T14:50:11","modified_gmt":"2020-06-11T14:50:11","slug":"reouverture-des-frontieres-ou-partir-en-famille","status":"publish","type":"post","link":"http:\/\/www.affinite.fr\/index.php\/2020\/06\/11\/reouverture-des-frontieres-ou-partir-en-famille\/","title":{"rendered":"r\u00e9ouverture des fronti\u00e8res, o\u00f9 partir en famille\u00a0?"},"content":{"rendered":"<p> [ad_1]<br \/>\n<\/p>\n<p>\n                Dans quel pays pourra-t-on <a href=\"http:\/\/www.affinite.fr\/index.php\/2023\/07\/29\/changer-de-vie-voyager-complement-de-retraite-devenez-vendeur-de-glace-a-litalienne\/\">voyager<\/a> cet \u00e9t\u00e9\u00a0? Ce jeudi, la commission europ\u00e9enne r\u00e9clame la lev\u00e9e des restrictions au sein de l&rsquo;UE et de l&rsquo;espace Schengen d&rsquo;ici le 15\u00a0juin, ainsi que la r\u00e9ouverture des fronti\u00e8res ext\u00e9rieures d\u00e8s le 1er juillet.            <\/p>\n<div>\n<aside class=\"ccmsummary marqueur_module ccmcss_cms_summary ccmcss_cms_summary--right\">\n<p>\u00a0Sommaire<\/p>\n<\/aside>\n<p style=\"text-align: justify;\"><strong>Mise \u00e0 jour du 11\u00a0juin \u00e0 16h26]. <\/strong>La commission europ\u00e9enne a demand\u00e9 \u00e0 ce que les<strong> restrictions li\u00e9es au voyage au sein de l&rsquo;UE et de l&rsquo;espace Schengen soient lev\u00e9es d&rsquo;ici le 15 juin,<\/strong> y compris pour l&rsquo;Espagne qui pr\u00e9voyait une r\u00e9ouverture le 1er juillet. Bruxelles recommande \u00e9galement une r\u00e9ouverture \u00ab\u00a0partielle et progressive\u00a0\u00bb des <strong>fronti\u00e8res ext\u00e9rieures apr\u00e8s le 30 juin. <\/strong>Rappelons que certains pays d&rsquo;Europe comme <strong>l&rsquo;Espagne, le Portugal ou la Gr\u00e8ce<\/strong> ont d\u00e9j\u00e0 annonc\u00e9 la <strong>r\u00e9ouverture de leurs fronti\u00e8res<\/strong> aux touristes \u00e9trangers.\u00a0Sous quelles conditions\u00a0?\u00a0<strong>Quelles sont les r\u00e8gles \u00e0 respecter si l&rsquo;on prend l&rsquo;avion\u00a0?<\/strong> O\u00f9 partir en famille cet \u00e9t\u00e9\u00a0? Pour l&rsquo;heure, la majorit\u00e9 des\u00a0Fran\u00e7ais devraient privil\u00e9gier l&rsquo;hexagone pour les mois de juillet et ao\u00fbt d&rsquo;autant que le gouvernement aurait pr\u00e9vu de ne pas prolonger l&rsquo;\u00e9tat sanitaire au-del\u00e0 du 10\u00a0juillet prochain. De son c\u00f4t\u00e9, <strong>Jean-Michel Blanquer<\/strong> a d\u00e9taill\u00e9 le <strong>dispositif des Vacances apprenantes <\/strong>et promis des <strong>ch\u00e8ques vacances <\/strong>pour les familles. On fait le point sur les derni\u00e8res annonces qui concernent les <strong>vacances d&rsquo;\u00e9t\u00e9 2020.<\/strong><\/p>\n<p style=\"text-align: justify;\">Sera-t-il possible de <strong>voyager \u00e0 l&rsquo;\u00e9tranger<\/strong>\u00a0? Le 4\u00a0juin, la\u00a0commissaire europ\u00e9enne Ylva Johansson a appel\u00e9 \u00e0 une <strong>lev\u00e9e\u00a0de toutes les restrictions\u00a0 aux fronti\u00e8res int\u00e9rieures de l&rsquo;Union europ\u00e9enne<\/strong>. <em>\u00ab\u00a0Je vais proposer que les Etats membres l\u00e8vent tous les contr\u00f4les aux fronti\u00e8res int\u00e9rieures aussit\u00f4t que possible, et je pense qu&rsquo;une bonne date serait la fin juin (&#8230;) Les citoyens europ\u00e9ens voudraient vraiment retrouver leur libert\u00e9 de mouvement\u00a0\u00bb<\/em>, a-t-elle d\u00e9clar\u00e9 sur Euronews.\u00a0Selon <em>BFM TV<\/em>, la France devrait proposer ce vendredi, lors de la r\u00e9union des ministres de l&rsquo;Int\u00e9rieur europ\u00e9ens par visioconf\u00e9rence, de<strong> rouvrir les fronti\u00e8res de l&rsquo;espace Schengen au 1er juillet 2020.\u00a0<\/strong>Il sera donc possible de partir en vacances en famille, en Italie par exemple, qui a d\u00e9j\u00e0 rouvert ses fronti\u00e8res, ou en Espagne.<\/p>\n<h3 style=\"text-align: justify;\"><a id=\"vacances-d-ete-a-l-etranger\" name=\"vacances-d-ete-a-l-etranger\" target=\"_blank\" rel=\"noopener noreferrer\"><strong>Dans quels pays sera-t-il possible de voyager\u00a0?<\/strong>\u00a0<\/a><\/h3>\n<p><strong>En France, il est\u00a0finalement\u00a0possible de se rendre en Corse<\/strong>. Un d\u00e9cret avait dans un premier temps limit\u00e9 les voyages en avion jusqu&rsquo;au 23\u00a0juin, et donc le trafic a\u00e9rien entre la Corse et le continent, mais Edouard Philippe avait annonc\u00e9 le 2\u00a0juin \u00e0 l&rsquo;Assembl\u00e9e Nationale que le d\u00e9cret en question\u00a0serait \u00ab\u00a0<em>corrig\u00e9 dans le bon sens<\/em>\u00ab\u00a0. Le lendemain, le d\u00e9cret a en effet \u00e9t\u00e9 modifi\u00e9. Les\u00a0amoureux de l&rsquo;\u00cele de beaut\u00e9 peuvent donc\u00a0r\u00e9server leurs vols.<\/p>\n<p>En attendant une validation des pays membres concernant la date de\u00a0r\u00e9ouverture des fronti\u00e8res, les Fran\u00e7ais pourront se rendre<strong> en Espagne d\u00e8s le 1er juillet<\/strong>, mais l<strong>es voyages au Royaume-Uni <\/strong>seront plus compliqu\u00e9s dans la mesure o\u00f9 le pays impose, \u00e0 partir du 8\u00a0juin, une quatorzaine aux voyageurs \u00e9trangers.\u00a0Cette mesure devrait \u00eatre r\u00e9\u00e9valu\u00e9e toutes les trois semaines. De son c\u00f4t\u00e9, <strong>la Gr\u00e8ce devrait\u00a0autoriser\u00a0des vols en provenance de France et \u00e0 destination d&rsquo;Ath\u00e8nes \u00e0 partir du 15\u00a0juin<\/strong>, mais les habitants de zones oranges comme ceux d&rsquo;Ile-de-France pourraient se voir imposer une quarantaine de 7\u00a0ou 14\u00a0jours. A partir du 1er juillet, les vols internationaux seront autoris\u00e9s vers tous les a\u00e9roports du pays.<\/p>\n<p><strong>La Suisse<\/strong> devrait, pour sa part, rouvrir ses fronti\u00e8res aux touristes europ\u00e9ens le 15\u00a0juin, tout comme l&rsquo;<strong>Allemagne, la Belgique, le Portugal, la Pologne ou encore l&rsquo;Autriche.<\/strong> Les Fran\u00e7ais pourront \u00e9galement se rendre en<strong> Jama\u00efque \u00e0 partir du 15\u00a0juin<\/strong>\u00a0a d\u00e9clar\u00e9 le Ministre du Tourisme Edmund Bartlett. A leur arriv\u00e9e, ils devront se soumettre \u00e0 un examen de sant\u00e9, mais ne seront pas n\u00e9cessairement oblig\u00e9s de passer des tests COVID-19. En revanche, les Fran\u00e7ais devront attendre la <strong>fin de l&rsquo;\u00e9t\u00e9 pour se rendre au Danemark<\/strong>.\u00a0\u200b\u200b\u200b\u200bRappelons que <strong>la\u00a0d\u00e9cision de rouvrir les fronti\u00e8res ext\u00e9rieures \u00e0 l&rsquo;Europe, sera\u00a0prise \u00e0 partir du 15\u00a0juin<\/strong>, avec les autres pays de l&rsquo;Union europ\u00e9enne.<\/p>\n<p style=\"text-align: justify;\">En ce qui concerne les<strong> voyages en avion<\/strong>, l&rsquo;a\u00e9roport de Paris-Orly a annonc\u00e9 que <strong>les vols pourraient reprendre pour les passagers \u00e0 partir du 26\u00a0juin<\/strong> \u00ab\u00a0en optimisant les infrastructures de l&rsquo;a\u00e9roport\u00a0\u00bb a pr\u00e9cis\u00e9 le groupe ADP.\u00a0Par ailleurs, <strong>les voyages pour l&rsquo;Outre-mer <\/strong>demandent des mesures \u00ab\u00a0tr\u00e8s strictes des d\u00e9placements\u00a0\u00bb et une quatorzaine \u00e0 l&rsquo;arriv\u00e9e pour les passagers a indiqu\u00e9 le Premier ministre.\u00a0N\u00e9anmoins, si les conditions sanitaires le permettent, une \u00ab\u00a0<strong>ouverture plus large des vols pour les vacances<\/strong>\u00a0\u00bb pourrait \u00eatre envisag\u00e9e.<\/p>\n<ul>\n<li style=\"text-align: justify;\">La compagnie <strong>Easy Jet<\/strong> a\u00a0annonc\u00e9 qu&rsquo;\u00e0 partir du 15\u00a0juin, elle allait programmer des vols int\u00e9rieurs en France depuis Paris, Nice, Toulouse, Nantes, Lyon et Lille.\u00a0Des vols pourront aussi avoir lieu en Angleterre. N\u00e9anmoins, le taux de remplissage des avions ne devra pas d\u00e9passer 60% pour respecter les r\u00e8gles de distanciation sociale.<\/li>\n<li style=\"text-align: justify;\"><strong>Transavia<\/strong> va \u00e9galement reprendre ses vols d\u00e8s le 15\u00a0juin. Depuis l&rsquo;a\u00e9roport de Lyon-Saint Exup\u00e9ry, les passagers pourront emprunter des vols\u00a0vers Lisbonne, Faro et Porto, puis vers Ath\u00e8nes et H\u00e9raklion d\u00e8s le 29\u00a0juin. Depuis Nantes-Atlantique, ils pourront se rendre au Portugal d\u00e8s le 15\u00a0juin puis vers Dubrovnik, Palerme ou encore Malte d\u00e8s le 29\u00a0juin. A compter du 26\u00a0juin, la compagnie proposera aussi des vols entre\u00a0Paris-Orly et Montpellier-M\u00e9diterran\u00e9e et\u00a0le Portugal, l&rsquo;Espagne, l&rsquo;Italie, la Gr\u00e8ce, les Pays-Bas, la Croatie, l&rsquo;Irlande et l&rsquo;Islande.<\/li>\n<li style=\"text-align: justify;\">La compagnie <strong>Air Corsica<\/strong> va progressivement\u00a0rouvrir 14\u00a0lignes courant juin \u00e0 destination ou au d\u00e9part des 4\u00a0a\u00e9roports corses\u00a0: Ajaccio, Bastia, Calvi et Figari.<\/li>\n<li style=\"text-align: justify;\">De son c\u00f4t\u00e9,\u00a0<strong>Air France<\/strong> pense assurer 15% de ses vols principalement en France et en Europe\u00a0d&rsquo;ici \u00e0 la fin du mois de juin.<\/li>\n<li style=\"text-align: justify;\">Enfin, la compagnie low cost <strong>Volotea<\/strong> reprendra ses vols le 16\u00a0juin en France.\u00a0<\/li>\n<\/ul>\n<h3 style=\"text-align: justify;\"><a id=\"avion-coronavirus\" name=\"avion-coronavirus\" target=\"_blank\" rel=\"noopener noreferrer\">Quelles consignes sanitaires en avion\u00a0?<\/a><\/h3>\n<p><strong>L&rsquo;Organisation de l&rsquo;aviation civile internationale<\/strong> a publi\u00e9 ses recommandations le 2\u00a0juin concernant les <strong>voyages en avion<\/strong>.\u00a0Les voyageurs devront ainsi <strong>pr\u00e9senter une d\u00e9claration de sant\u00e9 \u00e0 l&rsquo;a\u00e9roport<\/strong> et subir une <strong>prise de temp\u00e9rature<\/strong>.\u00a0Ils seront invit\u00e9s \u00e0 effectuer leur enregistrement en ligne, \u00e0 privil\u00e9gier les cartes d&#8217;embarquement num\u00e9riques\u00a0et \u00e0 voyager avec le moins de bagages possibles.\u00a0L&rsquo;acc\u00e8s aux diff\u00e9rents terminaux sera limit\u00e9 aux voyageurs et aux accompagnants des personnes handicap\u00e9es. <strong>Le port du masque y sera obligatoire<\/strong> et les voyageurs devront respecter une distance d&rsquo;un m\u00e8tre entre eux. A bord des avions, ils devront garder leur masque, se d\u00e9placer le moins possible et n&rsquo;utiliser que les toilettes qui leur auront \u00e9t\u00e9 affect\u00e9es en fonction de leurs places. La nourriture \u00e0 bord sera pr\u00e9emball\u00e9e et les avions seront d\u00e9sinfect\u00e9s r\u00e9guli\u00e8rement. Enfin, l&rsquo;OACI ne recommande pas de neutraliser un fauteuil sur deux, mais conseille d&rsquo;\u00e9loigner autant que possible les passagers les uns des autres en fonction de l&rsquo;occupation de l&rsquo;avion.<\/p>\n<p><strong>Les plages et plans d&rsquo;eau\u00a0ont de nouveau ouverts le 2\u00a0juin sur tout le territoire.<\/strong>\u00a0Ce sont les autorit\u00e9s locales qui d\u00e9cident\u00a0si le mode dynamique est maintenu ou abandonn\u00e9. Les Fran\u00e7ais choisiront peut \u00eatre leurs destinations de bord de mer en fonction du <strong>label <em>Pavillon Bleu<\/em><\/strong> dont le palmar\u00e8s a \u00e9t\u00e9 d\u00e9voil\u00e9 ce 9\u00a0juin. En 2020, 507\u00a0sites dont 401\u00a0plages et 106\u00a0ports de plaisance, peuvent se pr\u00e9valoir de ce label de tourisme durable, soit 12\u00a0nouvelles communes et 5\u00a0nouveaux ports de plaisance.\u00a0Pour savoir si votre plage pr\u00e9f\u00e9r\u00e9e se trouve dans les laur\u00e9ats 2020, vous pouvez consulter <a href=\"https:\/\/www.pavillonbleu.org\/palmares-2020\/carte-communes-laureates-2020.html\" target=\"_blank\" rel=\"noopener noreferrer\">la carte<\/a> propos\u00e9e sur le site Pavillon Bleu.\u00a0<\/p>\n<div style=\"text-align:center\">\n<figure class=\"image\" style=\"display:inline-block\"><a class=\"fancy\" href=\"https:\/\/img-3.journaldesfemmes.fr\/ksk256U0q0A3JFQPiSgxAIAKjts=\/1080x\/smart\/423afb8de6c44175bce20be235a29379\/ccmcms-jdf\/16314673.jpeg\" target=\"_blank\" rel=\"noopener noreferrer\"><img decoding=\"async\" alt=\"Pavillon-bleu-2020\" src=\"https:\/\/img-3.journaldesfemmes.fr\/V8m1xRlapjj3jyyLJipEeLjtPE4=\/600x\/smart\/423afb8de6c44175bce20be235a29379\/ccmcms-jdf\/16314673.jpeg\"\/><\/a><figcaption data-credit=\"Pavillons bleu\" data-legend=\"Carte des plages et ports labellis\u00e9s Pavillon bleu en 2020\">Carte des plages et ports labellis\u00e9s Pavillon bleu en 2020 <small>\u00a9\u00a0Pavillons bleu<\/small><\/figcaption><\/figure>\n<\/div>\n<p style=\"text-align: justify;\">L<strong>&lsquo;\u00e9tat d&rsquo;urgence fix\u00e9 au 10\u00a0juillet\u00a0<\/strong>ne devrait pas \u00eatre prolong\u00e9 apr\u00e8s cette date, mais un nouveau projet de loi propos\u00e9 le 10\u00a0juin lors du Conseil des Ministres devrait permettre au premier ministre de restreindre certaines libert\u00e9s au del\u00e0 du 10\u00a0juillet pendant\u00a0 4\u00a0mois.\u00a0Entr\u00e9 en vigueur le 24\u00a0mars, <strong>l&rsquo;\u00e9tat d&rsquo;urgence sanitaire<\/strong>\u00a0permet notamment aux autorit\u00e9s de rendre obligatoire le port du masque dans les transports, ou encore d&rsquo;imposer une mise en quarantaine aux personnes entrant sur le territoire Fran\u00e7ais&#8230; Le gouvernement pourrait ainsi,\u00a0s&rsquo;il l&rsquo;estime n\u00e9cessaire,\u00a0<em>\u00ab\u00a0r\u00e9glementer ou interdire la circulation des personnes et des v\u00e9hicules\u00a0\u00bb<\/em>, ainsi que\u00a0<em>\u00ab\u00a0l&rsquo;acc\u00e8s aux moyens de transport et les conditions de leur usage\u00a0\u00bb <\/em>pr\u00e9cisent les services du Premier Ministre. L&rsquo;obligation du masque dans les transports publics pourrait\u00a0\u00eatre prolong\u00e9e et le texte pourrait donner\u00a0au premier ministre\u00a0<em>\u00ab\u00a0la possibilit\u00e9 d&rsquo;ordonner la fermeture provisoire et de r\u00e9glementer l&rsquo;ouverture, y compris les conditions d&rsquo;acc\u00e8s et de pr\u00e9sence, d&rsquo;une ou plusieurs cat\u00e9gories d&rsquo;\u00e9tablissements recevant du public ainsi que des lieux de r\u00e9union avec une jauge maximale\u00a0\u00bb.\u00a0<\/em>\u00a0Cette mesure pourrait concerner <strong>les\u00a0salles de spectacle, les restaurants, les cin\u00e9mas, les centres commerciaux,<\/strong> etc.<\/p>\n<p style=\"text-align: justify;\">Le 6 juin, le minist\u00e8re\u00a0de l&rsquo;Education nationale a donn\u00e9 des pr\u00e9cisions concernant le<strong> dispositif des \u00ab\u00a0<em>vacances apprenantes<\/em><\/strong>\u00ab\u00a0. Pour lutter contre le d\u00e9crochage scolaire suite aux deux mois de <a href=\"https:\/\/www.journaldesfemmes.fr\/societe\/actu\/2626059-confinement-du-17-mars-au-11-mai-la-france-assignee-a-domicile\/\" title=\"Confin\u00e9\">confinement<\/a>, les \u00e9l\u00e8ves pourront profiter de l&rsquo;\u00e9t\u00e9 en s&rsquo;instruisant.\u00a0Des <strong>\u00e9coles ouvertes<\/strong>\u00a0pourront ainsi accueillir 400\u00a0000 enfants \u00ab\u00a0<em>pour des activit\u00e9s de soutien scolaire, mais aussi des activit\u00e9s culturelles et sportives<\/em>\u00ab\u00a0, pr\u00e9cise le minist\u00e8re. Le gouvernement propose \u00e9galement les\u00a0\u00ab\u00a0<strong><em>\u00e9coles ouvertes buissonni\u00e8res<\/em>\u00ab\u00a0<\/strong> qui concerneront cette ann\u00e9e\u00a050\u00a0000 jeunes\u00a0qui seront \u00ab\u00a0<em>envoy\u00e9s dans des \u00e9coles ouvertes, mais \u00e0 la campagne ou en zone littorale \u00e0 la d\u00e9couverte de la nature et du patrimoine local, ou dans des mini-camps\u00a0\u00bb.\u00a0<\/em>Le dispositif pr\u00e9voit aussi la \u00ab\u00a0<em>mise \u00e0 disposition gratuite et sur demande d\u00e9but-juillet, pour tous les <strong>accueils de loisirs<\/strong>, de <strong>parcours p\u00e9dagogiques<\/strong> en ligne du CNED<\/em>\u00ab\u00a0. Une aide ponctuelle sera apport\u00e9e aux collectivit\u00e9s territoriales afin de leur permettre de faciliter l&rsquo;ouverture des accueils de loisirs, d&rsquo;augmenter leurs capacit\u00e9s d&rsquo;accueil ou de renforcer les contenus p\u00e9dagogiques.<\/p>\n<h3 style=\"text-align: justify;\"><a id=\"colonies-de-vacances-22-juin\" name=\"colonies-de-vacances-22-juin\" target=\"_blank\" rel=\"noopener noreferrer\">Colonies de vacances apprenantes : qu&rsquo;est-ce que c&rsquo;est ?<\/a><\/h3>\n<p>C&rsquo;est \u00e0 partir du 22\u00a0juin\u00a0que les <a href=\"https:\/\/www.journaldesfemmes.fr\/maman\/guide-des-parents\/1315597-colonies-de-vacances-2020\/\" target=\"_blank\" rel=\"noopener noreferrer\"><strong>colonies de vacances<\/strong><\/a> pourront accueillir de nouveau des enfants. Le gouvernement souhaite voir partir 250\u00a0000 enfants dont 200\u00a0000 issus des quartiers prioritaires en <strong>\u00ab\u00a0<em>colonies de vacances apprenantes<\/em>\u00ab\u00a0<\/strong>. Elles seront gratuites pour ce public prioritaire. Une plateforme sera mise en place le 12 juin pour permettre \u00e0 toutes les familles\u00a0de d\u00e9couvrir les structures situ\u00e9es pr\u00e8s de leur domicile et aux communes d&rsquo;inscrire des jeunes. \u00ab\u00a0<em>Les colonies apprenantes proposeront des activit\u00e9s ludiques et p\u00e9dagogiques qui permettront aux enfants de renforcer leurs savoirs et leurs comp\u00e9tences dans la perspective de la rentr\u00e9e<\/em>\u00ab\u00a0, indique le communiqu\u00e9 du minist\u00e8re de l&rsquo;Education nationale.<\/p>\n<table border=\"1\" cellpadding=\"1\" cellspacing=\"1\" style=\"width: 956px;\">\n<tbody>\n<tr>\n<td style=\"width: 955px;\">\n<h3>Des ch\u00e8ques vacances exceptionnels<\/h3>\n<p>Chaque ann\u00e9e, les Caisses d&rsquo;Allocation Familiales (CAF)\u00a0aident les personnes en situation de pr\u00e9carit\u00e9 \u00e0 partir en vacances. Cette ann\u00e9e, les personnels soignants et les salari\u00e9s mobilis\u00e9s durant la crise sanitaire vont aussi recevoir une aide de 300 euros sous la forme de ch\u00e8ques-vacances utilisables du 1er juillet au 31 d\u00e9cembre 2020 pr\u00e9cise le gouvernement.<\/p>\n<\/td>\n<\/tr>\n<\/tbody>\n<\/table>\n<p style=\"text-align: justify;\"><strong>Les h\u00e9bergements touristiques<\/strong>\u00a0comme les <strong>Villages vacances, les campings et les auberges<\/strong>\u00a0ont rouverts leurs portes le 2 juin dans les d\u00e9partements en zone verte, et le feront\u00a0<strong>le 22 juin dans les d\u00e9partements en zone orange (Mayotte, Guyane, Ile-de-France)<\/strong>.<\/p>\n<p>Cette ann\u00e9e, le gouvernement incite les Fran\u00e7ais \u00e0<strong>\u00a0partir en vacances en France.<\/strong>\u00a0\u00ab\u00a0<em>Lorsque les conditions sanitaires le permettront, je suis persuad\u00e9 que les Fran\u00e7ais auront \u00ab\u00a0envie de France\u00a0\u00bb et je souhaite qu&rsquo;ils puissent soutenir les h\u00f4teliers, restaurateurs, activit\u00e9s de loisirs, les sites patrimoniaux qui font la richesse de nos territoires<\/em>\u00ab\u00a0, avait d\u00e9clar\u00e9 Jean-Baptiste Lemoyne, secr\u00e9taire d&rsquo;Etat aux Affaires \u00e9trang\u00e8res, en charge\u00a0du Tourisme le 26\u00a0avril au Parisien.<\/p>\n<p style=\"text-align: justify;\">Les Fran\u00e7ais ont commenc\u00e9\u00a0\u00e0 <strong>r\u00e9server leurs vacances d&rsquo;\u00e9t\u00e9 en famille<\/strong>.\u00a0Depuis que le Premier ministre a annonc\u00e9 que les Fran\u00e7ais pourraient <strong>partir en vacances en juillet et en ao\u00fbt<\/strong>, en m\u00e9tropole ou dans les d\u00e9partements d&rsquo;outre mer, les<strong> locations de vacances<\/strong> sont prises d&rsquo;assaut et les <strong>r\u00e9servations de G\u00eetes de France<\/strong> ont consid\u00e9rablement augment\u00e9. Rappelons que les s\u00e9jours en France seront int\u00e9gralement rembours\u00e9s \u00ab\u00a0<em><strong>dans l&rsquo;hypoth\u00e8se o\u00f9 l&rsquo;\u00e9volution de l&rsquo;\u00e9pid\u00e9mie ne rendrait pas possible le d\u00e9part en vacances<\/strong>\u00ab\u00a0<\/em>, avait\u00a0pr\u00e9cis\u00e9 Edouard Philippe ce 14 mai.<\/p>\n<h3 style=\"text-align: justify;\"><a id=\"oui-sncf-reservation\" name=\"oui-sncf-reservation\">Les r\u00e9servations de train \u00e0 la SNCF<\/a><\/h3>\n<p style=\"text-align: justify;\">Depuis le 15\u00a0mai,\u00a0<strong>les r\u00e9servations des TGV et Intercit\u00e9s<\/strong> sont ouvertes pour les vacances d&rsquo;\u00e9t\u00e9 en France avec\u00a0un si\u00e8ge sur deux jusqu&rsquo;au 2 juin. Rappelons que\u00a0les billets de train r\u00e9serv\u00e9s sont \u00e9changeables et remboursables sans frais, en cette p\u00e9riode de coronavirus. <strong>D\u00e8s la mi juin, le trafic sera compl\u00e8tement normal <\/strong>a annonc\u00e9 le secr\u00e9taire d&rsquo;Etat aux transports ce 31 mai. \u00ab\u00a0<em>100 % de l&rsquo;offre de la SNCF sera commercialis\u00e9e \u00e0 partir de la mi-juin. (&#8230;) Nous enlevons la restriction d&rsquo;un si\u00e8ge sur deux\u00a0\u00bb<\/em>, a indique sur BFM TV Jean-Baptiste Djebbari qui a a demand\u00e9 \u00e0 la SNCF de \u00ab\u00a0<em>ma\u00eetriser ses tarifs<\/em>\u00a0\u00bb pendant l&rsquo;\u00e9t\u00e9. Site :\u00a0<a href=\"https:\/\/www.oui.sncf\/\" target=\"_blank\" rel=\"noopener noreferrer\">www.oui.sncf<\/a><\/p>\n<aside id=\"NL_1871841038\" class=\"newsletter_subscription jNlBlock\"><noscript><br \/>\n            <\/noscript><\/p>\n<h3 class=\"newsletter_subscription-title\">Newsletter <\/h3>\n<p><a href=\"\/\/mailing.ccmbg.com\/archive\/last-85\" target=\"_blank\" class=\"a_hover\" rel=\"noopener noreferrer\">Voir un exemple<\/a><\/p>\n<\/aside>\n<p style=\"text-align: justify;\">Jean-Michel Blanquer a r\u00e9affirm\u00e9 que <strong>les dates des vacances scolaires ne seraient pas chang\u00e9es<\/strong>. \u00ab\u00a0<em>Dans une p\u00e9riode o\u00f9 tout change, il est important de maintenir certains rep\u00e8res<\/em>\u00a0\u00bb a d\u00e9clar\u00e9 le ministre de l&rsquo;Education ce 29\u00a0avril sur BFMTV.\u00a0Les vacances d&rsquo;\u00e9t\u00e9 auront donc lieu du 4\u00a0juillet au 1er septembre 2020. Les dates sont\u00a0communes \u00e0 toutes les <strong>zones A, B ou C<\/strong>\u00a0et les vacances d&rsquo;\u00e9t\u00e9 se terminent alors le\u00a0<strong>jour de la <a href=\"https:\/\/www.journaldesfemmes.fr\/maman\/enfant\/1849367-rentree-scolaire-septembre-2020\/\" target=\"_blank\" rel=\"noopener noreferrer\">rentr\u00e9e des classes,<\/a><\/strong><a href=\"https:\/\/www.journaldesfemmes.fr\/maman\/enfant\/1849367-rentree-scolaire-septembre-2020\/\" target=\"_blank\" rel=\"noopener noreferrer\"> le mardi 1er septembre 2020<\/a>.<\/p>\n<table align=\"center\" border=\"1\" cellpadding=\"1\" cellspacing=\"1\" dir=\"ltr\" style=\"width:95%;\">\n<tbody>\n<tr>\n<td style=\"width: 105px;\">\n<p style=\"text-align: justify;\">Zone A<\/p>\n<\/td>\n<td style=\"width: 385px; text-align: justify;\">Besan\u00e7on, Bordeaux, Clermont-Ferrand, Dijon, Grenoble, Limoges, Lyon, Poitiers<\/td>\n<td style=\"width: 456px; text-align: justify;\">Du 4 juillet au 1er septembre 2020<\/td>\n<\/tr>\n<tr>\n<td style=\"width: 105px; text-align: justify;\">Zone B<\/td>\n<td style=\"width: 385px; text-align: justify;\">Aix-Marseille, Amiens, Caen, Lille, Nancy-Metz, Nantes, Nice, Orl\u00e9ans-Tours, Reims, Rennes, Rouen, Strasbourg<\/td>\n<td style=\"width: 456px; text-align: justify;\">Du 4\u00a0juillet au 1er septembre 2020<\/td>\n<\/tr>\n<tr>\n<td style=\"width: 105px; text-align: justify;\">Zone C<\/td>\n<td style=\"width: 385px; text-align: justify;\">Cr\u00e9teil, Montpellier, Paris, Toulouse, Versailles<\/td>\n<td style=\"width: 456px; text-align: justify;\">Du 4\u00a0juillet au 1er septembre 2020<\/td>\n<\/tr>\n<\/tbody>\n<\/table>\n<table align=\"center\" border=\"1\" cellpadding=\"1\" cellspacing=\"1\" dir=\"ltr\" style=\"width:95%;\">\n<tbody>\n<tr>\n<td style=\"width: 105px;\">\n<p style=\"text-align: justify;\">Zone A<\/p>\n<\/td>\n<td style=\"width: 385px; text-align: justify;\">Besan\u00e7on, Bordeaux, Clermont-Ferrand, Dijon, Grenoble, Limoges, Lyon, Poitiers<\/td>\n<td style=\"width: 456px; text-align: justify;\">A partir du 6 juillet 2021<\/td>\n<\/tr>\n<tr>\n<td style=\"width: 105px; text-align: justify;\">Zone B<\/td>\n<td style=\"width: 385px; text-align: justify;\">Aix-Marseille, Amiens, Caen, Lille, Nancy-Metz, Nantes, Nice, Orl\u00e9ans-Tours, Reims, Rennes, Rouen, Strasbourg<\/td>\n<td style=\"width: 456px; text-align: justify;\">A partir du 6\u00a0juillet 2021<\/td>\n<\/tr>\n<tr>\n<td style=\"width: 105px; text-align: justify;\">Zone C<\/td>\n<td style=\"width: 385px; text-align: justify;\">Cr\u00e9teil, Montpellier, Paris, Toulouse, Versailles<\/td>\n<td style=\"width: 456px; text-align: justify;\">A partir du 6\u00a0juillet 2021<\/td>\n<\/tr>\n<\/tbody>\n<\/table>\n<\/div>\n<p>[ad_2]<br \/>\n<br \/><a href=\"https:\/\/www.journaldesfemmes.fr\/maman\/guide-sorties-en-famille\/2613085-vacances-d-ete-2020-covid\/\">Source link <\/a><\/p>\n","protected":false},"excerpt":{"rendered":"<p>[ad_1] Dans quel pays pourra-t-on voyager cet \u00e9t\u00e9\u00a0? Ce jeudi, la commission europ\u00e9enne r\u00e9clame la lev\u00e9e des restrictions au sein &hellip; <a href=\"http:\/\/www.affinite.fr\/index.php\/2020\/06\/11\/reouverture-des-frontieres-ou-partir-en-famille\/\" class=\"more-link\">Plus <span class=\"screen-reader-text\">r\u00e9ouverture des fronti\u00e8res, o\u00f9 partir en famille\u00a0?<\/span> <span class=\"meta-nav\">&rarr;<\/span><\/a><\/p>\n","protected":false},"author":1,"featured_media":3900,"comment_status":"open","ping_status":"open","sticky":false,"template":"","format":"standard","meta":{"_sitemap_exclude":false,"_sitemap_priority":"","_sitemap_frequency":"","footnotes":""},"categories":[1],"tags":[],"class_list":["post-3899","post","type-post","status-publish","format-standard","has-post-thumbnail","hentry","category-tous"],"_links":{"self":[{"href":"http:\/\/www.affinite.fr\/index.php\/wp-json\/wp\/v2\/posts\/3899"}],"collection":[{"href":"http:\/\/www.affinite.fr\/index.php\/wp-json\/wp\/v2\/posts"}],"about":[{"href":"http:\/\/www.affinite.fr\/index.php\/wp-json\/wp\/v2\/types\/post"}],"author":[{"embeddable":true,"href":"http:\/\/www.affinite.fr\/index.php\/wp-json\/wp\/v2\/users\/1"}],"replies":[{"embeddable":true,"href":"http:\/\/www.affinite.fr\/index.php\/wp-json\/wp\/v2\/comments?post=3899"}],"version-history":[{"count":0,"href":"http:\/\/www.affinite.fr\/index.php\/wp-json\/wp\/v2\/posts\/3899\/revisions"}],"wp:featuredmedia":[{"embeddable":true,"href":"http:\/\/www.affinite.fr\/index.php\/wp-json\/wp\/v2\/media\/3900"}],"wp:attachment":[{"href":"http:\/\/www.affinite.fr\/index.php\/wp-json\/wp\/v2\/media?parent=3899"}],"wp:term":[{"taxonomy":"category","embeddable":true,"href":"http:\/\/www.affinite.fr\/index.php\/wp-json\/wp\/v2\/categories?post=3899"},{"taxonomy":"post_tag","embeddable":true,"href":"http:\/\/www.affinite.fr\/index.php\/wp-json\/wp\/v2\/tags?post=3899"}],"curies":[{"name":"wp","href":"https:\/\/api.w.org\/{rel}","templated":true}]}}