{"id":3889,"date":"2020-06-11T10:27:52","date_gmt":"2020-06-11T10:27:52","guid":{"rendered":"https:\/\/www.affinite.fr\/index.php\/2020\/06\/11\/son-poids-lourd-electrique-lambitieux-semi-entre-enfin-en-production\/"},"modified":"2020-06-11T10:27:52","modified_gmt":"2020-06-11T10:27:52","slug":"son-poids-lourd-electrique-lambitieux-semi-entre-enfin-en-production","status":"publish","type":"post","link":"http:\/\/www.affinite.fr\/index.php\/2020\/06\/11\/son-poids-lourd-electrique-lambitieux-semi-entre-enfin-en-production\/","title":{"rendered":"son poids lourd \u00e9lectrique, l&rsquo;ambitieux Semi, entre enfin en production"},"content":{"rendered":"<p> [ad_1]<br \/>\n<\/p>\n<div itemprop=\"articleBody\">\n<p>\u00c0 force de regarder le <a href=\"https:\/\/www.01net.com\/actualites\/nouveau-roadster-tesla-devoile-un-monstre-de-puissance-electrique-1306463.html\" target=\"_blank\" rel=\"noopener noreferrer\">Roadster<\/a> avec de\u00a0grands yeux, on en oublie que le projet le plus critique de Tesla est sans doute son Semi. Dans un email interne relay\u00e9 par l\u2019agence <em>Reuters<\/em>, Elon Musk explique que <a href=\"https:\/\/www.01net.com\/actualites\/tesla-presente-son-semi-le-camion-electrique-de-tous-les-superlatifs-1306020.html\" target=\"_blank\" rel=\"noopener noreferrer\">le poids lourd 100% \u00e9lectrique de la marque<\/a> est sur le point d\u2019entrer en production. Interrog\u00e9 sur Twitter, le patron a confirm\u00e9 l\u2019exactitude du document et par la m\u00eame occasion la production imminente du Semi.<\/p>\n<p>Cette derni\u00e8re phase, qui pr\u00e9c\u00e8de la commercialisation, avait pris du retard en raison de la pand\u00e9mie de Covid-19 et de <a href=\"https:\/\/www.01net.com\/actualites\/coronavirus-tesla-va-rouvrir-la-gigafactory-de-new-york-pour-fabriquer-des-respirateurs-artificiels-1882458.html\" target=\"_blank\" rel=\"noopener noreferrer\">l\u2019arr\u00eat d\u2019activit\u00e9 des sites de production<\/a>. Ce n\u2019est d\u2019ailleurs pas un hasard si, dans le courrier interne, Elon Musk \u00e9voque la Gigafactory 1 puisque c\u2019est dans le Nevada que \u00ab\u00a0la production de la batterie et du groupe motopropulseur aura lieu\u00a0\u00bb. Le reste de la conception sera partag\u00e9 \u00ab\u00a0entre les autres \u00e9tats\u00a0\u00bb, pr\u00e9cise-t-il. Bien que l\u2019entr\u00e9e sur les lignes de montage soit imminente, ni Musk, ni Tesla de mani\u00e8re g\u00e9n\u00e9rale ne se sont engag\u00e9s sur un nouveau calendrier de livraison.\u00a0Et pour cause, les pr\u00e9c\u00e9dentes dates \u00e9voqu\u00e9es pour le lancement du Semi ont \u00e9t\u00e9 report\u00e9es \u00e0 plusieurs reprises. le lancement de Semi, qui devait initialement\u00a0prendre la route en 2019, a d\u2019abord \u00e9t\u00e9 repouss\u00e9 \u00e0 2020, avant d\u2019\u00eatre renvoy\u00e9, en avril dernier,\u00a0\u00e0 2021.<\/p>\n<h3 style=\"color:#333; font-family:arial,helvetica,sans-serif; font-size:23px; font-weight:700\">Un march\u00e9 \u00e0 conqu\u00e9rir<\/h3>\n<p>D\u00e9voil\u00e9 en 2017, le camion \u00e9lectrique de Tesla est un projet ultra ambitieux qui veut redessiner l\u2019industrie des poids lourds. L\u2019objectif premier est bien s\u00fbr de remplacer des v\u00e9hicules tr\u00e8s polluants par des camions plus \u00ab\u00a0propres\u00a0\u00bb, mais fid\u00e8le \u00e0 ses principes Tesla n\u2019envisage pas cette transition sans un gain en performances. Ainsi, le moteur \u00e9lectrique du Semi devrait lui permettre d\u2019atteindre le 0 \u00e0 100 km\/h en 25 secondes, l\u00e0 o\u00f9 la plupart des poids lourds \u00e0 motorisation thermique demandent une minute.<\/p>\n<figure class=\"figure text-center\"><img decoding=\"async\" class=\"article-img img-responsive-l\" src=\"https:\/\/img.bfmtv.com\/c\/0\/708\/8b1\/b79885e1cb5b6b6dd4820b502b7c2.jpg\" alt=\"\"\/><figcaption class=\"figure-caption figcaption color-txt-0 title-xs hidden-xs\">\n                                    Tesla<br \/>\n                                                    &#8211; L&rsquo;habitacle du Semi.<br \/>\n                            <\/figcaption><\/figure>\n<p>Enfin, comme pour l\u2019habitacle des Model S et autres Model 3, l\u2019int\u00e9rieur du poids lourd a \u00e9t\u00e9 enti\u00e8rement repens\u00e9. La cabine telle que l\u2019imagine Tesla, place le conducteur au centre d\u2019un immense tableau de bord entour\u00e9 de deux larges \u00e9crans.<\/p>\n<aside class=\"bg-color-0 padding-inside-all-s bloc border-s\">\n<h4 class=\"box-txt-normal\">\n<p><strong>\u00c0 d\u00e9couvrir aussi en vid\u00e9o :<\/strong><\/p>\n<\/h4>\n<\/aside>\n<p>Tesla s\u2019est largement illustr\u00e9 sur le march\u00e9 grand public avec des <a href=\"https:\/\/www.01net.com\/actualites\/tesla-model-3-la-voiture-electrique-la-plus-vendue-au-monde-en-2019-1833933.html\" target=\"_blank\" rel=\"noopener noreferrer\">mod\u00e8les qui portent les ventes de la cat\u00e9gorie \u00e9lectrique<\/a>, mais le march\u00e9 du poids lourd, notamment aux Etats-Unis constitue un \u00e9norme enjeu et une manne financi\u00e8re tr\u00e8s importante. Dans cette course, Tesla va avoir fort \u00e0 faire puisqu\u2019il lui faudra se mesurer \u00e0\u00a0Volvo, qui a, lui aussi, d\u00e9cid\u00e9 de r\u00e9volutionner le secteur et dont les camions \u00e9lectriques roulent d\u00e9j\u00e0.<\/p>\n<\/p><\/div>\n<p><script>\n         !function(f,b,e,v,n,t,s){if(f.fbq)return;n=f.fbq=function()\n         {n.callMethod? n.callMethod.apply(n,arguments):n.queue.push(arguments)}\n         ;if(!f._fbq)f._fbq=n;\n             n.push=n;n.loaded=!0;n.version='2.0';n.queue=[];t=b.createElement(e);t.async=!0;\n             t.src=v;s=b.getElementsByTagName(e)[0];s.parentNode.insertBefore(t,s)}(window,\n                 document,'script','https:\/\/connect.facebook.net\/en_US\/fbevents.js');\n         fbq('init', '1065890633454496');\n         fbq('track', 'PageView');\n     <\/script><br \/>\n<br \/>[ad_2]<br \/>\n<br \/><a href=\"https:\/\/www.01net.com\/actualites\/tesla-son-poids-lourd-electrique-l-ambitieux-semi-entre-enfin-en-production-1931265.html\">Source link <\/a><\/p>\n","protected":false},"excerpt":{"rendered":"<p>[ad_1] \u00c0 force de regarder le Roadster avec de\u00a0grands yeux, on en oublie que le projet le plus critique de &hellip; <a href=\"http:\/\/www.affinite.fr\/index.php\/2020\/06\/11\/son-poids-lourd-electrique-lambitieux-semi-entre-enfin-en-production\/\" class=\"more-link\">Plus <span class=\"screen-reader-text\">son poids lourd \u00e9lectrique, l&rsquo;ambitieux Semi, entre enfin en production<\/span> <span class=\"meta-nav\">&rarr;<\/span><\/a><\/p>\n","protected":false},"author":1,"featured_media":3890,"comment_status":"open","ping_status":"open","sticky":false,"template":"","format":"standard","meta":{"_sitemap_exclude":false,"_sitemap_priority":"","_sitemap_frequency":"","footnotes":""},"categories":[1],"tags":[],"class_list":["post-3889","post","type-post","status-publish","format-standard","has-post-thumbnail","hentry","category-tous"],"_links":{"self":[{"href":"http:\/\/www.affinite.fr\/index.php\/wp-json\/wp\/v2\/posts\/3889"}],"collection":[{"href":"http:\/\/www.affinite.fr\/index.php\/wp-json\/wp\/v2\/posts"}],"about":[{"href":"http:\/\/www.affinite.fr\/index.php\/wp-json\/wp\/v2\/types\/post"}],"author":[{"embeddable":true,"href":"http:\/\/www.affinite.fr\/index.php\/wp-json\/wp\/v2\/users\/1"}],"replies":[{"embeddable":true,"href":"http:\/\/www.affinite.fr\/index.php\/wp-json\/wp\/v2\/comments?post=3889"}],"version-history":[{"count":0,"href":"http:\/\/www.affinite.fr\/index.php\/wp-json\/wp\/v2\/posts\/3889\/revisions"}],"wp:featuredmedia":[{"embeddable":true,"href":"http:\/\/www.affinite.fr\/index.php\/wp-json\/wp\/v2\/media\/3890"}],"wp:attachment":[{"href":"http:\/\/www.affinite.fr\/index.php\/wp-json\/wp\/v2\/media?parent=3889"}],"wp:term":[{"taxonomy":"category","embeddable":true,"href":"http:\/\/www.affinite.fr\/index.php\/wp-json\/wp\/v2\/categories?post=3889"},{"taxonomy":"post_tag","embeddable":true,"href":"http:\/\/www.affinite.fr\/index.php\/wp-json\/wp\/v2\/tags?post=3889"}],"curies":[{"name":"wp","href":"https:\/\/api.w.org\/{rel}","templated":true}]}}