{"id":3881,"date":"2020-06-11T06:24:06","date_gmt":"2020-06-11T06:24:06","guid":{"rendered":"https:\/\/www.affinite.fr\/index.php\/2020\/06\/11\/la-5g-ne-servira-a-rien-sur-un-smartphone-jusquen-2023-selon-bouygues-telecom\/"},"modified":"2020-06-11T06:24:06","modified_gmt":"2020-06-11T06:24:06","slug":"la-5g-ne-servira-a-rien-sur-un-smartphone-jusquen-2023-selon-bouygues-telecom","status":"publish","type":"post","link":"http:\/\/www.affinite.fr\/index.php\/2020\/06\/11\/la-5g-ne-servira-a-rien-sur-un-smartphone-jusquen-2023-selon-bouygues-telecom\/","title":{"rendered":"La 5G ne servira \u00e0 rien sur un smartphone jusqu\u2019en 2023, selon Bouygues Telecom"},"content":{"rendered":"<p> [ad_1]<br \/>\n<br \/><img decoding=\"async\" src=\"https:\/\/img.bfmtv.com\/i\/0\/0\/c99\/0b736a9d8aa7df2e2e2c4d9487c19.jpeg\" \/><\/p>\n<div itemprop=\"articleBody\">\n<p>Un op\u00e9rateur qui descend une technologie de t\u00e9l\u00e9phonie mobile, c\u2019est rare. Bouygues Telecom est-il en train de se tirer une balle dans le pied en d\u00e9nigrant \u00e0 tout va <a href=\"https:\/\/www.01net.com\/actualites\/5g-pourquoi-ce-futur-standard-va-revolutionner-la-telephonie-mobile-1514955.html\" target=\"_blank\" rel=\"noopener noreferrer\">la 5G <\/a>depuis plusieurs semaines\u00a0?<\/p>\n<p>Martin Bouygues, PDG du groupe du m\u00eame nom, a d\u2019abord l\u00e2ch\u00e9 des d\u00e9clarations fracassantes dans la presse \u00e9crite <a href=\"https:\/\/www.01net.com\/actualites\/pour-bouygues-la-5g-n-est-plus-une-urgence-1920625.html\" target=\"_blank\" rel=\"noopener noreferrer\">en r\u00e9clamant le report des ench\u00e8res des fr\u00e9quences \u00e0 d\u00e9but 2021<\/a>. Devant la fin de non recevoir de la secr\u00e9taire d\u2019Etat Agn\u00e8s Pannier-Runacher, qui veut <a href=\"https:\/\/www.01net.com\/actualites\/le-gouvernement-refuse-de-repousser-la-5g-1926891.html\" target=\"_blank\" rel=\"noopener noreferrer\">maintenir la date au plus tard en septembre<\/a>, il a tent\u00e9 un ultime coup de pression lors d\u2019une audition au S\u00e9nat ce mercredi. Il \u00e9tait accompagn\u00e9 d\u2019Olivier Roussat, pr\u00e9sident de Bouygues Telecom, et de Didier Casas, directeur g\u00e9n\u00e9ral adjoint de l\u2019op\u00e9rateur.<\/p>\n<h3 style=\"color:#333; font-family:arial,helvetica,sans-serif; font-size:23px; font-weight:700\">La 5G ne va rien changer jusqu&rsquo;en 2023<\/h3>\n<p>Premier argument qui bat en br\u00e8che l\u2019id\u00e9e d\u2019une urgence \u00e0 d\u00e9ployer la 5G, cette technologie n\u2019apporterait presque rien dans les premiers temps.<\/p>\n<blockquote>\n<p><em>\u00ab\u00a0 Les clients verront un 5 au lieu d\u2019un 4 s\u2019afficher sur leur smartphone. Il se diront que c\u2019est mieux. Mais est-ce que \u00e7a va changer quelque chose pour eux au quotidien\u00a0? (..) Cela ne va rien changer. Cela va donner une vitesse un poil plus rapide (..) Mais il n\u2019y aura aucune \u00e9volution dans la premi\u00e8re partie de la 5G entre maintenant et 2023\u00a0\u00bb<\/em>, a d\u00e9clar\u00e9 Olivier Roussat.<\/p>\n<\/blockquote>\n<p>Tout juste Martin Bouygues a-t-il conc\u00e9d\u00e9 la capacit\u00e9 de la 5G \u00e0 soulager le r\u00e9seau 4G. \u00a0<\/p>\n<blockquote>\n<p><em>\u00ab\u00a0 La 5G que les op\u00e9rateurs vont d\u00e9ployer dans un premier temps n\u2019aura pour seul int\u00e9r\u00eat que de permettre une \u00e9ventuelle d\u00e9saturation tr\u00e8s locale des r\u00e9seaux mobiles 4G, ce qui est peu le cas encore. Cela servira donc dans les grands centres urbains et de fa\u00e7on tr\u00e8s ponctuelle lorsqu\u2019il y a beaucoup de trafic mobile pour rendre les communications plus fluides\u00a0\u00bb<\/em>, a d\u00e9taill\u00e9 le PDG.<\/p>\n<\/blockquote>\n<p>Les vrais changements sont attendus en 2023 avec la seconde normalisation de la 5G et l\u2019arriv\u00e9e de nouveaux \u00e9quipements et d\u2019une modification de l\u2019architecture r\u00e9seau des op\u00e9rateurs.<\/p>\n<blockquote>\n<p style=\"text-align:left\"><em>\u00ab\u00a0Tous les services dont on nous parle qui vont r\u00e9volutionner l\u2019industrie arriveront en France en 2023\u00a0\u00bb<\/em>, a soulign\u00e9 Olivier Roussat.<\/p>\n<\/blockquote>\n<p>Didier Casas, lui, s\u2019est \u00e9mu que le gouvernement lance des ench\u00e8res avant m\u00eame <a href=\"https:\/\/www.01net.com\/actualites\/on-saura-si-la-5g-est-dangereuse-pour-la-sante-apres-son-deploiement-1847840.html\" target=\"_blank\" rel=\"noopener noreferrer\">les conclusions de l\u2019Anses concernant les effets de la 5G<\/a> sur la sant\u00e9. Martin Bouygues a insist\u00e9, enfin, sur les r\u00e9actions de plus en plus n\u00e9gatives des Fran\u00e7ais, appelant \u00e0 lancer un grand d\u00e9bat public sur la question avant les ench\u00e8res.<\/p>\n<aside class=\"bg-color-0 padding-inside-all-s bloc border-s\">\n<h4 class=\"box-txt-normal\">\n<p><strong>A d\u00e9couvrir aussi en vid\u00e9o<\/strong><\/p>\n<\/h4>\n<\/aside>\n<h3 style=\"color:#333; font-family:arial,helvetica,sans-serif; font-size:23px; font-weight:700\">Faire peser la couverture du territoire dans la balance<\/h3>\n<p>Bouygues Telecom a \u00e9videmment \u00ab\u00a0oubli\u00e9\u00a0\u00bb de signaler qu\u2019il a aussi tout int\u00e9r\u00eat \u00e0 ce que la proc\u00e9dure soit repouss\u00e9e tant qu\u2019il n\u2019a pas obtenu de <a href=\"https:\/\/www.01net.com\/actualites\/on-saura-si-la-5g-est-dangereuse-pour-la-sante-apres-son-deploiement-1847840.html\" target=\"_blank\" rel=\"noopener noreferrer\">r\u00e9ponse de l\u2019ANSSI<\/a> sur la possibilit\u00e9 d\u2019utiliser du mat\u00e9riel de l\u2019\u00e9quipementier chinois Huawei. Si le bannissement \u00e9tait prononc\u00e9, l\u2019op\u00e9rateur r\u00e9clamerait alors un d\u00e9dommagement au gouvernement, puisque cela l\u2019obligerait \u00e0 <a href=\"https:\/\/www.01net.com\/actualites\/on-saura-si-la-5g-est-dangereuse-pour-la-sante-apres-son-deploiement-1847840.html\" target=\"_blank\" rel=\"noopener noreferrer\">changer toutes ses installations Huawei 4G<\/a> qui ne seront pas compatibles avec la 5G un autre \u00e9quipementier.<\/p>\n<p>Outre cet expos\u00e9, Bouygues Telecom n\u2019a pas h\u00e9sit\u00e9 \u00e0 faire planer une menace. Son id\u00e9e \u00e9tait de proposer un New Deal 2 permettant d\u2019achever la couverture mobile du territoire, le <a href=\"https:\/\/www.01net.com\/actualites\/on-saura-si-la-5g-est-dangereuse-pour-la-sante-apres-son-deploiement-1847840.html\" target=\"_blank\" rel=\"noopener noreferrer\">premier New Deal <\/a>s\u2019av\u00e9rant finalement insuffisant en nombre de sites. En \u00e9change, les op\u00e9rateurs auraient obtenu une r\u00e9duction du prix des ench\u00e8res 5G. Puisque que cette option a \u00e9t\u00e9 \u00e9cart\u00e9e prestement par Bercy, l\u2019op\u00e9rateur avertit qu\u2019il ne sera pas question, dans ces conditions, de faire <a href=\"https:\/\/www.01net.com\/actualites\/renforcer-le-reseau-mobile-une-priorite-apres-le-confinement-1904404.html\" target=\"_blank\" rel=\"noopener noreferrer\">un effort de d\u00e9ploiement 4G<\/a> au-del\u00e0 de ce qui \u00e9tait pr\u00e9vu par le New Deal. Or, le confinement et le t\u00e9l\u00e9travail ont montr\u00e9 les failles du r\u00e9seau mobile en France qui reste insuffisant. C&rsquo;est \u00e9ventuellement un argument auquel le gouvernement pourrait se montrer sensible.<\/p>\n<p>On attend maintenant les r\u00e9actions de l&rsquo;Arcep, qui devrait annoncer la nouvelle date des ench\u00e8res ce jeudi.<\/p>\n<\/p><\/div>\n<p><script>\n         !function(f,b,e,v,n,t,s){if(f.fbq)return;n=f.fbq=function()\n         {n.callMethod? n.callMethod.apply(n,arguments):n.queue.push(arguments)}\n         ;if(!f._fbq)f._fbq=n;\n             n.push=n;n.loaded=!0;n.version='2.0';n.queue=[];t=b.createElement(e);t.async=!0;\n             t.src=v;s=b.getElementsByTagName(e)[0];s.parentNode.insertBefore(t,s)}(window,\n                 document,'script','https:\/\/connect.facebook.net\/en_US\/fbevents.js');\n         fbq('init', '1065890633454496');\n         fbq('track', 'PageView');\n     <\/script><br \/>\n<br \/>[ad_2]<br \/>\n<br \/><a href=\"https:\/\/www.01net.com\/actualites\/la-5g-ne-servira-a-rien-sur-un-smartphone-jusqu-en-2023-selon-bouygues-telecom-1930755.html\">Source link <\/a><\/p>\n","protected":false},"excerpt":{"rendered":"<p>[ad_1] Un op\u00e9rateur qui descend une technologie de t\u00e9l\u00e9phonie mobile, c\u2019est rare. Bouygues Telecom est-il en train de se tirer &hellip; <a href=\"http:\/\/www.affinite.fr\/index.php\/2020\/06\/11\/la-5g-ne-servira-a-rien-sur-un-smartphone-jusquen-2023-selon-bouygues-telecom\/\" class=\"more-link\">Plus <span class=\"screen-reader-text\">La 5G ne servira \u00e0 rien sur un smartphone jusqu\u2019en 2023, selon Bouygues Telecom<\/span> <span class=\"meta-nav\">&rarr;<\/span><\/a><\/p>\n","protected":false},"author":1,"featured_media":3882,"comment_status":"open","ping_status":"open","sticky":false,"template":"","format":"standard","meta":{"_sitemap_exclude":false,"_sitemap_priority":"","_sitemap_frequency":"","footnotes":""},"categories":[1],"tags":[],"class_list":["post-3881","post","type-post","status-publish","format-standard","has-post-thumbnail","hentry","category-tous"],"_links":{"self":[{"href":"http:\/\/www.affinite.fr\/index.php\/wp-json\/wp\/v2\/posts\/3881"}],"collection":[{"href":"http:\/\/www.affinite.fr\/index.php\/wp-json\/wp\/v2\/posts"}],"about":[{"href":"http:\/\/www.affinite.fr\/index.php\/wp-json\/wp\/v2\/types\/post"}],"author":[{"embeddable":true,"href":"http:\/\/www.affinite.fr\/index.php\/wp-json\/wp\/v2\/users\/1"}],"replies":[{"embeddable":true,"href":"http:\/\/www.affinite.fr\/index.php\/wp-json\/wp\/v2\/comments?post=3881"}],"version-history":[{"count":0,"href":"http:\/\/www.affinite.fr\/index.php\/wp-json\/wp\/v2\/posts\/3881\/revisions"}],"wp:featuredmedia":[{"embeddable":true,"href":"http:\/\/www.affinite.fr\/index.php\/wp-json\/wp\/v2\/media\/3882"}],"wp:attachment":[{"href":"http:\/\/www.affinite.fr\/index.php\/wp-json\/wp\/v2\/media?parent=3881"}],"wp:term":[{"taxonomy":"category","embeddable":true,"href":"http:\/\/www.affinite.fr\/index.php\/wp-json\/wp\/v2\/categories?post=3881"},{"taxonomy":"post_tag","embeddable":true,"href":"http:\/\/www.affinite.fr\/index.php\/wp-json\/wp\/v2\/tags?post=3881"}],"curies":[{"name":"wp","href":"https:\/\/api.w.org\/{rel}","templated":true}]}}