{"id":3871,"date":"2020-06-11T01:11:19","date_gmt":"2020-06-11T01:11:19","guid":{"rendered":"https:\/\/www.affinite.fr\/index.php\/2020\/06\/11\/le-senat-adopte-le-blocage-des-sites-pornos-pour-les-mineurs\/"},"modified":"2020-06-11T01:11:19","modified_gmt":"2020-06-11T01:11:19","slug":"le-senat-adopte-le-blocage-des-sites-pornos-pour-les-mineurs","status":"publish","type":"post","link":"http:\/\/www.affinite.fr\/index.php\/2020\/06\/11\/le-senat-adopte-le-blocage-des-sites-pornos-pour-les-mineurs\/","title":{"rendered":"Le S\u00e9nat adopte le blocage des sites pornos pour les mineurs"},"content":{"rendered":"<p> [ad_1]<br \/>\n<br \/><img decoding=\"async\" src=\"https:\/\/img.bfmtv.com\/i\/0\/0\/a4a\/6a2f4e2078a91dbbff67f375ea0b6.jpeg\" \/><\/p>\n<div itemprop=\"articleBody\">\n<p>Le S\u00e9nat a adopt\u00e9, mardi 9 juin, la <a href=\"https:\/\/www.senat.fr\/petite-loi-ameli\/2019-2020\/483.html\" target=\"_blank\" rel=\"noopener noreferrer\">proposition de loi visant \u00e0 prot\u00e9ger les victimes de\u00a0violences conjugales<\/a>, et avec elle, l&rsquo;interdiction pour les personnes de moins de 18 ans d\u2019acc\u00e9der aux sites pornographiques. Cela par le biais d&rsquo;un amendement, d\u00e9pos\u00e9 par la s\u00e9natrice Marie Mercier (LR), qui oblige les sites pour adultes \u00e0 v\u00e9rifier l&rsquo;\u00e2ge de leurs visiteurs. Fini, le simple pop-up \u00ab\u00a0<em>j\u2019ai 18 ans\u00a0ou plus<\/em>\u00a0\u00bb. Les sites devront \u00eatre en capacit\u00e9 de v\u00e9rifier que vous \u00eates bien majeur.\u00a0<\/p>\n<h3 style=\"color:#333; font-family:arial,helvetica,sans-serif; font-size:23px; font-weight:700\">Le CSA aux\u00a0commandes<\/h3>\n<p>Comment ? Ce n&rsquo;est pas\u00a0tr\u00e8s clair.\u00a0<a href=\"https:\/\/www.senat.fr\/amendements\/2019-2020\/483\/Amdt_92.html\" target=\"_blank\" rel=\"noopener noreferrer\">L&rsquo;amendement<\/a> \u00e9voque l&rsquo;utilisation possible par les sites pornos\u00a0d&rsquo;une v\u00e9rification par carte bancaire&#8230; ou par le biais du dispositif France Connect, con\u00e7u pour s&rsquo;identifier sur les sites des services publics !\u00a0<\/p>\n<p>Si un tel proc\u00e9d\u00e9 n\u2019est pas mis en place, le CSA pourra mettre en demeure le site en question de le faire, sous quinze jours. Si le contenu est toujours accessible pass\u00e9 ce d\u00e9lai, il pourra alors saisir le tribunal judiciaire de Paris afin d&rsquo;ordonner aux fournisseurs d\u2019acc\u00e8s \u00e0 Internet\u00a0de bloquer l&rsquo;acc\u00e8s au site. Par ailleurs, l&rsquo;amendement donne aussi le pouvoir au CSA de\u00a0\u00ab <em>faire cesser le r\u00e9f\u00e9rencement du service de communication en ligne par un moteur de recherche\u00a0<\/em>\u00bb.\u00a0<\/p>\n<aside class=\"bg-color-0 padding-inside-all-s bloc border-s\">\n<h4 class=\"box-txt-normal\">\n<p><strong>aLes r\u00e9seaux sociaux se moquent d\u00e9j\u00e0<\/strong><\/p>\n<\/h4>\n<div class=\"\">\n<p>La nouvelle du blocage des sites XXX pour les mineurs s&rsquo;est tr\u00e8s vite r\u00e9pandue sur les r\u00e9seaux sociaux. A l&rsquo;heure o\u00f9 nous \u00e9crivons ces lignes, le mot di\u00e8se #NordVPN est d&rsquo;ailleurs \u00ab tendance\u00a0\u00bb sur Twitter. De nombreux internautes s&rsquo;amusent de cette future \u00ab censure \u00bb. Et en profitent pour \u00e9voquer le service de VPN cher aux youtubeurs, qui d&rsquo;apr\u00e8s eux se frotte d\u00e9j\u00e0 les mains.<\/p>\n<blockquote class=\"twitter-tweet\">\n<p lang=\"fr\" dir=\"ltr\">Le S\u00e9nat : *prend des mesures pour limiter l&rsquo;acc\u00e8s au porno chez les mineurs*<\/p>\n<p>NordVPN : <a href=\"https:\/\/t.co\/T1Sa1X5LJn\">pic.twitter.com\/T1Sa1X5LJn<\/a><\/p>\n<p>\u2014 ?????\u0308 ????????? (@livai_real) <a href=\"https:\/\/twitter.com\/livai_real\/status\/1270647973517701120?ref_src=twsrc%5Etfw\">June 10, 2020<\/a><\/p><\/blockquote>\n<p>Impossible en effet de maintenir un blocage des sites pornographiques si un internaute utilise un VPN ou un service alternatif de DNS. Sacr\u00e9 casse-t\u00eate en perspective&#8230;\u00a0<\/p>\n<\/div>\n<\/aside>\n<h3 style=\"color:#333;font-family:arial,helvetica,sans-serif;font-size:23px;font-weight:700;\">Une \u00e9volution n\u00e9cessaire ?\u00a0<\/h3>\n<p>Les supports\u00a0qui diffusent des images pornographiques susceptibles d\u2019\u00eatre vues par un mineur encourent d\u00e9j\u00e0 jusqu&rsquo;\u00e0 trois ans d\u2019emprisonnement et 75 000 euros d&rsquo;amende. Mais en pratique, \u00ab <em>cet article n\u2019est pas appliqu\u00e9 dans\u00a0l\u2019univers num\u00e9rique<\/em> \u00bb, lit-on dans le corps de l&rsquo;amendement.\u00a0<\/p>\n<p>D&rsquo;apr\u00e8s la s\u00e9natrice Marie Mercier,\u00a0les demandes vers ces sites auraient\u00a0\u00ab\u00a0e<em>xplos\u00e9 pendant le confinement, et surtout pour des films pornographiques violents, autrefois limit\u00e9s aux personnes sadomasochistes ou BDSM\u00a0<\/em>\u00bb. La modification serait, donc, \u00ab\u00a0<em>plus que n\u00e9cessaire\u00a0<\/em>\u00bb.<\/p>\n<p>Un constat que partage Thomas Rohmer,\u00a0pr\u00e9sident\u00a0de l\u2019association\u00a0Open (Observatoire\u00a0pour la parentalit\u00e9 et l&rsquo;\u00e9ducation num\u00e9rique), qui milite depuis longtemps pour une telle mesure. Pour lui, cette modification qu&rsquo;il consid\u00e8re\u00a0comme une \u00ab<em> victoire pour les enfants et les femmes<\/em> \u00bb\u00a0colle \u00e0 l&rsquo;\u00e9volution\u00a0des mani\u00e8res de consommer la pornographie. L&rsquo;acc\u00e8s \u00e0 des magazines pornographiques et boutiques sp\u00e9cialis\u00e9es est r\u00e9gul\u00e9, pourquoi les sites pornos y \u00e9chapperaient-ils\u00a0?\u00a0\u00ab<em>\u00a0Il ne s&rsquo;agit pas d&#8217;emp\u00eacher les adultes d&rsquo;acc\u00e9der\u00a0aux contenus pornographiques, mais juste de faire\u00a0appliquer la loi vis-\u00e0-vis des mineurs par les plates-formes \u00e9trang\u00e8res\u00a0<\/em>\u00bb, explique-t-il. \u00c0 ses c\u00f4t\u00e9s, des personnalit\u00e9s du X comme Ovidie soutiennent une \u00e9volution\u00a0de la loi.\u00a0\u00a0<\/p>\n<div data-force-click=\"true\" class=\"bloc\">\n<blockquote class=\"twitter-tweet\">\n<p lang=\"fr\" dir=\"ltr\">C\u2019est le risque de glisser cet article dans une loi sur les violences intrafamiliales. Forc\u00e9ment \u00e7a grince. Pourtant je suis pour cet article de loi sur les tubes. Pour 1000 raisons d\u00e9j\u00e0 expos\u00e9es dans Pornocratie et ailleurs. Mais c\u2019est un article orphelin. THREAD. <a href=\"https:\/\/t.co\/TgmllQlPag\">https:\/\/t.co\/TgmllQlPag<\/a><\/p>\n<p>\u2014 Ovidie (@Ovidieofficiel) <a href=\"https:\/\/twitter.com\/Ovidieofficiel\/status\/1270102699397308416?ref_src=twsrc%5Etfw\">June 8, 2020<\/a><\/p><\/blockquote><\/div>\n<p>Pourquoi l&rsquo;inclure dans la loi contre les violences conjugales ? Selon Marie Mercier ,\u00a0l&rsquo;amendement s&rsquo;inscrirait dans \u00ab <em>l&rsquo;esprit de la loi<\/em> \u00bb, \u00e0 savoir la lutte contre les violences entre les couples\u00a0et leur banalisation. Pour le pr\u00e9sident d&rsquo;Open, cela r\u00e9pondrait surtout \u00e0 des imp\u00e9ratifs de calendrier l\u00e9gislatif, alors que l&rsquo;avenir de la loi sur l&rsquo;audiovisuel est incertain.<\/p>\n<aside class=\"bg-color-0 padding-inside-all-s bloc border-s\">\n<h4 class=\"box-txt-normal\">\n<p><strong>\u00c0 d\u00e9couvrir aussi en vid\u00e9o<\/strong><\/p>\n<\/h4>\n<\/aside>\n<p>Le chemin l\u00e9gislatif est encore long avant l&rsquo;adoption d\u00e9finitive du texte. Maintenant vot\u00e9e par le S\u00e9nat et par l&rsquo;Assembl\u00e9e nationale en premi\u00e8re lecture, la loi\u00a0doit repasser devant une commission mixte paritaire. D\u00e9put\u00e9s et s\u00e9nateurs vont devoir se mettre d\u2019accord sur une version commune.\u00a0<\/p>\n<p><strong>Sources<\/strong> : <a href=\"http:\/\/www.senat.fr\/cra\/s20200609\/s20200609_mono.html\" target=\"_blank\" rel=\"noopener noreferrer\">S\u00e9nat<\/a><\/p>\n<\/p><\/div>\n<p><script async src=\"http:\/\/platform.twitter.com\/widgets.js\" charset=\"utf-8\"><\/script><script>\n         !function(f,b,e,v,n,t,s){if(f.fbq)return;n=f.fbq=function()\n         {n.callMethod? n.callMethod.apply(n,arguments):n.queue.push(arguments)}\n         ;if(!f._fbq)f._fbq=n;\n             n.push=n;n.loaded=!0;n.version='2.0';n.queue=[];t=b.createElement(e);t.async=!0;\n             t.src=v;s=b.getElementsByTagName(e)[0];s.parentNode.insertBefore(t,s)}(window,\n                 document,'script','https:\/\/connect.facebook.net\/en_US\/fbevents.js');\n         fbq('init', '1065890633454496');\n         fbq('track', 'PageView');\n     <\/script><br \/>\n<br \/>[ad_2]<br \/>\n<br \/><a href=\"https:\/\/www.01net.com\/actualites\/le-senat-adopte-le-blocage-des-sites-pornos-pour-les-mineurs-1930557.html\">Source link <\/a><\/p>\n","protected":false},"excerpt":{"rendered":"<p>[ad_1] Le S\u00e9nat a adopt\u00e9, mardi 9 juin, la proposition de loi visant \u00e0 prot\u00e9ger les victimes de\u00a0violences conjugales, et &hellip; <a href=\"http:\/\/www.affinite.fr\/index.php\/2020\/06\/11\/le-senat-adopte-le-blocage-des-sites-pornos-pour-les-mineurs\/\" class=\"more-link\">Plus <span class=\"screen-reader-text\">Le S\u00e9nat adopte le blocage des sites pornos pour les mineurs<\/span> <span class=\"meta-nav\">&rarr;<\/span><\/a><\/p>\n","protected":false},"author":1,"featured_media":3872,"comment_status":"open","ping_status":"open","sticky":false,"template":"","format":"standard","meta":{"_sitemap_exclude":false,"_sitemap_priority":"","_sitemap_frequency":"","footnotes":""},"categories":[1],"tags":[],"class_list":["post-3871","post","type-post","status-publish","format-standard","has-post-thumbnail","hentry","category-tous"],"_links":{"self":[{"href":"http:\/\/www.affinite.fr\/index.php\/wp-json\/wp\/v2\/posts\/3871"}],"collection":[{"href":"http:\/\/www.affinite.fr\/index.php\/wp-json\/wp\/v2\/posts"}],"about":[{"href":"http:\/\/www.affinite.fr\/index.php\/wp-json\/wp\/v2\/types\/post"}],"author":[{"embeddable":true,"href":"http:\/\/www.affinite.fr\/index.php\/wp-json\/wp\/v2\/users\/1"}],"replies":[{"embeddable":true,"href":"http:\/\/www.affinite.fr\/index.php\/wp-json\/wp\/v2\/comments?post=3871"}],"version-history":[{"count":0,"href":"http:\/\/www.affinite.fr\/index.php\/wp-json\/wp\/v2\/posts\/3871\/revisions"}],"wp:featuredmedia":[{"embeddable":true,"href":"http:\/\/www.affinite.fr\/index.php\/wp-json\/wp\/v2\/media\/3872"}],"wp:attachment":[{"href":"http:\/\/www.affinite.fr\/index.php\/wp-json\/wp\/v2\/media?parent=3871"}],"wp:term":[{"taxonomy":"category","embeddable":true,"href":"http:\/\/www.affinite.fr\/index.php\/wp-json\/wp\/v2\/categories?post=3871"},{"taxonomy":"post_tag","embeddable":true,"href":"http:\/\/www.affinite.fr\/index.php\/wp-json\/wp\/v2\/tags?post=3871"}],"curies":[{"name":"wp","href":"https:\/\/api.w.org\/{rel}","templated":true}]}}