{"id":3862,"date":"2020-06-10T21:06:34","date_gmt":"2020-06-10T21:06:34","guid":{"rendered":"https:\/\/www.affinite.fr\/index.php\/2020\/06\/10\/intel-lakefield-la-plate-forme-qui-veut-revolutionner-le-pc-ultraportable-de-demain\/"},"modified":"2020-06-10T21:06:34","modified_gmt":"2020-06-10T21:06:34","slug":"intel-lakefield-la-plate-forme-qui-veut-revolutionner-le-pc-ultraportable-de-demain","status":"publish","type":"post","link":"http:\/\/www.affinite.fr\/index.php\/2020\/06\/10\/intel-lakefield-la-plate-forme-qui-veut-revolutionner-le-pc-ultraportable-de-demain\/","title":{"rendered":"Intel Lakefield, la plate-forme qui veut r\u00e9volutionner le PC ultraportable de demain"},"content":{"rendered":"<p> [ad_1]<br \/>\n<\/p>\n<div itemprop=\"articleBody\">\n<p style=\"color:#333;font-family:arial,helvetica,sans-serif;font-size:18px;\">Lakefield est dans les starting-blocks. <a href=\"https:\/\/www.01net.com\/actualites\/athena-ice-lake-lakefield-intel-dessine-un-avenir-a-nouveau-seduisant-pour-nos-pc-portables-1607337.html\" target=\"_blank\" rel=\"noopener noreferrer\">La nouvelle plate-forme d&rsquo;Intel pr\u00e9sent\u00e9e au CES 2020<\/a> taill\u00e9e sur mesure pour \u00eatre int\u00e9gr\u00e9e\u00a0aux PC ultraportables de demain est en approche. Elle n&rsquo;apporte pas forc\u00e9ment plus de puissance mais permet de cr\u00e9er des appareils encore plus fins, encore plus endurants,\u00a0avec un ou plusieurs \u00e9crans.<\/p>\n<p>On la retrouvera dans <a href=\"https:\/\/www.01net.com\/actualites\/surface-neo-microsoft-devoile-son-etonnante-tablette-a-deux-ecrans-1779316.html\" target=\"_blank\" rel=\"noopener noreferrer\">le prochain Suface Neo de Microsoft<\/a> ou encore, de fa\u00e7on plus imminente,\u00a0selon Intel, dans <a href=\"https:\/\/www.01net.com\/actualites\/lenovo-le-premier-pc-portable-a-ecran-pliant-est-prevu-pour-cet-ete-1836605.html\" target=\"_blank\" rel=\"noopener noreferrer\">le Lenovo ThinkPad X1 Fold.<\/a> Le Galaxy Book S de Samsung qui doit arriver notamment aux Etats-Unis ce mois-ci (mais pas en France) en sera aussi \u00e9quip\u00e9. Une plate-forme de plus, avec un processeur classique, plein de c\u0153urs et qui consomme encore moins qu&rsquo;avant ? D\u00e9trompez-vous, cette nouvelle plate-forme marque une vraie rupture.<\/p>\n<h3 style=\"color:#333; font-family:arial,helvetica,sans-serif; font-size:23px; font-weight:700\">Lakefield, en quelques\u00a0mots<\/h3>\n<p>Lakefield, c&rsquo;est un tout. Une carte m\u00e8re tout d&rsquo;abord, toute petite sur laquelle est greff\u00e9<strong> un processeur de type SoC<\/strong> (System on Chip) d&rsquo;un genre nouveau, con\u00e7u \u00e0 l&rsquo;aide de l&rsquo;Intel Hybrid Technology. Il embarque <strong>5 c\u0153urs<\/strong>, 1 gros et 4 petits. Du jamais vu sur un processeur Intel jusqu&rsquo;\u00e0 pr\u00e9sent. Le gros c\u0153ur est l\u00e0 pour toutes les t\u00e2ches qui n\u00e9cessitent de la puissance de calcul \u00e0 un instant T et les 4 petits, eux, assurent les processus moins exigeants et les t\u00e2ches de fond.<\/p>\n<p>\u00c0 l&rsquo;image de la carte m\u00e8re, cette unit\u00e9 de calcul aussi est toute petite, minuscule m\u00eame (12 x 12 x 1,5 mm) et malgr\u00e9 cela, c&rsquo;est un concentr\u00e9 de technologies, toutes superpos\u00e9es les unes sur les autres. Intel annonce que deux versions de ce nouveau SoC sont lanc\u00e9es d\u00e8s \u00e0 pr\u00e9sent, <strong>le Core i3-L13G4<\/strong> et <strong>le Core i5-L16G7<\/strong>.<\/p>\n<figure class=\"figure text-center\"><img decoding=\"async\" class=\"article-img img-responsive-l\" src=\"https:\/\/img.bfmtv.com\/c\/0\/708\/407fc\/30983f84d196417c41ed71aafdf.jpg\" alt=\"\"\/><figcaption class=\"figure-caption figcaption color-txt-0 title-xs hidden-xs\"\/><\/figure>\n<h3 style=\"color:#333; font-family:arial,helvetica,sans-serif; font-size:23px; font-weight:700\">Des couches de transistors<\/h3>\n<p>Les processeurs de Lakefield ont \u00e9t\u00e9 con\u00e7us gr\u00e2ce \u00e0 <a href=\"https:\/\/www.01net.com\/actualites\/intel-va-produire-des-puces-en-empilant-les-circuits-logiques-en-3d-1587434.html\" target=\"_blank\" rel=\"noopener noreferrer\">la technologie 3D Foveros<\/a>, d\u00e9velopp\u00e9e par Intel qui &#8211; pour faire simple &#8211; vise \u00e0 accoler mais aussi empiler les diff\u00e9rents \u00e9l\u00e9ments du processeur les uns sur les autres (c\u0153urs, m\u00e9moire vive, <em>chipset<\/em>, contr\u00f4leurs divers, etc.), comme des couches de peinture, au moment de la gravure.<\/p>\n<p>Ceci permet de produire des puces \u00ab tout-en-un\u00a0\u00bb, avec des \u00e9l\u00e9ments grav\u00e9s plus ou moins \u00e0 la m\u00eame taille (14, 12, 10 nm par exemple) avec un circuit tout petit (12 x 12 x 1 mm selon Intel) et dont la dissipation thermique peut \u00eatre assur\u00e9e efficacement par un seul dispositif, central, de petit gabarit et de pr\u00e9f\u00e9rence passif.<\/p>\n<aside class=\"bg-color-0 padding-inside-all-s bloc border-s\">\n<h4 class=\"box-txt-normal\">\n<p><strong>\u00c0 d\u00e9couvrir aussi en vid\u00e9o :<\/strong><\/p>\n<\/h4>\n<\/aside>\n<p>Au passage, on pr\u00e9cisera qu&rsquo;Intel annonce que les Core lanc\u00e9s aujourd&rsquo;hui ne consomment pas plus de 7 watts chacun et n&rsquo;auraient besoin que de 2,5 mW pour maintenir un syst\u00e8me en veille, <strong>soit une consommation r\u00e9duite de 91%<\/strong>\u00a0face au plus \u00e9conomique des processeurs ultra basse consommation de classe Y d&rsquo;Intel.<\/p>\n<h3 style=\"color:#333; font-family:arial,helvetica,sans-serif; font-size:23px; font-weight:700\">Zoom sur le processeur<\/h3>\n<figure class=\"figure text-center\"><img decoding=\"async\" class=\"article-img img-responsive-l\" src=\"https:\/\/img.bfmtv.com\/c\/0\/708\/826\/63270ee1cb534020d30c7cae4277d.jpg\" alt=\"Annotation 2020-06-10 173509-1.jpg\"\/><figcaption class=\"figure-caption figcaption color-txt-0 title-xs hidden-xs\"\/><\/figure>\n<p>Nous le disions plus haut, les processeurs ont chacun un gros c\u0153ur Sunny Cove <strong>(SNC ci-dessus),<\/strong> construit sur le m\u00eame mod\u00e8le que celui des Core actuel. Il est toutefois grav\u00e9 en 10 nm. Les quatre autres, plus petits, mais aussi grav\u00e9s en 10 nm, sont <a href=\"https:\/\/www.01net.com\/actualites\/intel-tremont-des-processeurs-peu-energivores-mais-tres-puissants-arrivent-1793986.html\" target=\"_blank\" rel=\"noopener noreferrer\">de type Tremont<\/a> et comme le montre la photo ci-dessous, la construction de l&rsquo;unit\u00e9 est complexe et compl\u00e8te.<\/p>\n<figure class=\"figure text-center\"><img decoding=\"async\" class=\"article-img img-responsive-l\" src=\"https:\/\/img.bfmtv.com\/c\/0\/708\/81d\/08f2af50c81da14c6c47909066234.jpeg\" alt=\"Intel Tremont\"\/><figcaption class=\"figure-caption figcaption color-txt-0 title-xs hidden-xs\">\n                                    Intel<br \/>\n                                                    &#8211; Chaque unit\u00e9 Tremont du SoC est constitu\u00e9e d&rsquo;un nombre impressionnant d&rsquo;\u00e9l\u00e9ments pour assurer les t\u00e2ches de fond et les processus classiques.<br \/>\n                            <\/figcaption><\/figure>\n<p>La fr\u00e9quence de base de tout ce petit monde est donn\u00e9e pour 800 MHz (Core i3) ou\u00a01,4 GHz (Core i5) mais peut monter \u00e0 1,3 ou 1,8 GHz en mode Turbo appliqu\u00e9 sur tous les c\u0153urs ou encore, 2,8 ou 3 GHz en calcul mono c\u0153ur.\u00a0<\/p>\n<blockquote>\n<p><strong>\u00c0 lire aussi :<\/strong> <a href=\"https:\/\/www.01net.com\/actualites\/comment-comprendre-le-jargon-d-intel-et-d-amd-pour-bien-choisir-votre-prochain-processeur-1925654.html\" target=\"_blank\" rel=\"noopener noreferrer\">Comment comprendre le jargon d&rsquo;Intel et d&rsquo;AMD pour bien choisir votre prochain processeur<\/a><\/p>\n<\/blockquote>\n<p>Les deux SoC sont capables de faire tourner des applis 32 ou 64 bits et l&rsquo;architecture m\u00eame de la puce leur permet de dialoguer plus facilement avec l&rsquo;aiguilleur en chef de l&rsquo;OS pour attribuer telle t\u00e2che \u00e0 tel c\u0153ur et ainsi augmenter le rendement \u00e9nerg\u00e9tique et les performances jusqu&rsquo;\u00e0 24% (face \u00e0 un Core i7-8500Y) selon Intel.<\/p>\n<figure class=\"figure text-center\"><img decoding=\"async\" class=\"article-img img-responsive-l\" src=\"https:\/\/img.bfmtv.com\/c\/0\/708\/46b\/f322948f518b92fb36a4592715e4f.jpeg\" alt=\"\"\/><figcaption class=\"figure-caption figcaption color-txt-0 title-xs hidden-xs\"\/><\/figure>\n<p>La partie graphique (Gen 11) est aussi grav\u00e9e sur la puce. Le Core i3 poss\u00e8de 48 unit\u00e9s de traitement et le Core i5, 64. La fr\u00e9quence maximale est donn\u00e9e pour 500 MHz. Intel aurait soumis ce contr\u00f4leur au rigoureux test <em>3DMark 11<\/em> et il se serait r\u00e9v\u00e9l\u00e9 1,7x plus efficace que celui du Core i7-8500Y. N&rsquo;esp\u00e9rez toutefois pas faire tourner <em>Call of&rsquo;<\/em> dessus. Cela ne l&#8217;emp\u00eachera pas d&rsquo;\u00eatre dou\u00e9 pour de la conversion vid\u00e9o (toujours selon Intel) ou pour assurer de l&rsquo;affichage en 4K sur 4 \u00e9crans externes maximum.<\/p>\n<p>Enfin, la m\u00e9moire vive n&rsquo;est pas directement implant\u00e9e dans l&rsquo;architecture Lakefield. On parle ici de <em>package-on-package<\/em>. Pour faire simple, on ajoute un composant tiers en fin de processus de fabrication, sur le haut du circuit, un \u00e9l\u00e9ment fourni par un partenaire tiers. En l&rsquo;occurrence, les modules de m\u00e9moire. Les quantit\u00e9s de LPDDR4X-4267 \u00e9voqu\u00e9es lors de la pr\u00e9sentation sont de l&rsquo;ordre de 4 ou 8 Go par package. Bien entendu, il sera\u00a0possible d&rsquo;en poser plusieurs pour atteindre la quantit\u00e9 de m\u00e9moire souhait\u00e9e. Mais, <em>in fine<\/em>, le but est &#8211; une fois encore &#8211; de gagner encore plus de place sur la carte m\u00e8re et mutualiser les postes de d\u00e9penses \u00e9nerg\u00e9tiques.<\/p>\n<\/p><\/div>\n<p><script>\n         !function(f,b,e,v,n,t,s){if(f.fbq)return;n=f.fbq=function()\n         {n.callMethod? n.callMethod.apply(n,arguments):n.queue.push(arguments)}\n         ;if(!f._fbq)f._fbq=n;\n             n.push=n;n.loaded=!0;n.version='2.0';n.queue=[];t=b.createElement(e);t.async=!0;\n             t.src=v;s=b.getElementsByTagName(e)[0];s.parentNode.insertBefore(t,s)}(window,\n                 document,'script','https:\/\/connect.facebook.net\/en_US\/fbevents.js');\n         fbq('init', '1065890633454496');\n         fbq('track', 'PageView');\n     <\/script><br \/>\n<br \/>[ad_2]<br \/>\n<br \/><a href=\"https:\/\/www.01net.com\/actualites\/intel-lakefield-la-plate-forme-qui-veut-revolutionner-le-pc-ultraportable-de-demain-1930522.html\">Source link <\/a><\/p>\n","protected":false},"excerpt":{"rendered":"<p>[ad_1] Lakefield est dans les starting-blocks. La nouvelle plate-forme d&rsquo;Intel pr\u00e9sent\u00e9e au CES 2020 taill\u00e9e sur mesure pour \u00eatre int\u00e9gr\u00e9e\u00a0aux &hellip; <a href=\"http:\/\/www.affinite.fr\/index.php\/2020\/06\/10\/intel-lakefield-la-plate-forme-qui-veut-revolutionner-le-pc-ultraportable-de-demain\/\" class=\"more-link\">Plus <span class=\"screen-reader-text\">Intel Lakefield, la plate-forme qui veut r\u00e9volutionner le PC ultraportable de demain<\/span> <span class=\"meta-nav\">&rarr;<\/span><\/a><\/p>\n","protected":false},"author":1,"featured_media":3863,"comment_status":"open","ping_status":"open","sticky":false,"template":"","format":"standard","meta":{"_sitemap_exclude":false,"_sitemap_priority":"","_sitemap_frequency":"","footnotes":""},"categories":[1],"tags":[],"class_list":["post-3862","post","type-post","status-publish","format-standard","has-post-thumbnail","hentry","category-tous"],"_links":{"self":[{"href":"http:\/\/www.affinite.fr\/index.php\/wp-json\/wp\/v2\/posts\/3862"}],"collection":[{"href":"http:\/\/www.affinite.fr\/index.php\/wp-json\/wp\/v2\/posts"}],"about":[{"href":"http:\/\/www.affinite.fr\/index.php\/wp-json\/wp\/v2\/types\/post"}],"author":[{"embeddable":true,"href":"http:\/\/www.affinite.fr\/index.php\/wp-json\/wp\/v2\/users\/1"}],"replies":[{"embeddable":true,"href":"http:\/\/www.affinite.fr\/index.php\/wp-json\/wp\/v2\/comments?post=3862"}],"version-history":[{"count":0,"href":"http:\/\/www.affinite.fr\/index.php\/wp-json\/wp\/v2\/posts\/3862\/revisions"}],"wp:featuredmedia":[{"embeddable":true,"href":"http:\/\/www.affinite.fr\/index.php\/wp-json\/wp\/v2\/media\/3863"}],"wp:attachment":[{"href":"http:\/\/www.affinite.fr\/index.php\/wp-json\/wp\/v2\/media?parent=3862"}],"wp:term":[{"taxonomy":"category","embeddable":true,"href":"http:\/\/www.affinite.fr\/index.php\/wp-json\/wp\/v2\/categories?post=3862"},{"taxonomy":"post_tag","embeddable":true,"href":"http:\/\/www.affinite.fr\/index.php\/wp-json\/wp\/v2\/tags?post=3862"}],"curies":[{"name":"wp","href":"https:\/\/api.w.org\/{rel}","templated":true}]}}