{"id":3859,"date":"2020-06-10T19:03:07","date_gmt":"2020-06-10T19:03:07","guid":{"rendered":"https:\/\/www.affinite.fr\/index.php\/2020\/06\/10\/bouygues-telecom-propose-un-second-numero-de-telephone-virtuel-a-ses-abonnes\/"},"modified":"2020-06-10T19:03:07","modified_gmt":"2020-06-10T19:03:07","slug":"bouygues-telecom-propose-un-second-numero-de-telephone-virtuel-a-ses-abonnes","status":"publish","type":"post","link":"http:\/\/www.affinite.fr\/index.php\/2020\/06\/10\/bouygues-telecom-propose-un-second-numero-de-telephone-virtuel-a-ses-abonnes\/","title":{"rendered":"Bouygues Telecom propose un second num\u00e9ro de t\u00e9l\u00e9phone virtuel \u00e0 ses abonn\u00e9s"},"content":{"rendered":"<p> [ad_1]<br \/>\n<br \/><img decoding=\"async\" src=\"https:\/\/img.bfmtv.com\/i\/0\/0\/982\/2c4927c075fd88027ab5d56ae0163.jpg\" \/><\/p>\n<div>\n<p>\u00a0<\/p>\n<p><figcaption class=\"figcaption color-txt-0 title-xs text-right padding-inside-all\"><span itemprop=\"description\">Le technop\u00f4le de Bouygues Telecom \u00e0 Meudon.<\/span> &#8211;<br \/>\n                                                                                                                            <span itemprop=\"author\">Augusto DA Sliva <\/span><\/p>\n<\/figcaption>\n<\/p><\/div>\n<p><script>\n         !function(f,b,e,v,n,t,s){if(f.fbq)return;n=f.fbq=function()\n         {n.callMethod? n.callMethod.apply(n,arguments):n.queue.push(arguments)}\n         ;if(!f._fbq)f._fbq=n;\n             n.push=n;n.loaded=!0;n.version='2.0';n.queue=[];t=b.createElement(e);t.async=!0;\n             t.src=v;s=b.getElementsByTagName(e)[0];s.parentNode.insertBefore(t,s)}(window,\n                 document,'script','https:\/\/connect.facebook.net\/en_US\/fbevents.js');\n         fbq('init', '1065890633454496');\n         fbq('track', 'PageView');\n     <\/script><br \/>\n<br \/>[ad_2]<br \/>\n<br \/><a href=\"https:\/\/www.01net.com\/actualites\/bouygues-telecom-propose-un-second-numero-de-telephone-virtuel-a-ses-abonnes-1930725.html\">Source link <\/a><\/p>\n","protected":false},"excerpt":{"rendered":"<p>[ad_1] \u00a0 Le technop\u00f4le de Bouygues Telecom \u00e0 Meudon. &#8211; Augusto DA Sliva [ad_2] Source link<\/p>\n","protected":false},"author":1,"featured_media":3860,"comment_status":"open","ping_status":"open","sticky":false,"template":"","format":"standard","meta":{"_sitemap_exclude":false,"_sitemap_priority":"","_sitemap_frequency":"","footnotes":""},"categories":[1],"tags":[],"class_list":["post-3859","post","type-post","status-publish","format-standard","has-post-thumbnail","hentry","category-tous"],"_links":{"self":[{"href":"http:\/\/www.affinite.fr\/index.php\/wp-json\/wp\/v2\/posts\/3859"}],"collection":[{"href":"http:\/\/www.affinite.fr\/index.php\/wp-json\/wp\/v2\/posts"}],"about":[{"href":"http:\/\/www.affinite.fr\/index.php\/wp-json\/wp\/v2\/types\/post"}],"author":[{"embeddable":true,"href":"http:\/\/www.affinite.fr\/index.php\/wp-json\/wp\/v2\/users\/1"}],"replies":[{"embeddable":true,"href":"http:\/\/www.affinite.fr\/index.php\/wp-json\/wp\/v2\/comments?post=3859"}],"version-history":[{"count":0,"href":"http:\/\/www.affinite.fr\/index.php\/wp-json\/wp\/v2\/posts\/3859\/revisions"}],"wp:featuredmedia":[{"embeddable":true,"href":"http:\/\/www.affinite.fr\/index.php\/wp-json\/wp\/v2\/media\/3860"}],"wp:attachment":[{"href":"http:\/\/www.affinite.fr\/index.php\/wp-json\/wp\/v2\/media?parent=3859"}],"wp:term":[{"taxonomy":"category","embeddable":true,"href":"http:\/\/www.affinite.fr\/index.php\/wp-json\/wp\/v2\/categories?post=3859"},{"taxonomy":"post_tag","embeddable":true,"href":"http:\/\/www.affinite.fr\/index.php\/wp-json\/wp\/v2\/tags?post=3859"}],"curies":[{"name":"wp","href":"https:\/\/api.w.org\/{rel}","templated":true}]}}