{"id":3857,"date":"2020-06-10T17:56:32","date_gmt":"2020-06-10T17:56:32","guid":{"rendered":"https:\/\/www.affinite.fr\/index.php\/2020\/06\/10\/samsung-annoncerait-debut-aout-le-galaxy-note-20-et-le-smartphone-pliant-fold-2\/"},"modified":"2020-06-10T17:56:32","modified_gmt":"2020-06-10T17:56:32","slug":"samsung-annoncerait-debut-aout-le-galaxy-note-20-et-le-smartphone-pliant-fold-2","status":"publish","type":"post","link":"http:\/\/www.affinite.fr\/index.php\/2020\/06\/10\/samsung-annoncerait-debut-aout-le-galaxy-note-20-et-le-smartphone-pliant-fold-2\/","title":{"rendered":"Samsung annoncerait d\u00e9but ao\u00fbt le Galaxy Note 20&#8230; et le smartphone pliant Fold 2"},"content":{"rendered":"<p> [ad_1]<br \/>\n<br \/><img decoding=\"async\" src=\"https:\/\/img.bfmtv.com\/i\/0\/0\/6ff\/995aee24e3a22d6ba3f834cc73fe2.jpg\" \/><\/p>\n<div itemprop=\"articleBody\">\n<p>Selon le site <em>The Korea Herald<\/em>, Samsung aurait d&rsquo;ores et d\u00e9j\u00e0 choisi une date pour lancer son nouveau smartphone \u00e0 stylet, le Note 20. Il succ\u00e9derait <a href=\"https:\/\/www.01net.com\/tests\/test-du-samsung-galaxy-note-10-cette-version-compacte-du-smartphone-a-stylet-nous-a-conquis-6290.html\" target=\"_blank\" rel=\"noopener noreferrer\">au Note 10<\/a> et pourrait, comme lui,\u00a0se d\u00e9cliner en deux it\u00e9rations (les Note 20 et Note 20+ ?). Le rendez-vous pour l&rsquo;Unpacked d&rsquo;\u00e9t\u00e9 serait donn\u00e9 le 5 ao\u00fbt prochain. Une date qui n&rsquo;a toutefois pas \u00e9t\u00e9 confirm\u00e9e par le g\u00e9ant cor\u00e9en.<\/p>\n<p>Contrairement aux autres ann\u00e9es, crise sanitaire oblige, l&rsquo;\u00e9v\u00e9nement Unpacked estival serait virtuel et non pr\u00e9sentiel. Le Cor\u00e9en y pr\u00e9senterait aussi sa<a href=\"https:\/\/www.01net.com\/tests\/test-du-samsung-galaxy-fold-le-premier-smartphone-pliable-de-l-histoire-donne-un-bel-apercu-du-futur-6317.html\" target=\"_blank\" rel=\"noopener noreferrer\">\u00a0seconde \u00e9dition\u00a0du Galaxy Fold<\/a>,\u00a0son smartphone pliant, peut-\u00eatre sous le nom de <a href=\"https:\/\/www.01net.com\/actualites\/galaxy-z-fold-le-prochain-smartphone-pliant-de-samsung-pourrait-remplacer-votre-tablette-1897224.html\" target=\"_blank\" rel=\"noopener noreferrer\">Galaxy Z Fold<\/a>,\u00a0et en profiterait aussi pour lancer une version 5G de son autre smartphone \u00e0 \u00e9cran souple, <a href=\"https:\/\/www.01net.com\/tests\/test-du-samsung-galaxy-z-flip-le-retour-reussi-du-telephone-a-clapet-6417.html\" target=\"_blank\" rel=\"noopener noreferrer\">le Galaxy Z Flip<\/a>.<\/p>\n<aside class=\"bg-color-0 padding-inside-all-s bloc border-s\">\n<h4 class=\"box-txt-normal\">\n<p><strong>\u00c0 d\u00e9couvrir aussi en vid\u00e9o :<\/strong><\/p>\n<\/h4>\n<\/aside>\n<blockquote>\n<p><strong>\u00c0 lire aussi &#8211;<\/strong> <a href=\"https:\/\/www.01net.com\/tests\/test-du-galaxy-a71-samsung-tient-son-meilleur-smartphone-milieu-de-gamme-6437.html\" target=\"_blank\" rel=\"noopener noreferrer\">Test du Galaxy A71 : Samsung tient son meilleur smartphone milieu de gamme<\/a><\/p>\n<\/blockquote>\n<p>Enfin, il se murmure qu&rsquo;une Galaxy Watch 3 &#8211; une montre connect\u00e9e donc &#8211; serait aussi de la partie. Une annonce qui ferait \u00e9cho aux r\u00e9centes d\u00e9couvertes faites par le site <em>XDA Developers<\/em>. Lors de recherches men\u00e9es dans le code de l&rsquo;appli <em>Wearable App<\/em> de Samsung, les d\u00e9veloppeurs ont d\u00e9couvert une \u00ab Galaxy Watch 3 \u00bb, aux c\u00f4t\u00e9s de <a href=\"https:\/\/www.01net.com\/tests\/test-de-la-samsung-galaxy-watch-active-2-la-concurrente-la-plus-serieuse-de-l-apple-watch-series-5-6374.html\" target=\"_blank\" rel=\"noopener noreferrer\">l&rsquo;Active 2<\/a>.<\/p>\n<p>D&rsquo;ordinaire, l&rsquo;Unpacked du mois d&rsquo;ao\u00fbt est aussi le moment que choisit Samsung pour lancer une nouvelle <a href=\"http:\/\/Test de la Samsung Galaxy Tab S6 : la meilleure tablette Android peut-elle rivaliser avec l\u2019iPad Pro ?\" target=\"_blank\" rel=\"noopener noreferrer\">tablette Galaxy Tab S<\/a>. Rien n&rsquo;a filtr\u00e9 pour le moment. La marque la garde peut-\u00eatre dans sa manche pour le salon de l&rsquo;IFA 2020 qui se tiendra d\u00e9but septembre <a href=\"https:\/\/www.01net.com\/actualites\/ifa-2020-le-grand-salon-high-tech-europeen-n-aura-pas-lieu-1898785.html\" target=\"_blank\" rel=\"noopener noreferrer\">dans des conditions particuli\u00e8res<\/a>.<\/p>\n<p><strong>Sources :<\/strong> <a href=\"http:\/\/www.koreaherald.com\/view.php?ud=20200609000629&amp;ACE_SEARCH=1\" target=\"_blank\" rel=\"noopener noreferrer\">The Korea Heald <\/a>et <a href=\"https:\/\/www.xda-developers.com\/galaxy-wearable-confirms-next-samsung-smartwatch-galaxy-watch-3-next-galaxy-buds-bean-shape\/\" target=\"_blank\" rel=\"noopener noreferrer\">XDA Developers<\/a><\/p>\n<\/p><\/div>\n<p><script>\n         !function(f,b,e,v,n,t,s){if(f.fbq)return;n=f.fbq=function()\n         {n.callMethod? n.callMethod.apply(n,arguments):n.queue.push(arguments)}\n         ;if(!f._fbq)f._fbq=n;\n             n.push=n;n.loaded=!0;n.version='2.0';n.queue=[];t=b.createElement(e);t.async=!0;\n             t.src=v;s=b.getElementsByTagName(e)[0];s.parentNode.insertBefore(t,s)}(window,\n                 document,'script','https:\/\/connect.facebook.net\/en_US\/fbevents.js');\n         fbq('init', '1065890633454496');\n         fbq('track', 'PageView');\n     <\/script><br \/>\n<br \/>[ad_2]<br \/>\n<br \/><a href=\"https:\/\/www.01net.com\/actualites\/samsung-annoncerait-debut-aout-le-galaxy-note-20-et-le-smartphone-pliant-fold-2-1930477.html\">Source link <\/a><\/p>\n","protected":false},"excerpt":{"rendered":"<p>[ad_1] Selon le site The Korea Herald, Samsung aurait d&rsquo;ores et d\u00e9j\u00e0 choisi une date pour lancer son nouveau smartphone &hellip; <a href=\"http:\/\/www.affinite.fr\/index.php\/2020\/06\/10\/samsung-annoncerait-debut-aout-le-galaxy-note-20-et-le-smartphone-pliant-fold-2\/\" class=\"more-link\">Plus <span class=\"screen-reader-text\">Samsung annoncerait d\u00e9but ao\u00fbt le Galaxy Note 20&#8230; et le smartphone pliant Fold 2<\/span> <span class=\"meta-nav\">&rarr;<\/span><\/a><\/p>\n","protected":false},"author":1,"featured_media":3858,"comment_status":"open","ping_status":"open","sticky":false,"template":"","format":"standard","meta":{"_sitemap_exclude":false,"_sitemap_priority":"","_sitemap_frequency":"","footnotes":""},"categories":[1],"tags":[],"class_list":["post-3857","post","type-post","status-publish","format-standard","has-post-thumbnail","hentry","category-tous"],"_links":{"self":[{"href":"http:\/\/www.affinite.fr\/index.php\/wp-json\/wp\/v2\/posts\/3857"}],"collection":[{"href":"http:\/\/www.affinite.fr\/index.php\/wp-json\/wp\/v2\/posts"}],"about":[{"href":"http:\/\/www.affinite.fr\/index.php\/wp-json\/wp\/v2\/types\/post"}],"author":[{"embeddable":true,"href":"http:\/\/www.affinite.fr\/index.php\/wp-json\/wp\/v2\/users\/1"}],"replies":[{"embeddable":true,"href":"http:\/\/www.affinite.fr\/index.php\/wp-json\/wp\/v2\/comments?post=3857"}],"version-history":[{"count":0,"href":"http:\/\/www.affinite.fr\/index.php\/wp-json\/wp\/v2\/posts\/3857\/revisions"}],"wp:featuredmedia":[{"embeddable":true,"href":"http:\/\/www.affinite.fr\/index.php\/wp-json\/wp\/v2\/media\/3858"}],"wp:attachment":[{"href":"http:\/\/www.affinite.fr\/index.php\/wp-json\/wp\/v2\/media?parent=3857"}],"wp:term":[{"taxonomy":"category","embeddable":true,"href":"http:\/\/www.affinite.fr\/index.php\/wp-json\/wp\/v2\/categories?post=3857"},{"taxonomy":"post_tag","embeddable":true,"href":"http:\/\/www.affinite.fr\/index.php\/wp-json\/wp\/v2\/tags?post=3857"}],"curies":[{"name":"wp","href":"https:\/\/api.w.org\/{rel}","templated":true}]}}