{"id":3853,"date":"2020-06-10T15:54:26","date_gmt":"2020-06-10T15:54:26","guid":{"rendered":"https:\/\/www.affinite.fr\/index.php\/2020\/06\/10\/les-apple-store-racheteront-bientot-votre-vieux-mac-pour-vous-en-vendre-un-nouveau\/"},"modified":"2020-06-10T15:54:26","modified_gmt":"2020-06-10T15:54:26","slug":"les-apple-store-racheteront-bientot-votre-vieux-mac-pour-vous-en-vendre-un-nouveau","status":"publish","type":"post","link":"http:\/\/www.affinite.fr\/index.php\/2020\/06\/10\/les-apple-store-racheteront-bientot-votre-vieux-mac-pour-vous-en-vendre-un-nouveau\/","title":{"rendered":"Les Apple Store rach\u00e8teront bient\u00f4t votre vieux Mac&#8230; pour vous en vendre un nouveau"},"content":{"rendered":"<p> [ad_1]<br \/>\n<br \/><img decoding=\"async\" src=\"https:\/\/img.bfmtv.com\/i\/0\/0\/92c\/964d1f41235fc7cabda6a9a33d592.jpg\" \/><\/p>\n<div itemprop=\"articleBody\">\n<p>Selon\u00a0<em>Bloomberg<\/em>, Apple a inform\u00e9 ses employ\u00e9s en Apple Store du lancement imminent d&rsquo;un nouveau programme de reprise. Aux \u00c9tats-Unis et au Canada dans un premier temps, il sera bient\u00f4t possible de ramener son vieux Mac avant d&rsquo;en acheter un nouveau. Comme avec les iPhone, l&rsquo;entreprise vous le rach\u00e8tera pour vous aider \u00e0 faire diminuer la facture.<\/p>\n<h3 style=\"color:#333; font-family:arial,helvetica,sans-serif; font-size:23px; font-weight:700\">Un programme d\u00e9j\u00e0 disponible en ligne<\/h3>\n<p style=\"color:#333; font-family:arial,helvetica,sans-serif; font-size:18px\">Aujourd&rsquo;hui, il est d\u00e9j\u00e0 possible de revendre son Mac lors de l&rsquo;achat d&rsquo;un nouveau\u2026 mais seulement sur le site d&rsquo;Apple. Par le biais du syst\u00e8me\u00a0\u00abApple Trade In\u00bb, il est possible d&rsquo;obtenir une estimation de la valeur de son Mac. Ce programme a n\u00e9anmoins un inconv\u00e9nient,\u00a0il faut payer le prix fort pour son nouveau Mac et attendre un remboursement plusieurs semaines. Apple attend d&rsquo;avoir r\u00e9cup\u00e9r\u00e9 votre ancien ordinateur par voie postale afin de v\u00e9rifier son \u00e9tat.\u00a0<\/p>\n<aside class=\"bg-color-0 padding-inside-all-s bloc border-s\">\n<h4 class=\"box-txt-normal\">\n<p><strong>\u00c0 d\u00e9couvrir aussi en vid\u00e9o :<\/strong><\/p>\n<\/h4>\n<\/aside>\n<p><span>En France, <a href=\"https:\/\/www.01net.com\/actualites\/les-apple-store-francais-vont-rouvrir-a-partir-du-9-juin-avec-des-horaires-restreints-1929013.html\" target=\"_blank\" rel=\"noopener noreferrer\">o\u00f9 les Apple Store viennent de rouvrir<\/a>, ce programme en magasin\u00a0n&rsquo;est pour l&rsquo;instant pas pr\u00e9vu. N\u00e9anmoins, Apple pratiquant d\u00e9j\u00e0 ces reprises sur son site, il y a fort \u00e0 parier que nos magasins les\u00a0<\/span>proposent \u00e0 leur tour tr\u00e8s prochainement.\u00a0<\/p>\n<p><strong>Source :<\/strong><span>\u00a0<\/span><a href=\"https:\/\/www.bloomberg.com\/news\/articles\/2020-06-09\/apple-to-launch-mac-trade-in-program-at-u-s-retail-stores\" target=\"_blank\" rel=\"noopener noreferrer\">Bloomberg<\/a><\/p>\n<\/p><\/div>\n<p><script>\n         !function(f,b,e,v,n,t,s){if(f.fbq)return;n=f.fbq=function()\n         {n.callMethod? n.callMethod.apply(n,arguments):n.queue.push(arguments)}\n         ;if(!f._fbq)f._fbq=n;\n             n.push=n;n.loaded=!0;n.version='2.0';n.queue=[];t=b.createElement(e);t.async=!0;\n             t.src=v;s=b.getElementsByTagName(e)[0];s.parentNode.insertBefore(t,s)}(window,\n                 document,'script','https:\/\/connect.facebook.net\/en_US\/fbevents.js');\n         fbq('init', '1065890633454496');\n         fbq('track', 'PageView');\n     <\/script><br \/>\n<br \/>[ad_2]<br \/>\n<br \/><a href=\"https:\/\/www.01net.com\/actualites\/les-apple-store-racheteront-bientot-votre-vieux-mac-pour-vous-en-vendre-un-nouveau-1930489.html\">Source link <\/a><\/p>\n","protected":false},"excerpt":{"rendered":"<p>[ad_1] Selon\u00a0Bloomberg, Apple a inform\u00e9 ses employ\u00e9s en Apple Store du lancement imminent d&rsquo;un nouveau programme de reprise. Aux \u00c9tats-Unis &hellip; <a href=\"http:\/\/www.affinite.fr\/index.php\/2020\/06\/10\/les-apple-store-racheteront-bientot-votre-vieux-mac-pour-vous-en-vendre-un-nouveau\/\" class=\"more-link\">Plus <span class=\"screen-reader-text\">Les Apple Store rach\u00e8teront bient\u00f4t votre vieux Mac&#8230; pour vous en vendre un nouveau<\/span> <span class=\"meta-nav\">&rarr;<\/span><\/a><\/p>\n","protected":false},"author":1,"featured_media":3854,"comment_status":"open","ping_status":"open","sticky":false,"template":"","format":"standard","meta":{"_sitemap_exclude":false,"_sitemap_priority":"","_sitemap_frequency":"","footnotes":""},"categories":[1],"tags":[],"class_list":["post-3853","post","type-post","status-publish","format-standard","has-post-thumbnail","hentry","category-tous"],"_links":{"self":[{"href":"http:\/\/www.affinite.fr\/index.php\/wp-json\/wp\/v2\/posts\/3853"}],"collection":[{"href":"http:\/\/www.affinite.fr\/index.php\/wp-json\/wp\/v2\/posts"}],"about":[{"href":"http:\/\/www.affinite.fr\/index.php\/wp-json\/wp\/v2\/types\/post"}],"author":[{"embeddable":true,"href":"http:\/\/www.affinite.fr\/index.php\/wp-json\/wp\/v2\/users\/1"}],"replies":[{"embeddable":true,"href":"http:\/\/www.affinite.fr\/index.php\/wp-json\/wp\/v2\/comments?post=3853"}],"version-history":[{"count":0,"href":"http:\/\/www.affinite.fr\/index.php\/wp-json\/wp\/v2\/posts\/3853\/revisions"}],"wp:featuredmedia":[{"embeddable":true,"href":"http:\/\/www.affinite.fr\/index.php\/wp-json\/wp\/v2\/media\/3854"}],"wp:attachment":[{"href":"http:\/\/www.affinite.fr\/index.php\/wp-json\/wp\/v2\/media?parent=3853"}],"wp:term":[{"taxonomy":"category","embeddable":true,"href":"http:\/\/www.affinite.fr\/index.php\/wp-json\/wp\/v2\/categories?post=3853"},{"taxonomy":"post_tag","embeddable":true,"href":"http:\/\/www.affinite.fr\/index.php\/wp-json\/wp\/v2\/tags?post=3853"}],"curies":[{"name":"wp","href":"https:\/\/api.w.org\/{rel}","templated":true}]}}