{"id":3849,"date":"2020-06-10T14:49:40","date_gmt":"2020-06-10T14:49:40","guid":{"rendered":"https:\/\/www.affinite.fr\/index.php\/2020\/06\/10\/les-victimes-peuvent-desormais-debloquer-leur-epargne-salariale\/"},"modified":"2020-06-10T14:49:40","modified_gmt":"2020-06-10T14:49:40","slug":"les-victimes-peuvent-desormais-debloquer-leur-epargne-salariale","status":"publish","type":"post","link":"http:\/\/www.affinite.fr\/index.php\/2020\/06\/10\/les-victimes-peuvent-desormais-debloquer-leur-epargne-salariale\/","title":{"rendered":"les victimes peuvent d\u00e9sormais d\u00e9bloquer leur \u00e9pargne salariale"},"content":{"rendered":"<p> [ad_1]<br \/>\n<br \/><img decoding=\"async\" src=\"https:\/\/img-3.journaldesfemmes.fr\/-lLlx6bYTF6CA6K6ikkpmnxg10M=\/1280x\/smart\/e9c4d25e38ef4e668195b280e6a16212\/ccmcms-jdf\/16317597.jpg\" \/><\/p>\n<p>\n                Afin de s&rsquo;\u00e9loigner au plus vite de leurs agresseurs, les victimes de violences conjugales peuvent d\u00e9sormais demander le d\u00e9blocage anticip\u00e9 de leur \u00e9pargne salariale.            <\/p>\n<div>\n<p>Gr\u00e2ce \u00e0 un d\u00e9cret\u00a0paru au Journal officiel ce samedi 6 juin,<strong> les victimes de <a href=\"https:\/\/www.journaldesfemmes.fr\/societe\/violence-conjugale\/\">violences conjugales<\/a> peuvent d\u00e9sormais\u00a0d\u00e9bloquer par anticipation\u00a0leur \u00e9pargne salariale.<\/strong> Cette demande peut\u00a0\u00eatre faite \u00e0 tout moment\u00a0depuis <strong>le 7 juin 2020<\/strong> en cas de \u00ab\u00a0<em>v<\/em><em>iolences commises contre l&rsquo;int\u00e9ress\u00e9e par son conjoint, son concubin ou son partenaire li\u00e9 par un pacte civil de solidarit\u00e9, ou son ancien conjoint, concubin ou partenaire\u00a0\u00bb<\/em>. Cette mesure avait \u00e9t\u00e9 annonc\u00e9e en novembre dernier lors du \u00ab\u00a0Grenelle\u00a0\u00bb contre les violences conjugales.<br \/>Pour b\u00e9n\u00e9ficier de ce nouveau dispositif, les victimes doivent obtenir par le juge aux affaires familiales<strong> une ordonnance de protection<\/strong>, interdisant leur\u00a0compagnon violent d&rsquo;entrer en contact\u00a0avec elle ou ses enfants.\u00a0<\/p>\n<h2>Une aide \u00e0 l&rsquo;autonomie financi\u00e8re\u00a0<\/h2>\n<p><em>\u00ab\u00a0Cela leur permettra ainsi de pouvoir <strong>disposer de fonds dans un d\u00e9lai court pour faire face aux changements mat\u00e9riels<\/strong> impos\u00e9s par leur situation, par exemple si elles se voient contraintes de d\u00e9m\u00e9nager\u00a0\u00bb<\/em>, pr\u00e9cise la mesure 24\u00a0du rapport de cl\u00f4ture du Grenelle contre les violences conjugales. Cela permettrait aux victimes d&rsquo;acqu\u00e9rir\u00a0une certaine <strong>autonomie financi\u00e8re <\/strong>lorsqu&rsquo;elles d\u00e9cident de <em><strong>\u00ab\u00a0claquer la porte et se sauver<\/strong>\u00ab\u00a0<\/em>, a d\u00e9clar\u00e9\u00a0la ministre du Travail, Muriel P\u00e9nicaud.\u00a0<\/p>\n<p><strong>Le d\u00e9blocage de l&rsquo;\u00e9pargne salariale<\/strong> est \u00e9galement possible lorsque \u00ab\u00a0<em>les faits donnent lieu \u00e0 une alternative aux poursuites, \u00e0 une composition p\u00e9nale, \u00e0 l&rsquo;ouverture d&rsquo;une information par le procureur de la R\u00e9publique, \u00e0 la saisine du tribunal correctionnel par le procureur de la R\u00e9publique ou le juge d&rsquo;instruction, \u00e0 une mise en examen ou \u00e0 une condamnation p\u00e9nale, m\u00eame non d\u00e9finitive\u00a0\u00bb<\/em>, compl\u00e8te le d\u00e9cret.<\/p>\n<h2>Un dispositif limit\u00e9\u00a0<\/h2>\n<aside id=\"NL_2111014320\" class=\"newsletter_subscription jNlBlock\"><noscript><br \/>\n            <\/noscript><\/p>\n<h3 class=\"newsletter_subscription-title\">Newsletter <\/h3>\n<p><a href=\"\/\/mailing.ccmbg.com\/archive\/last-85\" target=\"_blank\" class=\"a_hover\" rel=\"noopener noreferrer\">Voir un exemple<\/a><\/p>\n<\/aside>\n<p>Mais ce dispositif pr\u00e9sente certaines limites. En France, <strong>seulement 51% des victimes de violences ont un emploi.\u00a0<\/strong>Ainsi, bon\u00a0nombre d&rsquo;entre elles\u00a0ne pourront\u00a0pas b\u00e9n\u00e9ficier de cette ressource. Au contraire,\u00a072\u00a0% des conjoints violents travaillent, ce qui cr\u00e9\u00e9\u00a0des in\u00e9galit\u00e9s de ressources \u00e9videntes.\u00a0<\/p>\n<\/p><\/div>\n<p>[ad_2]<br \/>\n<br \/><a href=\"https:\/\/www.journaldesfemmes.fr\/societe\/combats-de-femmes\/2642275-violences-conjugales-les-victimes-peuvent-desormais-debloquer-leur-epargne-salariale\/\">Source link <\/a><\/p>\n","protected":false},"excerpt":{"rendered":"<p>[ad_1] Afin de s&rsquo;\u00e9loigner au plus vite de leurs agresseurs, les victimes de violences conjugales peuvent d\u00e9sormais demander le d\u00e9blocage &hellip; <a href=\"http:\/\/www.affinite.fr\/index.php\/2020\/06\/10\/les-victimes-peuvent-desormais-debloquer-leur-epargne-salariale\/\" class=\"more-link\">Plus <span class=\"screen-reader-text\">les victimes peuvent d\u00e9sormais d\u00e9bloquer leur \u00e9pargne salariale<\/span> <span class=\"meta-nav\">&rarr;<\/span><\/a><\/p>\n","protected":false},"author":1,"featured_media":3850,"comment_status":"open","ping_status":"open","sticky":false,"template":"","format":"standard","meta":{"_sitemap_exclude":false,"_sitemap_priority":"","_sitemap_frequency":"","footnotes":""},"categories":[1],"tags":[],"class_list":["post-3849","post","type-post","status-publish","format-standard","has-post-thumbnail","hentry","category-tous"],"_links":{"self":[{"href":"http:\/\/www.affinite.fr\/index.php\/wp-json\/wp\/v2\/posts\/3849"}],"collection":[{"href":"http:\/\/www.affinite.fr\/index.php\/wp-json\/wp\/v2\/posts"}],"about":[{"href":"http:\/\/www.affinite.fr\/index.php\/wp-json\/wp\/v2\/types\/post"}],"author":[{"embeddable":true,"href":"http:\/\/www.affinite.fr\/index.php\/wp-json\/wp\/v2\/users\/1"}],"replies":[{"embeddable":true,"href":"http:\/\/www.affinite.fr\/index.php\/wp-json\/wp\/v2\/comments?post=3849"}],"version-history":[{"count":0,"href":"http:\/\/www.affinite.fr\/index.php\/wp-json\/wp\/v2\/posts\/3849\/revisions"}],"wp:featuredmedia":[{"embeddable":true,"href":"http:\/\/www.affinite.fr\/index.php\/wp-json\/wp\/v2\/media\/3850"}],"wp:attachment":[{"href":"http:\/\/www.affinite.fr\/index.php\/wp-json\/wp\/v2\/media?parent=3849"}],"wp:term":[{"taxonomy":"category","embeddable":true,"href":"http:\/\/www.affinite.fr\/index.php\/wp-json\/wp\/v2\/categories?post=3849"},{"taxonomy":"post_tag","embeddable":true,"href":"http:\/\/www.affinite.fr\/index.php\/wp-json\/wp\/v2\/tags?post=3849"}],"curies":[{"name":"wp","href":"https:\/\/api.w.org\/{rel}","templated":true}]}}