{"id":3847,"date":"2020-06-10T13:50:23","date_gmt":"2020-06-10T13:50:23","guid":{"rendered":"https:\/\/www.affinite.fr\/index.php\/2020\/06\/10\/citroen-annonce-le-c4-sa-compacte-100-electrique\/"},"modified":"2020-06-10T13:50:23","modified_gmt":"2020-06-10T13:50:23","slug":"citroen-annonce-le-c4-sa-compacte-100-electrique","status":"publish","type":"post","link":"http:\/\/www.affinite.fr\/index.php\/2020\/06\/10\/citroen-annonce-le-c4-sa-compacte-100-electrique\/","title":{"rendered":"Citro\u00ebn annonce l\u2019\u00eb-C4, sa compacte 100% \u00e9lectrique"},"content":{"rendered":"<p> [ad_1]<br \/>\n<br \/><img decoding=\"async\" src=\"https:\/\/img.bfmtv.com\/i\/0\/0\/d28\/0259b64d14cf699c39337eaa43d69.jpg\" \/><\/p>\n<div itemprop=\"articleBody\">\n<p>Citro\u00ebn avait promis une ann\u00e9e 2020 \u00e9lectrique. Jusqu\u2019\u00e0 pr\u00e9sent cet engagement est respect\u00e9. Apr\u00e8s l\u2019Ami, sa voiture \u00e9lectrique sans permis \u00e0 20 euros par mois, d\u00e9voil\u00e9e fin f\u00e9vrier, la marque du groupe PSA confirme l\u2019arriv\u00e9e d\u2019une version \u00e9lectrique pour son coeur de gamme, la C4. Le\u00a0lever de rideau et la d\u00e9couverte en d\u00e9tails de la compacte ont \u00e9t\u00e9 fix\u00e9s\u00a0au 30 juin, mais dans un teasing dont la marque est friande, son nom et sa motorisation qui n\u2019\u00e9taient que des suppositions jusqu\u2019ici, ont \u00e9t\u00e9 confirm\u00e9s.<\/p>\n<h3 style=\"color:#333; font-family:arial,helvetica,sans-serif; font-size:23px; font-weight:700\">Une cousine (pas si) \u00e9loign\u00e9e de la Peugeot e-2008 ?<\/h3>\n<p>La nouvelle g\u00e9n\u00e9ration de C4 est bien \u00e9videmment construite sur la plate-forme CMP du groupe, la m\u00eame qui a donn\u00e9 naissance il y a quelques mois \u00e0 la Peugeot e-2008 ou encore le DS3 Crossback. Il ne serait d\u2019ailleurs pas surprenant de voir sur la future \u00eb-C4 des caract\u00e9ristiques techniques tr\u00e8s proches de ses cousines de Sochaux. Ainsi le couple moteur batterie de 100 kW (136 ch) et 50 kWh devrait reprendre du service comme sur les autres compactes du groupe et notamment la derni\u00e8re Opel Corsa e. En revanche, et ce d\u00e9tail pourrait avoir des cons\u00e9quences importantes sur l\u2019autonomie, la C4 devrait avoir des mensurations bien plus imposantes que ses \u00e9quivalents chez PSA. C\u2019est l\u2019un des aspects qui sera scrut\u00e9 lors de la pr\u00e9sentation officielle de cette \u00eb C4 : pourra-t-elle d\u00e9passer les 300 km d\u2019autonomie ?<\/p>\n<aside class=\"bg-color-0 padding-inside-all-s bloc border-s\">\n<h4 class=\"box-txt-normal\">\n<p><strong>\u00c0 d\u00e9couvrir aussi en vid\u00e9o :<\/strong><\/p>\n<\/h4>\n<\/aside>\n<p>Il faudra \u00e9galement attendre le 30 juin, pour avoir une id\u00e9e pr\u00e9cise du prix de la berline. Historiquement, celui de la C4 est assez proche de celui de la 2008. Si la logique est respect\u00e9e, la future voiture \u00e9lectrique de Citro\u00ebn devrait \u00eatre propos\u00e9e aux alentours de 35 000 euros, hors bonus \u00e9cologique.<\/p>\n<\/p><\/div>\n<p><script>\n         !function(f,b,e,v,n,t,s){if(f.fbq)return;n=f.fbq=function()\n         {n.callMethod? n.callMethod.apply(n,arguments):n.queue.push(arguments)}\n         ;if(!f._fbq)f._fbq=n;\n             n.push=n;n.loaded=!0;n.version='2.0';n.queue=[];t=b.createElement(e);t.async=!0;\n             t.src=v;s=b.getElementsByTagName(e)[0];s.parentNode.insertBefore(t,s)}(window,\n                 document,'script','https:\/\/connect.facebook.net\/en_US\/fbevents.js');\n         fbq('init', '1065890633454496');\n         fbq('track', 'PageView');\n     <\/script><br \/>\n<br \/>[ad_2]<br \/>\n<br \/><a href=\"https:\/\/www.01net.com\/actualites\/citroen-annonce-l-e-c4-sa-compacte-100percent-electrique-1930506.html\">Source link <\/a><\/p>\n","protected":false},"excerpt":{"rendered":"<p>[ad_1] Citro\u00ebn avait promis une ann\u00e9e 2020 \u00e9lectrique. Jusqu\u2019\u00e0 pr\u00e9sent cet engagement est respect\u00e9. Apr\u00e8s l\u2019Ami, sa voiture \u00e9lectrique sans &hellip; <a href=\"http:\/\/www.affinite.fr\/index.php\/2020\/06\/10\/citroen-annonce-le-c4-sa-compacte-100-electrique\/\" class=\"more-link\">Plus <span class=\"screen-reader-text\">Citro\u00ebn annonce l\u2019\u00eb-C4, sa compacte 100% \u00e9lectrique<\/span> <span class=\"meta-nav\">&rarr;<\/span><\/a><\/p>\n","protected":false},"author":1,"featured_media":3848,"comment_status":"open","ping_status":"open","sticky":false,"template":"","format":"standard","meta":{"_sitemap_exclude":false,"_sitemap_priority":"","_sitemap_frequency":"","footnotes":""},"categories":[1],"tags":[],"class_list":["post-3847","post","type-post","status-publish","format-standard","has-post-thumbnail","hentry","category-tous"],"_links":{"self":[{"href":"http:\/\/www.affinite.fr\/index.php\/wp-json\/wp\/v2\/posts\/3847"}],"collection":[{"href":"http:\/\/www.affinite.fr\/index.php\/wp-json\/wp\/v2\/posts"}],"about":[{"href":"http:\/\/www.affinite.fr\/index.php\/wp-json\/wp\/v2\/types\/post"}],"author":[{"embeddable":true,"href":"http:\/\/www.affinite.fr\/index.php\/wp-json\/wp\/v2\/users\/1"}],"replies":[{"embeddable":true,"href":"http:\/\/www.affinite.fr\/index.php\/wp-json\/wp\/v2\/comments?post=3847"}],"version-history":[{"count":0,"href":"http:\/\/www.affinite.fr\/index.php\/wp-json\/wp\/v2\/posts\/3847\/revisions"}],"wp:featuredmedia":[{"embeddable":true,"href":"http:\/\/www.affinite.fr\/index.php\/wp-json\/wp\/v2\/media\/3848"}],"wp:attachment":[{"href":"http:\/\/www.affinite.fr\/index.php\/wp-json\/wp\/v2\/media?parent=3847"}],"wp:term":[{"taxonomy":"category","embeddable":true,"href":"http:\/\/www.affinite.fr\/index.php\/wp-json\/wp\/v2\/categories?post=3847"},{"taxonomy":"post_tag","embeddable":true,"href":"http:\/\/www.affinite.fr\/index.php\/wp-json\/wp\/v2\/tags?post=3847"}],"curies":[{"name":"wp","href":"https:\/\/api.w.org\/{rel}","templated":true}]}}