{"id":3841,"date":"2020-06-10T10:43:14","date_gmt":"2020-06-10T10:43:14","guid":{"rendered":"https:\/\/www.affinite.fr\/index.php\/2020\/06\/10\/finalement-le-successeur-du-samsung-galaxy-fold-naurait-pas-de-stylet\/"},"modified":"2020-06-10T10:43:14","modified_gmt":"2020-06-10T10:43:14","slug":"finalement-le-successeur-du-samsung-galaxy-fold-naurait-pas-de-stylet","status":"publish","type":"post","link":"http:\/\/www.affinite.fr\/index.php\/2020\/06\/10\/finalement-le-successeur-du-samsung-galaxy-fold-naurait-pas-de-stylet\/","title":{"rendered":"Finalement, le successeur du Samsung Galaxy Fold n&rsquo;aurait pas de stylet"},"content":{"rendered":"<p> [ad_1]<br \/>\n<br \/><img decoding=\"async\" src=\"https:\/\/img.bfmtv.com\/i\/0\/0\/07e8\/71517134a1626ace4c4f97c9bda0.png\" \/><\/p>\n<div itemprop=\"articleBody\">\n<p>Le Galaxy Fold 2 (ou Z Fold) aura-t-il un stylet ? Depuis plusieurs mois, <a href=\"https:\/\/www.01net.com\/actualites\/galaxy-z-fold-le-prochain-smartphone-pliant-de-samsung-pourrait-remplacer-votre-tablette-1897224.html\" target=\"_blank\" rel=\"noopener noreferrer\">toutes les rumeurs<\/a> s&rsquo;accordent sur ce point, affirmant que Samsung aimerait faire de son nouveau smartphone pliant l&rsquo;appareil parfait pour prendre des notes ou dessiner. Impossible de ne pas saliver en imaginant d\u00e9plier son smartphone et \u00e9crire dessus comme s&rsquo;il s&rsquo;agissait d&rsquo;un petit carnet.\u00a0<\/p>\n<p>Malheureusement, le m\u00e9dia cor\u00e9en <em>The Elec\u00a0<\/em>croit savoir que tout le monde s&rsquo;est emball\u00e9. En raison de la finesse de son \u00e9cran (environ 0,3\u00a0mm), le futur Galaxy Fold devrait se contenter d&rsquo;une navigation tactile. Samsung ne juge pas la technologie suffisamment mature pour prendre ce risque.\u00a0<\/p>\n<h3 style=\"color:#333; font-family:arial,helvetica,sans-serif; font-size:23px; font-weight:700\">Un \u00e9cran trop facile \u00e0 ab\u00eemer\u00a0<\/h3>\n<p>D&rsquo;une diagonale de 7,7 pouces, l&rsquo;\u00e9cran du Galaxy Z Fold devrait donc faire l&rsquo;impasse sur la fonction prise de notes. Le Cor\u00e9en aurait longtemps pens\u00e9 qu&rsquo;il trouverait une solution \u00e0 temps avant d&rsquo;admettre l&rsquo;in\u00e9vitable, les \u00e9crans pliants sont encore trop fragiles. Un stylet avec diff\u00e9rents niveaux de pression inciterait l&rsquo;utilisation \u00e0 appuyer trop fort\u2026 au risque de fragiliser son appareil.\u00a0On se consolera en \u00e9voquant le taux de rafra\u00eechissement de 120 Hz du successeur du <a href=\"https:\/\/www.01net.com\/tests\/test-du-samsung-galaxy-fold-le-premier-smartphone-pliable-de-l-histoire-donne-un-bel-apercu-du-futur-6317.html\" target=\"_blank\" rel=\"noopener noreferrer\">Galaxy Fold <\/a>et ses bordures r\u00e9duites.\u00a0<\/p>\n<aside class=\"bg-color-0 padding-inside-all-s bloc border-s\">\n<h4 class=\"box-txt-normal\">\n<p><strong>\u00c0 d\u00e9couvrir aussi en vid\u00e9o :<\/strong><\/p>\n<\/h4>\n<\/aside>\n<p><span style=\"color:inherit\">Selon les\u00a0<\/span>derni\u00e8res rumeurs, Samsung d\u00e9voilerait son nouveau Fold le 5 ao\u00fbt. Le Galaxy Note 20, \u00e9quip\u00e9 d&rsquo;un stylet, l&rsquo;accompagnerait.\u00a0<\/p>\n<p><strong style=\"color:inherit\">Source :\u00a0<\/strong><a href=\"http:\/\/www.thelec.kr\/news\/articleView.html?idxno=6362\" target=\"_blank\" rel=\"noopener noreferrer\">The Elec<\/a><\/p>\n<\/p><\/div>\n<p><script>\n         !function(f,b,e,v,n,t,s){if(f.fbq)return;n=f.fbq=function()\n         {n.callMethod? n.callMethod.apply(n,arguments):n.queue.push(arguments)}\n         ;if(!f._fbq)f._fbq=n;\n             n.push=n;n.loaded=!0;n.version='2.0';n.queue=[];t=b.createElement(e);t.async=!0;\n             t.src=v;s=b.getElementsByTagName(e)[0];s.parentNode.insertBefore(t,s)}(window,\n                 document,'script','https:\/\/connect.facebook.net\/en_US\/fbevents.js');\n         fbq('init', '1065890633454496');\n         fbq('track', 'PageView');\n     <\/script><br \/>\n<br \/>[ad_2]<br \/>\n<br \/><a href=\"https:\/\/www.01net.com\/actualites\/finalement-le-successeur-du-samsung-galaxy-fold-n-aurait-pas-de-stylet-1930518.html\">Source link <\/a><\/p>\n","protected":false},"excerpt":{"rendered":"<p>[ad_1] Le Galaxy Fold 2 (ou Z Fold) aura-t-il un stylet ? Depuis plusieurs mois, toutes les rumeurs s&rsquo;accordent sur &hellip; <a href=\"http:\/\/www.affinite.fr\/index.php\/2020\/06\/10\/finalement-le-successeur-du-samsung-galaxy-fold-naurait-pas-de-stylet\/\" class=\"more-link\">Plus <span class=\"screen-reader-text\">Finalement, le successeur du Samsung Galaxy Fold n&rsquo;aurait pas de stylet<\/span> <span class=\"meta-nav\">&rarr;<\/span><\/a><\/p>\n","protected":false},"author":1,"featured_media":3842,"comment_status":"open","ping_status":"open","sticky":false,"template":"","format":"standard","meta":{"_sitemap_exclude":false,"_sitemap_priority":"","_sitemap_frequency":"","footnotes":""},"categories":[1],"tags":[],"class_list":["post-3841","post","type-post","status-publish","format-standard","has-post-thumbnail","hentry","category-tous"],"_links":{"self":[{"href":"http:\/\/www.affinite.fr\/index.php\/wp-json\/wp\/v2\/posts\/3841"}],"collection":[{"href":"http:\/\/www.affinite.fr\/index.php\/wp-json\/wp\/v2\/posts"}],"about":[{"href":"http:\/\/www.affinite.fr\/index.php\/wp-json\/wp\/v2\/types\/post"}],"author":[{"embeddable":true,"href":"http:\/\/www.affinite.fr\/index.php\/wp-json\/wp\/v2\/users\/1"}],"replies":[{"embeddable":true,"href":"http:\/\/www.affinite.fr\/index.php\/wp-json\/wp\/v2\/comments?post=3841"}],"version-history":[{"count":0,"href":"http:\/\/www.affinite.fr\/index.php\/wp-json\/wp\/v2\/posts\/3841\/revisions"}],"wp:featuredmedia":[{"embeddable":true,"href":"http:\/\/www.affinite.fr\/index.php\/wp-json\/wp\/v2\/media\/3842"}],"wp:attachment":[{"href":"http:\/\/www.affinite.fr\/index.php\/wp-json\/wp\/v2\/media?parent=3841"}],"wp:term":[{"taxonomy":"category","embeddable":true,"href":"http:\/\/www.affinite.fr\/index.php\/wp-json\/wp\/v2\/categories?post=3841"},{"taxonomy":"post_tag","embeddable":true,"href":"http:\/\/www.affinite.fr\/index.php\/wp-json\/wp\/v2\/tags?post=3841"}],"curies":[{"name":"wp","href":"https:\/\/api.w.org\/{rel}","templated":true}]}}