{"id":384,"date":"2020-03-08T05:54:54","date_gmt":"2020-03-08T05:54:54","guid":{"rendered":"https:\/\/www.affinite.fr\/index.php\/2020\/03\/08\/google-propose-de-payer-certains-medias-francais\/"},"modified":"2020-03-08T05:54:54","modified_gmt":"2020-03-08T05:54:54","slug":"google-propose-de-payer-certains-medias-francais","status":"publish","type":"post","link":"http:\/\/www.affinite.fr\/index.php\/2020\/03\/08\/google-propose-de-payer-certains-medias-francais\/","title":{"rendered":"Google propose de payer certains m\u00e9dias fran\u00e7ais"},"content":{"rendered":"<p> [ad_1]<br \/>\n<br \/><img decoding=\"async\" src=\"https:\/\/img.bfmtv.com\/i\/0\/0\/144\/54fa51e6102d541d21a04f1a2e23d.jpeg\" \/><\/p>\n<div itemprop=\"articleBody\">\n<p>Apr\u00e8s avoir refus\u00e9 cat\u00e9goriquement de payer les \u00e9diteurs fran\u00e7ais, Google met de l\u2019eau dans son vin. Il aurait propos\u00e9 \u00e0 plusieurs d\u2019entre eux de les r\u00e9mun\u00e9rer pour des contenus d&rsquo;information, a affirm\u00e9 mardi le quotidien <em>Le Monde<\/em>, qui dit faire partie des m\u00e9dias approch\u00e9s.<\/p>\n<h3 style=\"color:#333;font-family:arial,helvetica,sans-serif;font-size:23px;font-weight:700;\">Entre 90 000 et 900 000 euros<\/h3>\n<p>L&rsquo;id\u00e9e avanc\u00e9e par le g\u00e9ant am\u00e9ricain de la recherche en ligne consisterait \u00e0 r\u00e9mun\u00e9rer des titres de presse (entre 90.000 et 900.000 euros), en \u00e9change de la publication de leurs articles <em>\u00ab\u00a0dans un espace destin\u00e9 \u00e0 des contenus de m\u00e9dias d&rsquo;informations\u00a0\u00bb<\/em>, selon les informations du <em>Monde<\/em>. Cet espace pourrait prendre la forme d&rsquo;un nouvel onglet de recherche sur Google.fr, ou d&rsquo;une section \u00e0 part dans Google Actualit\u00e9s, ajoute le quotidien, qui pr\u00e9cise que l&rsquo;id\u00e9e a \u00e9t\u00e9 notamment <em>\u00ab\u00a0test\u00e9e\u00a0\u00bb<\/em> aupr\u00e8s du <em>Figaro<\/em>, du groupe <em>Les Echos-Le Parisien<\/em> et de titres de presse r\u00e9gionale dont <em>Ouest-France<\/em>.<\/p>\n<aside class=\"bg-color-0 padding-inside-all-s bloc border-s\">\n<h4 class=\"box-txt-normal\">\n<p><strong>A d\u00e9couvrir aussi en vid\u00e9o<\/strong><\/p>\n<\/h4>\n<\/aside>\n<p>Rappelons que les \u00e9diteurs de presse avaient d\u00e9pos\u00e9 <a href=\"https:\/\/www.01net.com\/actualites\/droits-voisins-les-editeurs-de-presse-francais-portent-plainte-contre-google-1793495.html\" target=\"_blank\" rel=\"noopener noreferrer\">plainte en octobre dernier aupr\u00e8s de l&rsquo;Autorit\u00e9 de la concurrence contre Google pour abus de position dominante<\/a>. Ils lui reprochent de ne pas respecter la directive europ\u00e9enne sur <a href=\"https:\/\/www.01net.com\/actualites\/droit-voisin-la-remuneration-des-medias-bientot-obligatoire-pour-toute-reutilisation-de-leurs-articles-1725262.html\" target=\"_blank\" rel=\"noopener noreferrer\">les droits voisins<\/a>. Interrog\u00e9e par l&rsquo;AFP, une porte-parole de Google a cependant assur\u00e9 que l&rsquo;entreprise n&rsquo;avait pas vari\u00e9 dans sa position sur le sujet du droit voisin, tout en disant r\u00e9fl\u00e9chir \u00e0 de nouveaux moyens de soutenir les \u00e9diteurs de presse, en plus de ce que le groupe fait d\u00e9j\u00e0 au travers de dispositifs tels que son fonds de soutien aux innovations dans les m\u00e9dias, Google News Initiative.<\/p>\n<p><em>\u00ab\u00a0Nous voulons aider les gens \u00e0 trouver un journalisme de qualit\u00e9\u00a0\u00bb<\/em>, et <em>\u00ab\u00a0nous discutons avec des partenaires et envisageons d&rsquo;autres possibilit\u00e9s pour d\u00e9velopper notre travail avec les \u00e9diteurs de presse, au-del\u00e0 de programmes comme Google News Initiative\u00a0\u00bb<\/em>, a indiqu\u00e9 le groupe \u00e0 l&rsquo;AFP, sans plus de pr\u00e9cisions.<\/p>\n<\/p><\/div>\n<p><script>\n         !function(f,b,e,v,n,t,s){if(f.fbq)return;n=f.fbq=function()\n         {n.callMethod? n.callMethod.apply(n,arguments):n.queue.push(arguments)}\n         ;if(!f._fbq)f._fbq=n;\n             n.push=n;n.loaded=!0;n.version='2.0';n.queue=[];t=b.createElement(e);t.async=!0;\n             t.src=v;s=b.getElementsByTagName(e)[0];s.parentNode.insertBefore(t,s)}(window,\n                 document,'script','https:\/\/connect.facebook.net\/en_US\/fbevents.js');\n         fbq('init', '1065890633454496');\n         fbq('track', 'PageView');\n     <\/script><br \/>\n<br \/>[ad_2]<br \/>\n<br \/><a href=\"https:\/\/www.01net.com\/actualites\/google-propose-de-payer-certains-medias-francais-1868980.html\">Source link <\/a><\/p>\n","protected":false},"excerpt":{"rendered":"<p>[ad_1] Apr\u00e8s avoir refus\u00e9 cat\u00e9goriquement de payer les \u00e9diteurs fran\u00e7ais, Google met de l\u2019eau dans son vin. Il aurait propos\u00e9 &hellip; <a href=\"http:\/\/www.affinite.fr\/index.php\/2020\/03\/08\/google-propose-de-payer-certains-medias-francais\/\" class=\"more-link\">Plus <span class=\"screen-reader-text\">Google propose de payer certains m\u00e9dias fran\u00e7ais<\/span> <span class=\"meta-nav\">&rarr;<\/span><\/a><\/p>\n","protected":false},"author":1,"featured_media":385,"comment_status":"open","ping_status":"open","sticky":false,"template":"","format":"standard","meta":{"_sitemap_exclude":false,"_sitemap_priority":"","_sitemap_frequency":"","footnotes":""},"categories":[1],"tags":[],"class_list":["post-384","post","type-post","status-publish","format-standard","has-post-thumbnail","hentry","category-tous"],"_links":{"self":[{"href":"http:\/\/www.affinite.fr\/index.php\/wp-json\/wp\/v2\/posts\/384"}],"collection":[{"href":"http:\/\/www.affinite.fr\/index.php\/wp-json\/wp\/v2\/posts"}],"about":[{"href":"http:\/\/www.affinite.fr\/index.php\/wp-json\/wp\/v2\/types\/post"}],"author":[{"embeddable":true,"href":"http:\/\/www.affinite.fr\/index.php\/wp-json\/wp\/v2\/users\/1"}],"replies":[{"embeddable":true,"href":"http:\/\/www.affinite.fr\/index.php\/wp-json\/wp\/v2\/comments?post=384"}],"version-history":[{"count":0,"href":"http:\/\/www.affinite.fr\/index.php\/wp-json\/wp\/v2\/posts\/384\/revisions"}],"wp:featuredmedia":[{"embeddable":true,"href":"http:\/\/www.affinite.fr\/index.php\/wp-json\/wp\/v2\/media\/385"}],"wp:attachment":[{"href":"http:\/\/www.affinite.fr\/index.php\/wp-json\/wp\/v2\/media?parent=384"}],"wp:term":[{"taxonomy":"category","embeddable":true,"href":"http:\/\/www.affinite.fr\/index.php\/wp-json\/wp\/v2\/categories?post=384"},{"taxonomy":"post_tag","embeddable":true,"href":"http:\/\/www.affinite.fr\/index.php\/wp-json\/wp\/v2\/tags?post=384"}],"curies":[{"name":"wp","href":"https:\/\/api.w.org\/{rel}","templated":true}]}}