{"id":3823,"date":"2020-06-10T01:25:36","date_gmt":"2020-06-10T01:25:36","guid":{"rendered":"https:\/\/www.affinite.fr\/index.php\/2020\/06\/10\/avec-gopro-labs-la-celebre-marque-elargit-le-champ-des-possibles\/"},"modified":"2020-06-10T01:25:36","modified_gmt":"2020-06-10T01:25:36","slug":"avec-gopro-labs-la-celebre-marque-elargit-le-champ-des-possibles","status":"publish","type":"post","link":"http:\/\/www.affinite.fr\/index.php\/2020\/06\/10\/avec-gopro-labs-la-celebre-marque-elargit-le-champ-des-possibles\/","title":{"rendered":"avec GoPro Labs, la c\u00e9l\u00e8bre marque \u00e9largit le champ des possibles"},"content":{"rendered":"<p> [ad_1]<br \/>\n<\/p>\n<div itemprop=\"articleBody\">\n<p>GoPro annonce son \u00ab\u00a0GoPro Labs\u00a0\u00bb, un programme qui offre aux utilisateurs l\u2019acc\u00e8s \u00e0 des fonctions avanc\u00e9es, voire exp\u00e9rimentales, de ses cam\u00e9ras d\u2019action, plus pr\u00e9cis\u00e9ment de\u00a0sa <a href=\"https:\/\/www.01net.com\/tests\/test-de-la-gopro-hero8-black-l-indetronable-reine-des-cameras-d-action-s-ameliore-encore-6325.html\" target=\"_blank\" rel=\"noopener noreferrer\">Hero8 Black<\/a>, son nouveau mod\u00e8le haut de gamme que nous avons d\u00e9j\u00e0 eu l\u2019occasion de tester.<\/p>\n<p>D\u00e9viant un peu des r\u00e9glages vid\u00e9o purs qui ont fait la renomm\u00e9e de GoPro, le programme Labs est l\u2019occasion pour GoPro d\u2019offrir un acc\u00e8s \u00e0 des param\u00e9trages in\u00e9dits. Pour cette premi\u00e8re phase du programme, les d\u00e9tenteurs de Hero8 Black vont pouvoir profiter de trois nouvelles fonctions\u00a0: une r\u00e9duction du rolling-shutter, un syst\u00e8me de programmation de la cam\u00e9ra par QR code et l\u2019enregistrement en dur des informations du propri\u00e9taire (mail, t\u00e9l, etc) ) dans la cam\u00e9ra.<\/p>\n<p>Issue du rachat des sp\u00e9cialistes de la stabilisation logicielle ReelSteady, la premi\u00e8re fonction a pour but de corriger l\u2019effet de d\u00e9formation des verticales (caus\u00e9\u00a0par la lecture d&rsquo;informations du capteur qui se fait ligne par ligne). De quoi donner un look moins amateur aux vid\u00e9os, notamment sur les objets en mouvements, les pales d\u2019avion, etc.<\/p>\n<figure class=\"figure text-center\"><img decoding=\"async\" class=\"article-img img-responsive-l\" src=\"https:\/\/img.bfmtv.com\/c\/1200\/850\/24d\/31137a618282b002b89672dd808b8.png\" alt=\"\"\/><figcaption class=\"figure-caption figcaption color-txt-0 title-xs hidden-xs\"\/><\/figure>\n<p>L\u2019autre fonctionnalit\u00e9 utilise les <a href=\"https:\/\/community.gopro.com\/t5\/en\/Using-QR-Control-on-HERO8-Black\/ta-p\/603196#\" target=\"_blank\" rel=\"noopener noreferrer\">QR codes<\/a> pour programmer la cam\u00e9ra. Il suffit d\u2019allumer la cam\u00e9ra et de lui faire voir un QR code pour la programmer. GoPro a mis en place un <a href=\"https:\/\/gopro.github.io\/labs\/control\/custom\/\" target=\"_blank\" rel=\"noopener noreferrer\">g\u00e9n\u00e9rateur de QR code<\/a> (dont le code source est publi\u00e9 sur GitHub) qui permet de cr\u00e9er des codes afin de rapidement changer les r\u00e9glages de vos cam\u00e9ras. Une fonctionnalit\u00e9 bienvenue tant le nombre d\u2019options des menus peut s\u2019av\u00e9rer chronophage, surtout quand on doit g\u00e9rer plusieurs cam\u00e9ras simultan\u00e9ment.<\/p>\n<figure class=\"figure text-center\"><img decoding=\"async\" class=\"article-img img-responsive-l\" src=\"https:\/\/img.bfmtv.com\/c\/1000\/600\/f03a3\/002a0592c5f75ae7ea99d1b64d0.png\" alt=\"\"\/><figcaption class=\"figure-caption figcaption color-txt-0 title-xs hidden-xs\"\/><\/figure>\n<p>La fonction de programmation par QR code a d\u2019ailleurs d\u00e9j\u00e0 \u00e9t\u00e9 utilis\u00e9e par Northrop Grumman sur un lancement de fus\u00e9e Antares \u00e0 destination de la station spatiale internationale. Le probl\u00e8me des op\u00e9rateurs vid\u00e9o est que le site n\u2019est plus accessible 72h avant le lancement et qu\u2019il est impossible de piloter les cam\u00e9ras en Wi-Fi \u00e0 cause des distances et de la batterie \u2013 impossible d\u2019ajouter une source d\u2019alimentation ext\u00e9rieure. Gr\u00e2ce au QR code du GoPro Labs, les \u00e9quipes ont cr\u00e9\u00e9 un code qui programme l\u2019enregistrement vid\u00e9o \u00e0 un horaire sp\u00e9cifique et qui est capable de r\u00e9veiller la cam\u00e9ra m\u00eame compl\u00e8tement \u00e9teinte.<\/p>\n<figure class=\"figure text-center\"><img decoding=\"async\" class=\"article-img img-responsive-l\" src=\"https:\/\/img.bfmtv.com\/c\/600\/430\/5f7\/8fbd33840c606a6df6439d9824c22.jpg\" alt=\"\"\/><figcaption class=\"figure-caption figcaption color-txt-0 title-xs hidden-xs\"\/><\/figure>\n<p>La derni\u00e8re fonctionnalit\u00e9 est toute b\u00eate, mais GoPro aurait pu y penser bien avant\u00a0: il s\u2019agit de l\u2019enregistrement au sein m\u00eame de la cam\u00e9ra des coordonn\u00e9es du propri\u00e9taire. Non seulement la cam\u00e9ra peut afficher un nom et num\u00e9ro de t\u00e9l\u00e9phone au d\u00e9marrage, mais elle cr\u00e9era un fichier texte \u00e0 la racine de chaque carte m\u00e9moire utilis\u00e9e. De quoi simplifier le retour des nombreuses GoPro perdues chaque ann\u00e9e, pour peu que ceux qui les trouvent soient bien intentionn\u00e9s.<\/p>\n<aside class=\"bg-color-0 padding-inside-all-s bloc border-s\">\n<h4 class=\"box-txt-normal\">\n<div class=\"\">\n<p style=\"color:#333;font-family:arial,helvetica,sans-serif;font-size:18px;\"><strong>\u00c0 d\u00e9couvrir aussi en vid\u00e9o<\/strong><\/p>\n<\/div>\n<\/h4>\n<\/aside>\n<p>Il reste d\u00e9sormais \u00e0 voir si GoPro continuera d\u2019alimenter son GoPro Labs en nouvelles fonctionnalit\u00e9s de mani\u00e8re r\u00e9guli\u00e8re. Et si, \u00e0 terme, GoPro ouvre un peu plus l\u2019acc\u00e8s \u00e0 la programmation de ses cam\u00e9ras afin que les d\u00e9veloppeurs ind\u00e9pendants puissent, eux aussi, enrichir l\u2019\u00e9cosyst\u00e8me en nouvelles fonctions. Le num\u00e9ro mondial de la cam\u00e9ra d\u2019action pourrait ainsi \u00e9largir le public potentiel de ses Hero.<\/p>\n<p><strong>Source <\/strong>: <a href=\"https:\/\/community.gopro.com\/t5\/en\/Introducing-GoPro-Labs\/ta-p\/603173#\" target=\"_blank\" rel=\"noopener noreferrer\">GoPro<\/a><\/p>\n<\/p><\/div>\n<p><script>\n         !function(f,b,e,v,n,t,s){if(f.fbq)return;n=f.fbq=function()\n         {n.callMethod? n.callMethod.apply(n,arguments):n.queue.push(arguments)}\n         ;if(!f._fbq)f._fbq=n;\n             n.push=n;n.loaded=!0;n.version='2.0';n.queue=[];t=b.createElement(e);t.async=!0;\n             t.src=v;s=b.getElementsByTagName(e)[0];s.parentNode.insertBefore(t,s)}(window,\n                 document,'script','https:\/\/connect.facebook.net\/en_US\/fbevents.js');\n         fbq('init', '1065890633454496');\n         fbq('track', 'PageView');\n     <\/script><br \/>\n<br \/>[ad_2]<br \/>\n<br \/><a href=\"https:\/\/www.01net.com\/actualites\/cameras-d-action-avec-gopro-labs-la-celebre-marque-elargit-le-champ-des-possibles-1930191.html\">Source link <\/a><\/p>\n","protected":false},"excerpt":{"rendered":"<p>[ad_1] GoPro annonce son \u00ab\u00a0GoPro Labs\u00a0\u00bb, un programme qui offre aux utilisateurs l\u2019acc\u00e8s \u00e0 des fonctions avanc\u00e9es, voire exp\u00e9rimentales, de &hellip; <a href=\"http:\/\/www.affinite.fr\/index.php\/2020\/06\/10\/avec-gopro-labs-la-celebre-marque-elargit-le-champ-des-possibles\/\" class=\"more-link\">Plus <span class=\"screen-reader-text\">avec GoPro Labs, la c\u00e9l\u00e8bre marque \u00e9largit le champ des possibles<\/span> <span class=\"meta-nav\">&rarr;<\/span><\/a><\/p>\n","protected":false},"author":1,"featured_media":3824,"comment_status":"open","ping_status":"open","sticky":false,"template":"","format":"standard","meta":{"_sitemap_exclude":false,"_sitemap_priority":"","_sitemap_frequency":"","footnotes":""},"categories":[1],"tags":[],"class_list":["post-3823","post","type-post","status-publish","format-standard","has-post-thumbnail","hentry","category-tous"],"_links":{"self":[{"href":"http:\/\/www.affinite.fr\/index.php\/wp-json\/wp\/v2\/posts\/3823"}],"collection":[{"href":"http:\/\/www.affinite.fr\/index.php\/wp-json\/wp\/v2\/posts"}],"about":[{"href":"http:\/\/www.affinite.fr\/index.php\/wp-json\/wp\/v2\/types\/post"}],"author":[{"embeddable":true,"href":"http:\/\/www.affinite.fr\/index.php\/wp-json\/wp\/v2\/users\/1"}],"replies":[{"embeddable":true,"href":"http:\/\/www.affinite.fr\/index.php\/wp-json\/wp\/v2\/comments?post=3823"}],"version-history":[{"count":0,"href":"http:\/\/www.affinite.fr\/index.php\/wp-json\/wp\/v2\/posts\/3823\/revisions"}],"wp:featuredmedia":[{"embeddable":true,"href":"http:\/\/www.affinite.fr\/index.php\/wp-json\/wp\/v2\/media\/3824"}],"wp:attachment":[{"href":"http:\/\/www.affinite.fr\/index.php\/wp-json\/wp\/v2\/media?parent=3823"}],"wp:term":[{"taxonomy":"category","embeddable":true,"href":"http:\/\/www.affinite.fr\/index.php\/wp-json\/wp\/v2\/categories?post=3823"},{"taxonomy":"post_tag","embeddable":true,"href":"http:\/\/www.affinite.fr\/index.php\/wp-json\/wp\/v2\/tags?post=3823"}],"curies":[{"name":"wp","href":"https:\/\/api.w.org\/{rel}","templated":true}]}}