{"id":3811,"date":"2020-06-09T19:17:22","date_gmt":"2020-06-09T19:17:22","guid":{"rendered":"https:\/\/www.affinite.fr\/index.php\/2020\/06\/09\/huawei-lance-les-precommandes-de-sa-tablette-matepad-pro-avec-une-remise-de-230-euros\/"},"modified":"2020-06-09T19:17:22","modified_gmt":"2020-06-09T19:17:22","slug":"huawei-lance-les-precommandes-de-sa-tablette-matepad-pro-avec-une-remise-de-230-euros","status":"publish","type":"post","link":"http:\/\/www.affinite.fr\/index.php\/2020\/06\/09\/huawei-lance-les-precommandes-de-sa-tablette-matepad-pro-avec-une-remise-de-230-euros\/","title":{"rendered":"Huawei lance les pr\u00e9commandes de sa tablette MatePad Pro avec une remise de 230 euros"},"content":{"rendered":"<p> [ad_1]<br \/>\n<br \/><img decoding=\"async\" src=\"https:\/\/img.bfmtv.com\/i\/0\/0\/68e\/05afb59f047dece2d3d0e213a7e4c.jpg\" \/><\/p>\n<div itemprop=\"articleBody\">\n<p>Pour le lancement en France de sa tablette MatePad Pro, Huawei fait plusieurs cadeaux \u00e0 ses clients. Tout d&rsquo;abord, la tablette est vendue <a href=\"https:\/\/clk.tradedoubler.com\/click?p=304857&amp;a=1459467&amp;url=https%3A%2F%2Fconsumer.huawei.com%2Ffr%2Ftablets%2Fmatepad-pro%2Fbuy%2F\" target=\"_blank\" rel=\"noopener noreferrer\">549,99 au lieu de 779,98 euros<\/a>, soit une remise de 229,99 euros pour toute pr\u00e9commande jusqu&rsquo;au 21 juin. Ensuite, le constructeur offre gratuitement un\u00a0stylet M-Pencil et un clavier.<\/p>\n<p>Avec la tablette 10,8 pouces <a href=\"https:\/\/www.01net.com\/actualites\/matepad-pro-huawei-lance-son-concurrent-de-l-ipad-pro-a-moitie-prix-1813312.html\" target=\"_blank\" rel=\"noopener noreferrer\">MatePad Pro<\/a>, Huawei propose une alternative bon march\u00e9 \u00e0 l&rsquo;iPad Pro d&rsquo;Apple. La tablette fonctionne sous Android, mais sans les services Google. Le constructeur propose ses propres services, sous le nom d&rsquo;AppGallery. La tablette embarque un processeur Kirin 990, un \u00e9cran de\u00a02560 x 1600 pixels, 6 Go de RAM et 128 Go de stockage.<\/p>\n<p>La livraison est pr\u00e9vue \u00e0 partir du 22 juin.<\/p>\n<p><a href=\"https:\/\/clk.tradedoubler.com\/click?p=304857&amp;a=1459467&amp;url=https%3A%2F%2Fconsumer.huawei.com%2Ffr%2Ftablets%2Fmatepad-pro%2Fbuy%2F\" target=\"_blank\" rel=\"noopener noreferrer\">Retrouvez ici cette offre de Huawei.<\/a><\/p>\n<aside class=\"bg-color-0 padding-inside-all-s bloc border-s\">\n<h4 class=\"box-txt-normal\">\n<p><strong>A d\u00e9couvrir aussi en vid\u00e9o :<\/strong><\/p>\n<\/h4>\n<\/aside>\n<p>Les promotions mentionn\u00e9es dans cet article peuvent \u00eatre \u00e9ph\u00e9m\u00e8res et ne plus \u00eatre valables apr\u00e8s la date de parution de l\u2019article.<\/p>\n<p><a href=\"https:\/\/www.01net.com\/bons-plans\/\">Retrouvez tous les bons plans high-tech s\u00e9lectionn\u00e9s par 01net.com sur notre page d\u00e9di\u00e9e.<\/a><\/p>\n<p><em>Cet article est une s\u00e9lection r\u00e9alis\u00e9e par l\u2019\u00e9quipe de 01net.com, en toute ind\u00e9pendance. Il est toutefois possible que ce contenu propose un lien d\u2019affiliation. Si vous cliquez sur ce lien, l\u2019e-commer\u00e7ant peut nous reverser une commission. Pour vous, rien ne change !<\/em><\/p>\n<\/p><\/div>\n<p><script>\n         !function(f,b,e,v,n,t,s){if(f.fbq)return;n=f.fbq=function()\n         {n.callMethod? n.callMethod.apply(n,arguments):n.queue.push(arguments)}\n         ;if(!f._fbq)f._fbq=n;\n             n.push=n;n.loaded=!0;n.version='2.0';n.queue=[];t=b.createElement(e);t.async=!0;\n             t.src=v;s=b.getElementsByTagName(e)[0];s.parentNode.insertBefore(t,s)}(window,\n                 document,'script','https:\/\/connect.facebook.net\/en_US\/fbevents.js');\n         fbq('init', '1065890633454496');\n         fbq('track', 'PageView');\n     <\/script><br \/>\n<br \/>[ad_2]<br \/>\n<br \/><a href=\"https:\/\/www.01net.com\/actualites\/huawei-lance-les-precommandes-de-sa-tablette-matepad-pro-avec-une-remise-de-230-euros-1930000.html\">Source link <\/a><\/p>\n","protected":false},"excerpt":{"rendered":"<p>[ad_1] Pour le lancement en France de sa tablette MatePad Pro, Huawei fait plusieurs cadeaux \u00e0 ses clients. Tout d&rsquo;abord, &hellip; <a href=\"http:\/\/www.affinite.fr\/index.php\/2020\/06\/09\/huawei-lance-les-precommandes-de-sa-tablette-matepad-pro-avec-une-remise-de-230-euros\/\" class=\"more-link\">Plus <span class=\"screen-reader-text\">Huawei lance les pr\u00e9commandes de sa tablette MatePad Pro avec une remise de 230 euros<\/span> <span class=\"meta-nav\">&rarr;<\/span><\/a><\/p>\n","protected":false},"author":1,"featured_media":3812,"comment_status":"open","ping_status":"open","sticky":false,"template":"","format":"standard","meta":{"_sitemap_exclude":false,"_sitemap_priority":"","_sitemap_frequency":"","footnotes":""},"categories":[1],"tags":[],"class_list":["post-3811","post","type-post","status-publish","format-standard","has-post-thumbnail","hentry","category-tous"],"_links":{"self":[{"href":"http:\/\/www.affinite.fr\/index.php\/wp-json\/wp\/v2\/posts\/3811"}],"collection":[{"href":"http:\/\/www.affinite.fr\/index.php\/wp-json\/wp\/v2\/posts"}],"about":[{"href":"http:\/\/www.affinite.fr\/index.php\/wp-json\/wp\/v2\/types\/post"}],"author":[{"embeddable":true,"href":"http:\/\/www.affinite.fr\/index.php\/wp-json\/wp\/v2\/users\/1"}],"replies":[{"embeddable":true,"href":"http:\/\/www.affinite.fr\/index.php\/wp-json\/wp\/v2\/comments?post=3811"}],"version-history":[{"count":0,"href":"http:\/\/www.affinite.fr\/index.php\/wp-json\/wp\/v2\/posts\/3811\/revisions"}],"wp:featuredmedia":[{"embeddable":true,"href":"http:\/\/www.affinite.fr\/index.php\/wp-json\/wp\/v2\/media\/3812"}],"wp:attachment":[{"href":"http:\/\/www.affinite.fr\/index.php\/wp-json\/wp\/v2\/media?parent=3811"}],"wp:term":[{"taxonomy":"category","embeddable":true,"href":"http:\/\/www.affinite.fr\/index.php\/wp-json\/wp\/v2\/categories?post=3811"},{"taxonomy":"post_tag","embeddable":true,"href":"http:\/\/www.affinite.fr\/index.php\/wp-json\/wp\/v2\/tags?post=3811"}],"curies":[{"name":"wp","href":"https:\/\/api.w.org\/{rel}","templated":true}]}}