{"id":3803,"date":"2020-06-09T15:07:53","date_gmt":"2020-06-09T15:07:53","guid":{"rendered":"https:\/\/www.affinite.fr\/index.php\/2020\/06\/09\/vous-pouvez-desormais-recuperer-vos-photos-pour-les-confier-a-google\/"},"modified":"2020-06-09T15:07:53","modified_gmt":"2020-06-09T15:07:53","slug":"vous-pouvez-desormais-recuperer-vos-photos-pour-les-confier-a-google","status":"publish","type":"post","link":"http:\/\/www.affinite.fr\/index.php\/2020\/06\/09\/vous-pouvez-desormais-recuperer-vos-photos-pour-les-confier-a-google\/","title":{"rendered":"vous pouvez d\u00e9sormais r\u00e9cup\u00e9rer vos photos pour les confier \u00e0\u00a0Google"},"content":{"rendered":"<p> [ad_1]<br \/>\n<\/p>\n<div itemprop=\"articleBody\">\n<p>Facebook annonce aujourd\u2019hui le lancement de son premier outil de transfert de donn\u00e9es. Il est disponible en France, en Europe et dans quelques pays d&rsquo;Am\u00e9rique latine et d&rsquo;Afrique. Il est donc possible d\u00e9sormais de d\u00e9placer directement ses photos de Facebook \u00e0 Google Photos, sans avoir besoin de r\u00e9cup\u00e9rer une premi\u00e8re fois les clich\u00e9s, puis de les t\u00e9l\u00e9charger ensuite \u00e0 nouveau.<\/p>\n<h3 style=\"color:#333; font-family:arial,helvetica,sans-serif; font-size:23px; font-weight:700\">Le premier produit du Data Transfer Project<\/h3>\n<p>Pour cela, il faut se rendre dans\u00a0\u00ab\u00a0 Param\u00e8tres\u00bb, puis \u00ab\u00a0Transf\u00e9rer une partie de vos photos ou vid\u00e9os\u00a0\u00bb, et\u00a0 \u00ab Choisir la destination \u00bb.<\/p>\n<figure class=\"figure text-center\"><img decoding=\"async\" class=\"article-img img-responsive-l\" src=\"https:\/\/img.bfmtv.com\/c\/1000\/591\/03e6\/04da6e459584e169a1ec0b1f4f9e.jpeg\" alt=\"L'outil de transfert de donn\u00e9es de Facebook.\"\/><figcaption class=\"figure-caption figcaption color-txt-0 title-xs hidden-xs\">\n                                    01net.com<br \/>\n                                                    &#8211; L&rsquo;outil de transfert de donn\u00e9es de Facebook.<br \/>\n                            <\/figcaption><\/figure>\n<p>Il suffit ensuite de choisir Google Photos, le seul service qui est pour le moment disponible mais d\u2019autres viendront par la suite.<\/p>\n<aside class=\"bg-color-0 padding-inside-all-s bloc border-s\">\n<h4 class=\"box-txt-normal\">\n<p><strong>A d\u00e9couvrir aussi en vid\u00e9o<\/strong><\/p>\n<\/h4>\n<\/aside>\n<p>Cette nouveaut\u00e9 r\u00e9pond au droit \u00e0 la portabilit\u00e9 des donn\u00e9es instaur\u00e9 par le <a href=\"https:\/\/www.01net.com\/actualites\/comment-le-rgpd-va-proteger-vos-donnees-personnelles-1454674.html\" target=\"_blank\" rel=\"noopener noreferrer\">r\u00e8glement europ\u00e9en RGPD. <\/a>Mais elle est surtout le r\u00e9sultat d\u2019une initiative des GAFAM. Google, Facebook, Microsoft et Twitter se sont en effet unis pour mettre au point le <a href=\"https:\/\/www.01net.com\/actualites\/comment-les-geants-du-web-veulent-faciliter-la-portabilite-de-nos-donnees-1495040.html\" target=\"_blank\" rel=\"noopener noreferrer\">Data Transfer Project<\/a> (DTP), une plate-forme open source et collaborative. L\u2019outil de Facebook est le premier produit issu de ce projet.\u00a0<\/p>\n<\/p><\/div>\n<p><script>\n         !function(f,b,e,v,n,t,s){if(f.fbq)return;n=f.fbq=function()\n         {n.callMethod? n.callMethod.apply(n,arguments):n.queue.push(arguments)}\n         ;if(!f._fbq)f._fbq=n;\n             n.push=n;n.loaded=!0;n.version='2.0';n.queue=[];t=b.createElement(e);t.async=!0;\n             t.src=v;s=b.getElementsByTagName(e)[0];s.parentNode.insertBefore(t,s)}(window,\n                 document,'script','https:\/\/connect.facebook.net\/en_US\/fbevents.js');\n         fbq('init', '1065890633454496');\n         fbq('track', 'PageView');\n     <\/script><br \/>\n<br \/>[ad_2]<br \/>\n<br \/><a href=\"https:\/\/www.01net.com\/actualites\/facebook-vous-pouvez-desormais-recuperer-vos-photos-pour-les-confier-agoogle-1872620.html\">Source link <\/a><\/p>\n","protected":false},"excerpt":{"rendered":"<p>[ad_1] Facebook annonce aujourd\u2019hui le lancement de son premier outil de transfert de donn\u00e9es. Il est disponible en France, en &hellip; <a href=\"http:\/\/www.affinite.fr\/index.php\/2020\/06\/09\/vous-pouvez-desormais-recuperer-vos-photos-pour-les-confier-a-google\/\" class=\"more-link\">Plus <span class=\"screen-reader-text\">vous pouvez d\u00e9sormais r\u00e9cup\u00e9rer vos photos pour les confier \u00e0\u00a0Google<\/span> <span class=\"meta-nav\">&rarr;<\/span><\/a><\/p>\n","protected":false},"author":1,"featured_media":3804,"comment_status":"open","ping_status":"open","sticky":false,"template":"","format":"standard","meta":{"_sitemap_exclude":false,"_sitemap_priority":"","_sitemap_frequency":"","footnotes":""},"categories":[1],"tags":[],"class_list":["post-3803","post","type-post","status-publish","format-standard","has-post-thumbnail","hentry","category-tous"],"_links":{"self":[{"href":"http:\/\/www.affinite.fr\/index.php\/wp-json\/wp\/v2\/posts\/3803"}],"collection":[{"href":"http:\/\/www.affinite.fr\/index.php\/wp-json\/wp\/v2\/posts"}],"about":[{"href":"http:\/\/www.affinite.fr\/index.php\/wp-json\/wp\/v2\/types\/post"}],"author":[{"embeddable":true,"href":"http:\/\/www.affinite.fr\/index.php\/wp-json\/wp\/v2\/users\/1"}],"replies":[{"embeddable":true,"href":"http:\/\/www.affinite.fr\/index.php\/wp-json\/wp\/v2\/comments?post=3803"}],"version-history":[{"count":0,"href":"http:\/\/www.affinite.fr\/index.php\/wp-json\/wp\/v2\/posts\/3803\/revisions"}],"wp:featuredmedia":[{"embeddable":true,"href":"http:\/\/www.affinite.fr\/index.php\/wp-json\/wp\/v2\/media\/3804"}],"wp:attachment":[{"href":"http:\/\/www.affinite.fr\/index.php\/wp-json\/wp\/v2\/media?parent=3803"}],"wp:term":[{"taxonomy":"category","embeddable":true,"href":"http:\/\/www.affinite.fr\/index.php\/wp-json\/wp\/v2\/categories?post=3803"},{"taxonomy":"post_tag","embeddable":true,"href":"http:\/\/www.affinite.fr\/index.php\/wp-json\/wp\/v2\/tags?post=3803"}],"curies":[{"name":"wp","href":"https:\/\/api.w.org\/{rel}","templated":true}]}}