{"id":3795,"date":"2020-06-09T12:00:35","date_gmt":"2020-06-09T12:00:35","guid":{"rendered":"https:\/\/www.affinite.fr\/index.php\/2020\/06\/09\/un-senateur-americain-sinquiete-de-lemploi-de-la-reconnaissance-faciale-contre-des-manifestants\/"},"modified":"2020-06-09T12:00:35","modified_gmt":"2020-06-09T12:00:35","slug":"un-senateur-americain-sinquiete-de-lemploi-de-la-reconnaissance-faciale-contre-des-manifestants","status":"publish","type":"post","link":"http:\/\/www.affinite.fr\/index.php\/2020\/06\/09\/un-senateur-americain-sinquiete-de-lemploi-de-la-reconnaissance-faciale-contre-des-manifestants\/","title":{"rendered":"Un s\u00e9nateur am\u00e9ricain s&rsquo;inqui\u00e8te de l&#8217;emploi de la reconnaissance faciale contre des manifestants"},"content":{"rendered":"<p> [ad_1]<br \/>\n<br \/><img decoding=\"async\" src=\"https:\/\/img.bfmtv.com\/i\/0\/0\/931\/0e1d7878c15405a699c6961f8ca97.jpeg\" \/><\/p>\n<div itemprop=\"articleBody\">\n<p>La reconnaissance faciale met-elle de l&rsquo;huile sur le feu aux \u00c9tats-Unis ?\u00a0Face \u00e0 l&rsquo;ampleur des protestations contre les violences polici\u00e8res, les services de police utiliseraient en effet cette technologie contre les manifestants. Plusieurs villes am\u00e9ricaines se sont associ\u00e9es \u00e0\u00a0Clearview AI, une\u00a0soci\u00e9t\u00e9 aussi sp\u00e9cialis\u00e9e que controvers\u00e9e dans la reconnaissance faciale. En r\u00e9action, le s\u00e9nateur d\u00e9mocrate Ed Markey a adress\u00e9 une lettre \u00e0 la soci\u00e9t\u00e9, lundi 8 juin,\u00a0pour s\u2019assurer que leur\u00a0produit ne serve\u00a0pas la surveillance de masse.<\/p>\n<h3 style=\"color:#333; font-family:arial,helvetica,sans-serif; font-size:23px; font-weight:700\">Ne pas \u00ab \u00e9touffer la libert\u00e9 d&rsquo;expression \u00bb<\/h3>\n<blockquote>\n<p>\u00ab\u00a0<em>Alors que les manifestants partout au pays exercent leurs droits en vertu du premier amendement en protestant contre l\u2019injustice raciale, il est important que les forces de l\u2019ordre n\u2019utilisent pas les outils technologiques pour \u00e9touffer la libert\u00e9 d\u2019expression ou mettre en danger les membres du public<\/em>\u00a0\u00bb, a\u00a0\u00e9crit le s\u00e9nateur Ed Markey.<\/p>\n<\/blockquote>\n<p>\u00c0 Minneapolis, o\u00f9 George Floyd est mort le 25 mai sous le poids du genou d&rsquo;officier pendant pr\u00e8s de neuf minutes, dix utilisateurs ont ex\u00e9cut\u00e9 plus de 160 recherches avec l&rsquo;outil Clearview AI, selon <em>Buzzfeed News<\/em>.\u00a0Dans le comt\u00e9 de Hennepin, auquel appartient Minneapolis, le bureau du sh\u00e9rif aurait men\u00e9 pr\u00e8s de 400 recherches avec ces m\u00eames\u00a010 comptes. Ces r\u00e9v\u00e9lations \u00e0 l&rsquo;appui, la lettre de Ed Markey laisse entendre que cette technologie pourrait servir \u00e0 identifier les manifestants mobilis\u00e9s contre les violences polici\u00e8res.\u00a0<\/p>\n<p>D\u00e9j\u00e0 en janvier, l&rsquo;entreprise avait d\u00e9fray\u00e9 la chronique. Clearview AI avait\u00a0\u00e9t\u00e9 point\u00e9e du doigt pour avoir amass\u00e9 une base de donn\u00e9es de plus de 3\u00a0milliards de photos recueillies sur\u00a0les m\u00e9dias sociaux&#8230; \u00e0 l&rsquo;insu des utilisateurs.\u00a0<\/p>\n<aside class=\"bg-color-0 padding-inside-all-s bloc border-s\">\n<h4 class=\"box-txt-normal\">\n<p><strong>\u00c0 d\u00e9couvrir aussi en vid\u00e9o<\/strong><\/p>\n<\/h4>\n<\/aside>\n<h3 style=\"color:#333; font-family:arial,helvetica,sans-serif; font-size:23px; font-weight:700\">Ne pas choisir entre silence et justice<\/h3>\n<blockquote>\n<p>\u00ab\u00a0<em>Je vous exhorte \u00e0 prendre toutes les mesures n\u00e9cessaires pour que votre technologie ne force pas les Am\u00e9ricains \u00e0 choisir entre sacrifier leur droit \u00e0 la vie priv\u00e9e ou rester silencieux face \u00e0 l\u2019injustice<\/em>\u00a0\u00bb, a ajout\u00e9 le s\u00e9nateur qui demande une\u00a0\u00e9valuation ind\u00e9pendante de sa technologie.\u00a0<\/p>\n<\/blockquote>\n<p><strong>Source<\/strong> :\u00a0<em><a href=\"https:\/\/thehill.com\/policy\/cybersecurity\/overnights\/501733-hillicon-valley-chinese-tech-groups-caught-in-rising-us-china\" target=\"_blank\" rel=\"noopener noreferrer\">The Hill<\/a>\u00a0et <a href=\"http:\/\/www.buzzfeednews.com\/article\/carolinehaskins1\/george-floyd-protests-surveillance-technology\" target=\"_blank\" rel=\"noopener noreferrer\">Buzzfeed News<\/a><\/em><\/p>\n<\/p><\/div>\n<p><script>\n         !function(f,b,e,v,n,t,s){if(f.fbq)return;n=f.fbq=function()\n         {n.callMethod? n.callMethod.apply(n,arguments):n.queue.push(arguments)}\n         ;if(!f._fbq)f._fbq=n;\n             n.push=n;n.loaded=!0;n.version='2.0';n.queue=[];t=b.createElement(e);t.async=!0;\n             t.src=v;s=b.getElementsByTagName(e)[0];s.parentNode.insertBefore(t,s)}(window,\n                 document,'script','https:\/\/connect.facebook.net\/en_US\/fbevents.js');\n         fbq('init', '1065890633454496');\n         fbq('track', 'PageView');\n     <\/script><br \/>\n<br \/>[ad_2]<br \/>\n<br \/><a href=\"https:\/\/www.01net.com\/actualites\/un-senateur-americain-s-inquiete-de-l-emploi-de-la-reconnaissance-faciale-contre-des-manifestants-1929949.html\">Source link <\/a><\/p>\n","protected":false},"excerpt":{"rendered":"<p>[ad_1] La reconnaissance faciale met-elle de l&rsquo;huile sur le feu aux \u00c9tats-Unis ?\u00a0Face \u00e0 l&rsquo;ampleur des protestations contre les violences &hellip; <a href=\"http:\/\/www.affinite.fr\/index.php\/2020\/06\/09\/un-senateur-americain-sinquiete-de-lemploi-de-la-reconnaissance-faciale-contre-des-manifestants\/\" class=\"more-link\">Plus <span class=\"screen-reader-text\">Un s\u00e9nateur am\u00e9ricain s&rsquo;inqui\u00e8te de l&#8217;emploi de la reconnaissance faciale contre des manifestants<\/span> <span class=\"meta-nav\">&rarr;<\/span><\/a><\/p>\n","protected":false},"author":1,"featured_media":3796,"comment_status":"open","ping_status":"open","sticky":false,"template":"","format":"standard","meta":{"_sitemap_exclude":false,"_sitemap_priority":"","_sitemap_frequency":"","footnotes":""},"categories":[1],"tags":[],"class_list":["post-3795","post","type-post","status-publish","format-standard","has-post-thumbnail","hentry","category-tous"],"_links":{"self":[{"href":"http:\/\/www.affinite.fr\/index.php\/wp-json\/wp\/v2\/posts\/3795"}],"collection":[{"href":"http:\/\/www.affinite.fr\/index.php\/wp-json\/wp\/v2\/posts"}],"about":[{"href":"http:\/\/www.affinite.fr\/index.php\/wp-json\/wp\/v2\/types\/post"}],"author":[{"embeddable":true,"href":"http:\/\/www.affinite.fr\/index.php\/wp-json\/wp\/v2\/users\/1"}],"replies":[{"embeddable":true,"href":"http:\/\/www.affinite.fr\/index.php\/wp-json\/wp\/v2\/comments?post=3795"}],"version-history":[{"count":0,"href":"http:\/\/www.affinite.fr\/index.php\/wp-json\/wp\/v2\/posts\/3795\/revisions"}],"wp:featuredmedia":[{"embeddable":true,"href":"http:\/\/www.affinite.fr\/index.php\/wp-json\/wp\/v2\/media\/3796"}],"wp:attachment":[{"href":"http:\/\/www.affinite.fr\/index.php\/wp-json\/wp\/v2\/media?parent=3795"}],"wp:term":[{"taxonomy":"category","embeddable":true,"href":"http:\/\/www.affinite.fr\/index.php\/wp-json\/wp\/v2\/categories?post=3795"},{"taxonomy":"post_tag","embeddable":true,"href":"http:\/\/www.affinite.fr\/index.php\/wp-json\/wp\/v2\/tags?post=3795"}],"curies":[{"name":"wp","href":"https:\/\/api.w.org\/{rel}","templated":true}]}}