{"id":3791,"date":"2020-06-09T09:57:17","date_gmt":"2020-06-09T09:57:17","guid":{"rendered":"https:\/\/www.affinite.fr\/index.php\/2020\/06\/09\/la-conference-ps5-de-sony-aura-finalement-lieu-le-11-juin-au-soir\/"},"modified":"2020-06-09T09:57:17","modified_gmt":"2020-06-09T09:57:17","slug":"la-conference-ps5-de-sony-aura-finalement-lieu-le-11-juin-au-soir","status":"publish","type":"post","link":"http:\/\/www.affinite.fr\/index.php\/2020\/06\/09\/la-conference-ps5-de-sony-aura-finalement-lieu-le-11-juin-au-soir\/","title":{"rendered":"La conf\u00e9rence PS5 de Sony aura finalement lieu le 11 juin au soir"},"content":{"rendered":"<p> [ad_1]<br \/>\n<br \/><img decoding=\"async\" src=\"https:\/\/img.bfmtv.com\/i\/0\/0\/d80f78\/49eae4ed2cadaa1257dd05e9be.jpg\" \/><\/p>\n<div itemprop=\"articleBody\">\n<p>                Compte tenu des \u00e9v\u00e9nements qui secouent les Etats-Unis, Sony avait pr\u00e9f\u00e9r\u00e9 annuler <a href=\"https:\/\/www.01net.com\/actualites\/sony-pourrait-presenter-les-premiers-jeux-playstation-5-la-semaine-prochaine-1921921.html\" target=\"_blank\" rel=\"noopener noreferrer\">la conf\u00e9rence lors de laquelle certains jeux<\/a> de <a href=\"https:\/\/www.01net.com\/actualite\/playstation-5\/\" target=\"_blank\" rel=\"noopener noreferrer\">la PlayStation 5<\/a> auraient d\u00fb \u00eatre annonc\u00e9s. La date de report n&rsquo;\u00e9tait pas encore connue&#8230; jusqu&rsquo;\u00e0 hier soir.<\/p>\n<p>Rendez-vous <strong>ce jeudi, le 11 juin, \u00e0 22 heures<\/strong> (heure de Paris), sur le compte YouTube officiel PlayStation pour cette pr\u00e9sentation qui devait originellement durer une bonne heure.<\/p>\n<p>Sony sp\u00e9cifie que l&rsquo;\u00e9v\u00e9nement \u00ab <em>est pr\u00e9enregistr\u00e9 et diffus\u00e9 en 1080p \u00e0 30 images par seconde afin de soulager les \u00e9quipes de production et de d\u00e9veloppement qui travaillent toujours \u00e0 distance, depuis leur domicile <\/em>\u00bb. Le Japonais pr\u00e9cise aussi que : \u00ab <em>Les jeux pr\u00e9sent\u00e9s ce jeudi seront encore plus beaux lorsque vous y jouerez sur un TV 4K avec la PlayStation 5, comme vous vous en doutez.<\/em> \u00bb<\/p>\n<blockquote>\n<p><strong>\u00c0 lire aussi &#8211;<\/strong> <a href=\"https:\/\/www.01net.com\/actualites\/playstation-5-et-xbox-series-x-notre-grand-comparatif-des-consoles-next-gen-1880680.html\" target=\"_blank\" rel=\"noopener noreferrer\">PlayStation 5 et Xbox Series X : notre grand comparatif des consoles next gen<\/a><\/p>\n<\/blockquote>\n<p>Comme le rappelle Sony, cet \u00e9v\u00e9nement ne concerne que les jeux. Aucune annonce concernant la console ne devrait \u00eatre faite. On se prend toutefois \u00e0 r\u00eaver que Sony nous montre enfin \u00e0 quoi ressemble sa future PlayStation. Sera-t-elle aussi massive que <a href=\"https:\/\/www.01net.com\/actualites\/ps5-l-impressionnant-refroidissement-du-kit-de-developpement-1927419.html\" target=\"_blank\" rel=\"noopener noreferrer\">le kit de d\u00e9veloppement<\/a> ou aura-t-elle des lignes plus a\u00e9riennes ou plus rondes, comme <a href=\"https:\/\/www.01net.com\/actualites\/playstation-5-sony-devoile-enfin-la-manette-dualsense-1890969.html\" target=\"_blank\" rel=\"noopener noreferrer\">sa manette DualSense<\/a> ? Myst\u00e8re&#8230;<\/p>\n<p><strong>Sources : <\/strong>Twitter et <a href=\"https:\/\/blog.playstation.com\/2020\/06\/08\/updated-time-this-thursday-see-the-future-of-gaming-on-ps5\/\" target=\"_blank\" rel=\"noopener noreferrer\">Blog Sony<\/a><\/p>\n<\/p><\/div>\n<p><script>\n         !function(f,b,e,v,n,t,s){if(f.fbq)return;n=f.fbq=function()\n         {n.callMethod? n.callMethod.apply(n,arguments):n.queue.push(arguments)}\n         ;if(!f._fbq)f._fbq=n;\n             n.push=n;n.loaded=!0;n.version='2.0';n.queue=[];t=b.createElement(e);t.async=!0;\n             t.src=v;s=b.getElementsByTagName(e)[0];s.parentNode.insertBefore(t,s)}(window,\n                 document,'script','https:\/\/connect.facebook.net\/en_US\/fbevents.js');\n         fbq('init', '1065890633454496');\n         fbq('track', 'PageView');\n     <\/script><br \/>\n<br \/>[ad_2]<br \/>\n<br \/><a href=\"https:\/\/www.01net.com\/actualites\/la-conference-ps5-de-sony-aura-finalement-lieu-le-11-juin-au-soir-1930016.html\">Source link <\/a><\/p>\n","protected":false},"excerpt":{"rendered":"<p>[ad_1] Compte tenu des \u00e9v\u00e9nements qui secouent les Etats-Unis, Sony avait pr\u00e9f\u00e9r\u00e9 annuler la conf\u00e9rence lors de laquelle certains jeux &hellip; <a href=\"http:\/\/www.affinite.fr\/index.php\/2020\/06\/09\/la-conference-ps5-de-sony-aura-finalement-lieu-le-11-juin-au-soir\/\" class=\"more-link\">Plus <span class=\"screen-reader-text\">La conf\u00e9rence PS5 de Sony aura finalement lieu le 11 juin au soir<\/span> <span class=\"meta-nav\">&rarr;<\/span><\/a><\/p>\n","protected":false},"author":1,"featured_media":3792,"comment_status":"open","ping_status":"open","sticky":false,"template":"","format":"standard","meta":{"_sitemap_exclude":false,"_sitemap_priority":"","_sitemap_frequency":"","footnotes":""},"categories":[1],"tags":[],"class_list":["post-3791","post","type-post","status-publish","format-standard","has-post-thumbnail","hentry","category-tous"],"_links":{"self":[{"href":"http:\/\/www.affinite.fr\/index.php\/wp-json\/wp\/v2\/posts\/3791"}],"collection":[{"href":"http:\/\/www.affinite.fr\/index.php\/wp-json\/wp\/v2\/posts"}],"about":[{"href":"http:\/\/www.affinite.fr\/index.php\/wp-json\/wp\/v2\/types\/post"}],"author":[{"embeddable":true,"href":"http:\/\/www.affinite.fr\/index.php\/wp-json\/wp\/v2\/users\/1"}],"replies":[{"embeddable":true,"href":"http:\/\/www.affinite.fr\/index.php\/wp-json\/wp\/v2\/comments?post=3791"}],"version-history":[{"count":0,"href":"http:\/\/www.affinite.fr\/index.php\/wp-json\/wp\/v2\/posts\/3791\/revisions"}],"wp:featuredmedia":[{"embeddable":true,"href":"http:\/\/www.affinite.fr\/index.php\/wp-json\/wp\/v2\/media\/3792"}],"wp:attachment":[{"href":"http:\/\/www.affinite.fr\/index.php\/wp-json\/wp\/v2\/media?parent=3791"}],"wp:term":[{"taxonomy":"category","embeddable":true,"href":"http:\/\/www.affinite.fr\/index.php\/wp-json\/wp\/v2\/categories?post=3791"},{"taxonomy":"post_tag","embeddable":true,"href":"http:\/\/www.affinite.fr\/index.php\/wp-json\/wp\/v2\/tags?post=3791"}],"curies":[{"name":"wp","href":"https:\/\/api.w.org\/{rel}","templated":true}]}}