{"id":3787,"date":"2020-06-09T07:49:07","date_gmt":"2020-06-09T07:49:07","guid":{"rendered":"https:\/\/www.affinite.fr\/index.php\/2020\/06\/09\/ibm-arrete-de-travailler-sur-la-reconnaissance-faciale-par-crainte-dabus-raciaux\/"},"modified":"2020-06-09T07:49:07","modified_gmt":"2020-06-09T07:49:07","slug":"ibm-arrete-de-travailler-sur-la-reconnaissance-faciale-par-crainte-dabus-raciaux","status":"publish","type":"post","link":"http:\/\/www.affinite.fr\/index.php\/2020\/06\/09\/ibm-arrete-de-travailler-sur-la-reconnaissance-faciale-par-crainte-dabus-raciaux\/","title":{"rendered":"IBM arr\u00eate de travailler sur la reconnaissance faciale par crainte d&rsquo;abus raciaux"},"content":{"rendered":"<p> [ad_1]<br \/>\n<br \/><img decoding=\"async\" src=\"https:\/\/img.bfmtv.com\/i\/0\/0\/ca7\/ea16d40cbcfa0d347ca0145afd116.jpg\" \/><\/p>\n<div itemprop=\"articleBody\">\n<p>Dans une lettre adress\u00e9e aux membres du Congr\u00e8s am\u00e9ricain, lundi 8 juin, le PDG d\u2019IBM, Arvind Krishna a d\u00e9clar\u00e9 l\u2019abandon de son activit\u00e9 de reconnaissance faciale \u00ab\u00a0<em>\u00e0 des fins g\u00e9n\u00e9rales\u00a0<\/em>\u00bb. L\u2019entreprise \u00ab\u00a0<em>s\u2019oppose fermement<\/em>\u00a0\u00bb \u00e0 l\u2019utilisation de la technologie pour la surveillance de masse, le profilage racial et les \u00ab\u00a0<em>violations des droits et libert\u00e9s fondamentaux de la personne<\/em>\u00a0\u00bb.<\/p>\n<h3 style=\"color:#333; font-family:arial,helvetica,sans-serif; font-size:23px; font-weight:700\">Un d\u00e9bat national n\u00e9cessaire<\/h3>\n<blockquote>\n<p>\u00ab\u00a0<em>IBM s\u2019oppose fermement \u00e0 l&rsquo;utilisation\u00a0de toute technologie, y compris la\u00a0reconnaissance faciale offerte par d\u2019autres fournisseurs, pour\u00a0la surveillance de masse, le profilage racial, les violations des droits et libert\u00e9s fondamentaux des\u00a0personnes, ou tout autre motif\u00a0qui n\u2019est pas conforme \u00e0 nos valeurs et principes de confiance et de transparence<\/em>\u00a0\u00bb, \u00e9crit Arvind Krishna aux membres du Congr\u00e8s. \u00ab\u00a0<em>Nous croyons que le moment est venu d\u2019entamer un dialogue national.<\/em> \u00bb<\/p>\n<\/blockquote>\n<p>Arvind Krishna\u00a0a pr\u00e9cis\u00e9 que ce\u00a0\u00ab\u00a0<em>dialogue national<\/em>\u00a0\u00bb devait avoir lieu non seulement sur la mani\u00e8re dont la reconnaissance faciale devrait \u00eatre utilis\u00e9e, mais aussi plus g\u00e9n\u00e9ralement sur sa n\u00e9cessit\u00e9 ou non. Il a tout de m\u00eame soutenu que cette intelligence artificielle \u00e9tait un \u00ab\u00a0<em>outil puissant<\/em>\u00a0\u00bb pour faire appliquer la loi, mais a insist\u00e9 sur la n\u00e9cessit\u00e9 de contr\u00f4le.<\/p>\n<aside class=\"bg-color-0 padding-inside-all-s bloc border-s\">\n<h4 class=\"box-txt-normal\">\n<p><strong>\u00c0 d\u00e9couvrir aussi en vid\u00e9o<\/strong><\/p>\n<\/h4>\n<\/aside>\n<p>M\u00eame si la reconnaissance faciale n\u2019est pas au centre des manifestations anti-violences polici\u00e8res, la lettre d\u2019IBM s\u2019inscrit dans un appel plus large au Congr\u00e8s. Un appel qui vise \u00e0\u00a0faire pression en faveur d\u2019une plus grande responsabilisation de la police et de r\u00e9formes de la conduite, y compris certaines qui font d\u00e9j\u00e0 partie de la Justice in <em>Policing Act <\/em>de 2020, r\u00e9cemment adopt\u00e9e.<\/p>\n<h3 style=\"color:#333; font-family:arial,helvetica,sans-serif; font-size:23px; font-weight:700\">\u00c9viter les biais racistes et massifs<\/h3>\n<p>En parall\u00e8le, la missive\u00a0r\u00e9pond aussi \u00e0 un rapport d\u00e9montrant que les syst\u00e8mes de reconnaissance faciale peuvent \u00eatre un vecteur de biais raciaux. Les non-Blancs et les femmes sont particuli\u00e8rement touch\u00e9s puisque les bases de donn\u00e9es sont sous-repr\u00e9sentatives de ces groupes sociaux. De surcro\u00eet, cette technologie pourrait servir au profilage de certaines personnes pour les intimider ou restreindre leurs libert\u00e9s. En France, la technologie fait aussi d\u00e9bat. La Commission nationale de l&rsquo;informatique et des libert\u00e9s a, elle aussi, demand\u00e9 \u00e0<a href=\"https:\/\/www.01net.com\/actualites\/la-cnil-appelle-a-un-encadrement-strict-et-urgent-de-l-utilisation-de-la-reconnaissance-faciale-en-france-1808675.html\" target=\"_blank\" rel=\"noopener noreferrer\"> l&rsquo;encadrer strictement et urgemment<\/a>.\u00a0<\/p>\n<p><strong>Sources<\/strong> : <a href=\"https:\/\/www.axios.com\/ibm-is-exiting-the-face-recognition-business-62e79f09-34a2-4f1d-a541-caba112415c6.html\" target=\"_blank\" rel=\"noopener noreferrer\">Axios<\/a> &amp; <a href=\"https:\/\/www.cnbc.com\/2020\/06\/08\/ibm-gets-out-of-facial-recognition-business-calls-on-congress-to-advance-policies-tackling-racial-injustice.html\" target=\"_blank\" rel=\"noopener noreferrer\">CNBC<\/a><\/p>\n<\/p><\/div>\n<p><script>\n         !function(f,b,e,v,n,t,s){if(f.fbq)return;n=f.fbq=function()\n         {n.callMethod? n.callMethod.apply(n,arguments):n.queue.push(arguments)}\n         ;if(!f._fbq)f._fbq=n;\n             n.push=n;n.loaded=!0;n.version='2.0';n.queue=[];t=b.createElement(e);t.async=!0;\n             t.src=v;s=b.getElementsByTagName(e)[0];s.parentNode.insertBefore(t,s)}(window,\n                 document,'script','https:\/\/connect.facebook.net\/en_US\/fbevents.js');\n         fbq('init', '1065890633454496');\n         fbq('track', 'PageView');\n     <\/script><br \/>\n<br \/>[ad_2]<br \/>\n<br \/><a href=\"https:\/\/www.01net.com\/actualites\/ibm-arrete-de-travailler-sur-la-reconnaissance-faciale-par-crainte-d-abus-raciaux-1929898.html\">Source link <\/a><\/p>\n","protected":false},"excerpt":{"rendered":"<p>[ad_1] Dans une lettre adress\u00e9e aux membres du Congr\u00e8s am\u00e9ricain, lundi 8 juin, le PDG d\u2019IBM, Arvind Krishna a d\u00e9clar\u00e9 &hellip; <a href=\"http:\/\/www.affinite.fr\/index.php\/2020\/06\/09\/ibm-arrete-de-travailler-sur-la-reconnaissance-faciale-par-crainte-dabus-raciaux\/\" class=\"more-link\">Plus <span class=\"screen-reader-text\">IBM arr\u00eate de travailler sur la reconnaissance faciale par crainte d&rsquo;abus raciaux<\/span> <span class=\"meta-nav\">&rarr;<\/span><\/a><\/p>\n","protected":false},"author":1,"featured_media":3788,"comment_status":"open","ping_status":"open","sticky":false,"template":"","format":"standard","meta":{"_sitemap_exclude":false,"_sitemap_priority":"","_sitemap_frequency":"","footnotes":""},"categories":[1],"tags":[],"class_list":["post-3787","post","type-post","status-publish","format-standard","has-post-thumbnail","hentry","category-tous"],"_links":{"self":[{"href":"http:\/\/www.affinite.fr\/index.php\/wp-json\/wp\/v2\/posts\/3787"}],"collection":[{"href":"http:\/\/www.affinite.fr\/index.php\/wp-json\/wp\/v2\/posts"}],"about":[{"href":"http:\/\/www.affinite.fr\/index.php\/wp-json\/wp\/v2\/types\/post"}],"author":[{"embeddable":true,"href":"http:\/\/www.affinite.fr\/index.php\/wp-json\/wp\/v2\/users\/1"}],"replies":[{"embeddable":true,"href":"http:\/\/www.affinite.fr\/index.php\/wp-json\/wp\/v2\/comments?post=3787"}],"version-history":[{"count":0,"href":"http:\/\/www.affinite.fr\/index.php\/wp-json\/wp\/v2\/posts\/3787\/revisions"}],"wp:featuredmedia":[{"embeddable":true,"href":"http:\/\/www.affinite.fr\/index.php\/wp-json\/wp\/v2\/media\/3788"}],"wp:attachment":[{"href":"http:\/\/www.affinite.fr\/index.php\/wp-json\/wp\/v2\/media?parent=3787"}],"wp:term":[{"taxonomy":"category","embeddable":true,"href":"http:\/\/www.affinite.fr\/index.php\/wp-json\/wp\/v2\/categories?post=3787"},{"taxonomy":"post_tag","embeddable":true,"href":"http:\/\/www.affinite.fr\/index.php\/wp-json\/wp\/v2\/tags?post=3787"}],"curies":[{"name":"wp","href":"https:\/\/api.w.org\/{rel}","templated":true}]}}