{"id":3765,"date":"2020-06-08T19:30:39","date_gmt":"2020-06-08T19:30:39","guid":{"rendered":"https:\/\/www.affinite.fr\/index.php\/2020\/06\/08\/les-apple-store-francais-vont-rouvrir-a-partir-du-9-juin-avec-des-horaires-restreints\/"},"modified":"2020-06-08T19:30:39","modified_gmt":"2020-06-08T19:30:39","slug":"les-apple-store-francais-vont-rouvrir-a-partir-du-9-juin-avec-des-horaires-restreints","status":"publish","type":"post","link":"http:\/\/www.affinite.fr\/index.php\/2020\/06\/08\/les-apple-store-francais-vont-rouvrir-a-partir-du-9-juin-avec-des-horaires-restreints\/","title":{"rendered":"Les Apple Store fran\u00e7ais vont rouvrir \u00e0 partir du 9 juin avec des horaires restreints"},"content":{"rendered":"<p> [ad_1]<br \/>\n<br \/><img decoding=\"async\" src=\"https:\/\/img.bfmtv.com\/i\/0\/0\/36a\/d4ff598ebf03ab4a54c0cab8a4b6e.jpg\" \/><\/p>\n<div itemprop=\"articleBody\">\n<p>Les Apple Store de l&rsquo;Hexagone ouvrent \u00e0 nouveau le 9 juin, comme l&rsquo;avait <a href=\"https:\/\/www.01net.com\/actualites\/les-apple-store-pourraient-rouvrir-le-9-juin-en-france-1926051.html\" target=\"_blank\" rel=\"noopener noreferrer\">r\u00e9v\u00e9l\u00e9 la CGT<\/a>. Apple l&rsquo;a confirm\u00e9 sur son site Web, mais a \u00e9galement pr\u00e9cis\u00e9 des am\u00e9nagements dans les horaires. Ainsi, les jours d&rsquo;ouverture, vous ne pourrez acc\u00e9der au magasin qu&rsquo;entre 11 h et 18 h.<\/p>\n<p>Avant le confinement, les Apple Store \u00e9taient en g\u00e9n\u00e9ral ouverts entre 9 h 30 et 20 h, du lundi au samedi, et entre 11 h et 18 h, le dimanche. Le constructeur n&rsquo;a pas indiqu\u00e9 pendant combien de temps ces horaires restreints seraient appliqu\u00e9s.<\/p>\n<h3 style=\"color:#333; font-family:arial,helvetica,sans-serif; font-size:23px; font-weight:700\">Le masque est obligatoire<\/h3>\n<p>Les employ\u00e9s, mais aussi les visiteurs, devront porter un masque dans le magasin (il vous sera fourni si vous n&rsquo;en \u00eates pas \u00e9quip\u00e9). Le nombre de clients sera limit\u00e9 et la distanciation sociale sera appliqu\u00e9e en modifiant l&rsquo;am\u00e9nagement int\u00e9rieur. En outre, des op\u00e9rations de d\u00e9sinfection seront pratiqu\u00e9es toute\u00a0la journ\u00e9e.<\/p>\n<aside class=\"bg-color-0 padding-inside-all-s bloc border-s\">\n<h4 class=\"box-txt-normal\">\n<p><strong>A d\u00e9couvrir aussi en vid\u00e9o :<\/strong><\/p>\n<\/h4>\n<\/aside>\n<p>Les r\u00e9servations pour le Genius Bar sont \u00e0 nouveau ouvertes, mais les sessions Today at Apple ne reprennent pas encore. Il faudra se contenter des tutoriels \u00abAt Home\u00a0\u00bb disponibles en vid\u00e9o sur le site d&rsquo;Apple.<\/p>\n<p><strong>Source <\/strong>: <a href=\"https:\/\/www.apple.com\/fr\/retail\/\" target=\"_blank\" rel=\"noopener noreferrer\">Apple<\/a><\/p>\n<\/p><\/div>\n<p><script>\n         !function(f,b,e,v,n,t,s){if(f.fbq)return;n=f.fbq=function()\n         {n.callMethod? n.callMethod.apply(n,arguments):n.queue.push(arguments)}\n         ;if(!f._fbq)f._fbq=n;\n             n.push=n;n.loaded=!0;n.version='2.0';n.queue=[];t=b.createElement(e);t.async=!0;\n             t.src=v;s=b.getElementsByTagName(e)[0];s.parentNode.insertBefore(t,s)}(window,\n                 document,'script','https:\/\/connect.facebook.net\/en_US\/fbevents.js');\n         fbq('init', '1065890633454496');\n         fbq('track', 'PageView');\n     <\/script><br \/>\n<br \/>[ad_2]<br \/>\n<br \/><a href=\"https:\/\/www.01net.com\/actualites\/les-apple-store-francais-vont-rouvrir-a-partir-du-9-juin-avec-des-horaires-restreints-1929013.html\">Source link <\/a><\/p>\n","protected":false},"excerpt":{"rendered":"<p>[ad_1] Les Apple Store de l&rsquo;Hexagone ouvrent \u00e0 nouveau le 9 juin, comme l&rsquo;avait r\u00e9v\u00e9l\u00e9 la CGT. Apple l&rsquo;a confirm\u00e9 &hellip; <a href=\"http:\/\/www.affinite.fr\/index.php\/2020\/06\/08\/les-apple-store-francais-vont-rouvrir-a-partir-du-9-juin-avec-des-horaires-restreints\/\" class=\"more-link\">Plus <span class=\"screen-reader-text\">Les Apple Store fran\u00e7ais vont rouvrir \u00e0 partir du 9 juin avec des horaires restreints<\/span> <span class=\"meta-nav\">&rarr;<\/span><\/a><\/p>\n","protected":false},"author":1,"featured_media":3766,"comment_status":"open","ping_status":"open","sticky":false,"template":"","format":"standard","meta":{"_sitemap_exclude":false,"_sitemap_priority":"","_sitemap_frequency":"","footnotes":""},"categories":[1],"tags":[],"class_list":["post-3765","post","type-post","status-publish","format-standard","has-post-thumbnail","hentry","category-tous"],"_links":{"self":[{"href":"http:\/\/www.affinite.fr\/index.php\/wp-json\/wp\/v2\/posts\/3765"}],"collection":[{"href":"http:\/\/www.affinite.fr\/index.php\/wp-json\/wp\/v2\/posts"}],"about":[{"href":"http:\/\/www.affinite.fr\/index.php\/wp-json\/wp\/v2\/types\/post"}],"author":[{"embeddable":true,"href":"http:\/\/www.affinite.fr\/index.php\/wp-json\/wp\/v2\/users\/1"}],"replies":[{"embeddable":true,"href":"http:\/\/www.affinite.fr\/index.php\/wp-json\/wp\/v2\/comments?post=3765"}],"version-history":[{"count":0,"href":"http:\/\/www.affinite.fr\/index.php\/wp-json\/wp\/v2\/posts\/3765\/revisions"}],"wp:featuredmedia":[{"embeddable":true,"href":"http:\/\/www.affinite.fr\/index.php\/wp-json\/wp\/v2\/media\/3766"}],"wp:attachment":[{"href":"http:\/\/www.affinite.fr\/index.php\/wp-json\/wp\/v2\/media?parent=3765"}],"wp:term":[{"taxonomy":"category","embeddable":true,"href":"http:\/\/www.affinite.fr\/index.php\/wp-json\/wp\/v2\/categories?post=3765"},{"taxonomy":"post_tag","embeddable":true,"href":"http:\/\/www.affinite.fr\/index.php\/wp-json\/wp\/v2\/tags?post=3765"}],"curies":[{"name":"wp","href":"https:\/\/api.w.org\/{rel}","templated":true}]}}