{"id":3750,"date":"2020-06-08T14:18:59","date_gmt":"2020-06-08T14:18:59","guid":{"rendered":"https:\/\/www.affinite.fr\/index.php\/2020\/06\/08\/facebook-desactive-200-comptes-lies-a-des-groupes-incitant-a-la-haine-raciale-aux-etats-unis\/"},"modified":"2020-06-08T14:18:59","modified_gmt":"2020-06-08T14:18:59","slug":"facebook-desactive-200-comptes-lies-a-des-groupes-incitant-a-la-haine-raciale-aux-etats-unis","status":"publish","type":"post","link":"http:\/\/www.affinite.fr\/index.php\/2020\/06\/08\/facebook-desactive-200-comptes-lies-a-des-groupes-incitant-a-la-haine-raciale-aux-etats-unis\/","title":{"rendered":"Facebook d\u00e9sactive 200 comptes li\u00e9s \u00e0 des groupes incitant \u00e0 la haine raciale aux \u00c9tats-Unis"},"content":{"rendered":"<p> [ad_1]<br \/>\n<br \/><img decoding=\"async\" src=\"https:\/\/img.bfmtv.com\/i\/0\/0\/878\/414d739fad30d3bb37d045c9791b2.jpeg\" \/><\/p>\n<div itemprop=\"articleBody\">\n<p>Facebook a supprim\u00e9 pr\u00e8s de 200 comptes li\u00e9s \u00e0 des groupes supr\u00e9macistes blancs,\u00a0incitant \u00e0 troubler les manifestations contre les violences polici\u00e8res perp\u00e9tr\u00e9es sur des personnes noires, rapporte l&rsquo;<em>Associated Press<\/em>. Les comptes en question \u00e9taient li\u00e9s \u00e0 deux groupes identifi\u00e9s comme haineux par Facebook :\u00a0les <em>Proud Boys<\/em> et <em>American Guard<\/em>.\u00a0Le r\u00e9seau social les avait d\u00e9j\u00e0 interdit.<\/p>\n<h3 style=\"color:#333; font-family:arial,helvetica,sans-serif; font-size:23px; font-weight:700\">Infiltrer\u00a0les manifestations avec des armes<\/h3>\n<blockquote>\n<p>\u00ab\u00a0<em>Nous avons vu que ces groupes pr\u00e9voyaient de rallier leurs partisans pour qu\u2019ils se rendent physiquement aux manifestations et, dans certains cas, se pr\u00e9paraient \u00e0 utiliser des armes<\/em>\u00a0\u00bb, a d\u00e9clar\u00e9 Brian Fishman, directeur de la politique anti-terroriste et des organisations dangereuses de Facebook &#8211; sans divulguer d\u2019autres d\u00e9tails sur ces utilisateurs.\u00a0<\/p>\n<\/blockquote>\n<p>La semaine derni\u00e8re, le r\u00e9seau social a d\u00e9clar\u00e9 limiter la diffusion de groupes et de pages li\u00e9s au terme \u00ab\u00a0<em>boogaloo<\/em>\u00a0\u00bb, que certains groupes d\u2019extr\u00eame droite utilisent pour parler d\u2019une pr\u00e9tendue seconde guerre civile am\u00e9ricaine, voire la provoquer.<br \/>Facebook assure\u00a0d\u00e9sactiver les pages et les groupes affich\u00e9s dans\u00a0les r\u00e9sultats de recherche et \u00e9viter de\u00a0les\u00a0recommander\u00a0\u00e0 ses utilisateurs. Cette politique de vigilance exacerb\u00e9e devrait continuer,\u00a0promet le groupe.<\/p>\n<aside class=\"bg-color-0 padding-inside-all-s bloc border-s\">\n<h4 class=\"box-txt-normal\">\n<p><strong>\u00c0 d\u00e9couvrir aussi en vid\u00e9o<\/strong><\/p>\n<\/h4>\n<\/aside>\n<h3 style=\"color:#333; font-family:arial,helvetica,sans-serif; font-size:23px; font-weight:700\">Une deuxi\u00e8me guerre civile d\u00e9marr\u00e9e sur Facebook ?<\/h3>\n<p>Aux \u00c9tats-Unis, les manifestations se sont poursuivies tout au long du week-end r\u00e9unissant des milliers de personnes, en r\u00e9action \u00e0 la mort de George Floyd, \u00e0 Minneapolis, le 25\u00a0mai. Les autorit\u00e9s am\u00e9ricaines ont accus\u00e9 le policier\u00a0Derek Chauvin de meurtre, apr\u00e8s la diffusion d&rsquo;une\u00a0vid\u00e9o dans laquelle\u00a0l&rsquo;agent \u00e9tait\u00a0\u00e0 genoux sur le cou de George Floyd, \u00e2g\u00e9 de 46 ans. Les autres policiers pr\u00e9sents lors de l&rsquo;op\u00e9ration &#8211; \u00e9galement licenci\u00e9s\u00a0&#8211;\u00a0ont \u00e9t\u00e9 accus\u00e9s d\u2019avoir aid\u00e9 et encourag\u00e9 \u00e0 commettre ce meurtre. Depuis deux semaines, partout dans le monde, et notamment en France, les manifestations contre les violences polici\u00e8res se multiplient.<\/p>\n<p><strong>Sources<\/strong> : <a href=\"https:\/\/apnews.com\/91c1868557ba6e88e32b2607b26724d6\" target=\"_blank\" rel=\"noopener noreferrer\"><em>Associated Press<\/em><\/a> &amp; <a href=\"https:\/\/www.theverge.com\/2020\/6\/7\/21283011\/facebook-deactivates-accounts-hate-groups\" target=\"_blank\" rel=\"noopener noreferrer\"><em>The Verge<\/em><\/a><\/p>\n<\/p><\/div>\n<p><script>\n         !function(f,b,e,v,n,t,s){if(f.fbq)return;n=f.fbq=function()\n         {n.callMethod? n.callMethod.apply(n,arguments):n.queue.push(arguments)}\n         ;if(!f._fbq)f._fbq=n;\n             n.push=n;n.loaded=!0;n.version='2.0';n.queue=[];t=b.createElement(e);t.async=!0;\n             t.src=v;s=b.getElementsByTagName(e)[0];s.parentNode.insertBefore(t,s)}(window,\n                 document,'script','https:\/\/connect.facebook.net\/en_US\/fbevents.js');\n         fbq('init', '1065890633454496');\n         fbq('track', 'PageView');\n     <\/script><br \/>\n<br \/>[ad_2]<br \/>\n<br \/><a href=\"https:\/\/www.01net.com\/actualites\/facebook-desactive-200-comptes-lies-a-des-groupes-incitant-a-la-haine-raciale-aux-etats-unis-1929066.html\">Source link <\/a><\/p>\n","protected":false},"excerpt":{"rendered":"<p>[ad_1] Facebook a supprim\u00e9 pr\u00e8s de 200 comptes li\u00e9s \u00e0 des groupes supr\u00e9macistes blancs,\u00a0incitant \u00e0 troubler les manifestations contre les &hellip; <a href=\"http:\/\/www.affinite.fr\/index.php\/2020\/06\/08\/facebook-desactive-200-comptes-lies-a-des-groupes-incitant-a-la-haine-raciale-aux-etats-unis\/\" class=\"more-link\">Plus <span class=\"screen-reader-text\">Facebook d\u00e9sactive 200 comptes li\u00e9s \u00e0 des groupes incitant \u00e0 la haine raciale aux \u00c9tats-Unis<\/span> <span class=\"meta-nav\">&rarr;<\/span><\/a><\/p>\n","protected":false},"author":1,"featured_media":3751,"comment_status":"open","ping_status":"open","sticky":false,"template":"","format":"standard","meta":{"_sitemap_exclude":false,"_sitemap_priority":"","_sitemap_frequency":"","footnotes":""},"categories":[1],"tags":[],"class_list":["post-3750","post","type-post","status-publish","format-standard","has-post-thumbnail","hentry","category-tous"],"_links":{"self":[{"href":"http:\/\/www.affinite.fr\/index.php\/wp-json\/wp\/v2\/posts\/3750"}],"collection":[{"href":"http:\/\/www.affinite.fr\/index.php\/wp-json\/wp\/v2\/posts"}],"about":[{"href":"http:\/\/www.affinite.fr\/index.php\/wp-json\/wp\/v2\/types\/post"}],"author":[{"embeddable":true,"href":"http:\/\/www.affinite.fr\/index.php\/wp-json\/wp\/v2\/users\/1"}],"replies":[{"embeddable":true,"href":"http:\/\/www.affinite.fr\/index.php\/wp-json\/wp\/v2\/comments?post=3750"}],"version-history":[{"count":0,"href":"http:\/\/www.affinite.fr\/index.php\/wp-json\/wp\/v2\/posts\/3750\/revisions"}],"wp:featuredmedia":[{"embeddable":true,"href":"http:\/\/www.affinite.fr\/index.php\/wp-json\/wp\/v2\/media\/3751"}],"wp:attachment":[{"href":"http:\/\/www.affinite.fr\/index.php\/wp-json\/wp\/v2\/media?parent=3750"}],"wp:term":[{"taxonomy":"category","embeddable":true,"href":"http:\/\/www.affinite.fr\/index.php\/wp-json\/wp\/v2\/categories?post=3750"},{"taxonomy":"post_tag","embeddable":true,"href":"http:\/\/www.affinite.fr\/index.php\/wp-json\/wp\/v2\/tags?post=3750"}],"curies":[{"name":"wp","href":"https:\/\/api.w.org\/{rel}","templated":true}]}}