{"id":3740,"date":"2020-06-08T11:11:10","date_gmt":"2020-06-08T11:11:10","guid":{"rendered":"https:\/\/www.affinite.fr\/index.php\/2020\/06\/08\/le-passage-a-lipv6-devrait-prendre-encore-cinq-a-dix-ans-alors-que-les-adresses-ipv4-sont-deja-epuisees\/"},"modified":"2020-06-08T11:11:10","modified_gmt":"2020-06-08T11:11:10","slug":"le-passage-a-lipv6-devrait-prendre-encore-cinq-a-dix-ans-alors-que-les-adresses-ipv4-sont-deja-epuisees","status":"publish","type":"post","link":"http:\/\/www.affinite.fr\/index.php\/2020\/06\/08\/le-passage-a-lipv6-devrait-prendre-encore-cinq-a-dix-ans-alors-que-les-adresses-ipv4-sont-deja-epuisees\/","title":{"rendered":"Le passage \u00e0 l&rsquo;IPv6 devrait prendre encore cinq \u00e0 dix ans&#8230; alors que les adresses IPv4 sont d\u00e9j\u00e0 \u00e9puis\u00e9es"},"content":{"rendered":"<p> [ad_1]<br \/>\n<br \/><img decoding=\"async\" src=\"https:\/\/img.bfmtv.com\/i\/0\/0\/425\/b8655c4e8778ff046567b914e125a.jpg\" \/><\/p>\n<div itemprop=\"articleBody\">\n<p>L\u2019<a href=\"https:\/\/www.01net.com\/actualites\/pourquoi-il-devient-urgent-de-passer-a-l-ipv6-1467096.html\" target=\"_blank\" rel=\"noopener noreferrer\">IPv6 <\/a>vient de f\u00eater son huiti\u00e8me anniversaire et ses caract\u00e9ristiques techniques ont \u00e9t\u00e9 \u00e9labor\u00e9es il y a pr\u00e8s de vingt ans. Malgr\u00e9 sa maturit\u00e9, ce protocole r\u00e9seau ne s\u2019est toujours pas impos\u00e9 pour remplacer l\u2019IPv4.<br \/>C\u2019est le constat amer que dresse Marco Hogewoning, l\u2019un des porte-paroles de l\u2019association RIPE NCC qui g\u00e8re le registre d\u2019adresses IP pour l\u2019Europe et une partie de l\u2019Asie. Interrog\u00e9 par <em>The Register,<\/em> il estime m\u00eame que la transition pourrait prendre encore cinq \u00e0 dix ans.<\/p>\n<aside class=\"bg-color-0 padding-inside-all-s bloc border-s\">\n<h4 class=\"box-txt-normal\">\n<p><strong>A d\u00e9couvrir aussi en vid\u00e9o<\/strong><\/p>\n<\/h4>\n<\/aside>\n<h3 style=\"color:#333; font-family:arial,helvetica,sans-serif; font-size:23px; font-weight:700\">Inciter \u00e9conomiquement le march\u00e9 \u00e0 basculer<\/h3>\n<p>L\u2019<a href=\"https:\/\/www.01net.com\/actualites\/l-europe-a-consomme-tout-son-stock-d-adresses-ipv4-et-c-est-un-vrai-probleme-1812878.html\" target=\"_blank\" rel=\"noopener noreferrer\">\u00e9puisement des adresses IPv4 en novembre de l\u2019ann\u00e9e derni\u00e8re<\/a> n&rsquo;a pas acc\u00e9l\u00e9r\u00e9 les choses. Il faudrait qu&rsquo;il y ait suffisamment d\u2019incitation \u00e9conomique pour tous les acteurs de la cha\u00eene \u00e0 basculer en IPv6, comme le fait observer <em>The Register.<\/em> Cela pourrait passer par l\u2019incitation \u00e9conomique des petits op\u00e9rateurs et r\u00e9seaux d\u2019entreprise \u00e0 le faire. Ou encore l\u2019obligation pour les constructeurs de lancer sur le march\u00e9 des objets connect\u00e9s compatibles en IPv6.<br \/>Les gouvernements de chaque pays devraient donner l\u2019exemple avec leurs propres sites et services. Marco Hogewoning d\u00e9sesp\u00e8re ainsi de ne pouvoir d\u00e9clarer ses imp\u00f4ts en ligne en IPv6.<\/p>\n<p>En France, l\u2019Arcep tient un barom\u00e8tre de l\u2019IPv6, dressant un \u00e9tat des lieux des efforts des op\u00e9rateurs dans ce domaine. Le <a href=\"https:\/\/www.01net.com\/actualites\/le-deploiement-de-l-ipv6-par-les-operateurs-progresse-mais-reste-insuffisant-1807993.html\" target=\"_blank\" rel=\"noopener noreferrer\">dernier date du mois de novembre <\/a>et montrait qu\u2019une portion non n\u00e9gligeable des abonn\u00e9s fran\u00e7ais n\u2019\u00e9taient toujours pas activ\u00e9s en IPv6.<\/p>\n<p><strong>Source :<\/strong> <a href=\"https:\/\/www.theregister.com\/2020\/06\/05\/ipv4_v_ipv6\/\" target=\"_blank\" rel=\"noopener noreferrer\">The Register<\/a><\/p><\/div>\n<p><script>\n         !function(f,b,e,v,n,t,s){if(f.fbq)return;n=f.fbq=function()\n         {n.callMethod? n.callMethod.apply(n,arguments):n.queue.push(arguments)}\n         ;if(!f._fbq)f._fbq=n;\n             n.push=n;n.loaded=!0;n.version='2.0';n.queue=[];t=b.createElement(e);t.async=!0;\n             t.src=v;s=b.getElementsByTagName(e)[0];s.parentNode.insertBefore(t,s)}(window,\n                 document,'script','https:\/\/connect.facebook.net\/en_US\/fbevents.js');\n         fbq('init', '1065890633454496');\n         fbq('track', 'PageView');\n     <\/script><br \/>\n<br \/>[ad_2]<br \/>\n<br \/><a href=\"https:\/\/www.01net.com\/actualites\/le-passage-a-l-ipv6-devrait-prendre-encore-cinq-a-dix-ans-alors-que-les-adresses-ipv4-sont-deja-epuisees-1929097.html\">Source link <\/a><\/p>\n","protected":false},"excerpt":{"rendered":"<p>[ad_1] L\u2019IPv6 vient de f\u00eater son huiti\u00e8me anniversaire et ses caract\u00e9ristiques techniques ont \u00e9t\u00e9 \u00e9labor\u00e9es il y a pr\u00e8s de &hellip; <a href=\"http:\/\/www.affinite.fr\/index.php\/2020\/06\/08\/le-passage-a-lipv6-devrait-prendre-encore-cinq-a-dix-ans-alors-que-les-adresses-ipv4-sont-deja-epuisees\/\" class=\"more-link\">Plus <span class=\"screen-reader-text\">Le passage \u00e0 l&rsquo;IPv6 devrait prendre encore cinq \u00e0 dix ans&#8230; alors que les adresses IPv4 sont d\u00e9j\u00e0 \u00e9puis\u00e9es<\/span> <span class=\"meta-nav\">&rarr;<\/span><\/a><\/p>\n","protected":false},"author":1,"featured_media":3741,"comment_status":"open","ping_status":"open","sticky":false,"template":"","format":"standard","meta":{"_sitemap_exclude":false,"_sitemap_priority":"","_sitemap_frequency":"","footnotes":""},"categories":[1],"tags":[],"class_list":["post-3740","post","type-post","status-publish","format-standard","has-post-thumbnail","hentry","category-tous"],"_links":{"self":[{"href":"http:\/\/www.affinite.fr\/index.php\/wp-json\/wp\/v2\/posts\/3740"}],"collection":[{"href":"http:\/\/www.affinite.fr\/index.php\/wp-json\/wp\/v2\/posts"}],"about":[{"href":"http:\/\/www.affinite.fr\/index.php\/wp-json\/wp\/v2\/types\/post"}],"author":[{"embeddable":true,"href":"http:\/\/www.affinite.fr\/index.php\/wp-json\/wp\/v2\/users\/1"}],"replies":[{"embeddable":true,"href":"http:\/\/www.affinite.fr\/index.php\/wp-json\/wp\/v2\/comments?post=3740"}],"version-history":[{"count":0,"href":"http:\/\/www.affinite.fr\/index.php\/wp-json\/wp\/v2\/posts\/3740\/revisions"}],"wp:featuredmedia":[{"embeddable":true,"href":"http:\/\/www.affinite.fr\/index.php\/wp-json\/wp\/v2\/media\/3741"}],"wp:attachment":[{"href":"http:\/\/www.affinite.fr\/index.php\/wp-json\/wp\/v2\/media?parent=3740"}],"wp:term":[{"taxonomy":"category","embeddable":true,"href":"http:\/\/www.affinite.fr\/index.php\/wp-json\/wp\/v2\/categories?post=3740"},{"taxonomy":"post_tag","embeddable":true,"href":"http:\/\/www.affinite.fr\/index.php\/wp-json\/wp\/v2\/tags?post=3740"}],"curies":[{"name":"wp","href":"https:\/\/api.w.org\/{rel}","templated":true}]}}