{"id":3732,"date":"2020-06-08T07:02:17","date_gmt":"2020-06-08T07:02:17","guid":{"rendered":"https:\/\/www.affinite.fr\/index.php\/2020\/06\/08\/apple-brevette-une-methode-pour-prendre-des-selfies-de-groupe-a-distance\/"},"modified":"2020-06-08T07:02:17","modified_gmt":"2020-06-08T07:02:17","slug":"apple-brevette-une-methode-pour-prendre-des-selfies-de-groupe-a-distance","status":"publish","type":"post","link":"http:\/\/www.affinite.fr\/index.php\/2020\/06\/08\/apple-brevette-une-methode-pour-prendre-des-selfies-de-groupe-a-distance\/","title":{"rendered":"Apple brevette une m\u00e9thode pour prendre des selfies de groupe\u2026 \u00e0 distance"},"content":{"rendered":"<p> [ad_1]<br \/>\n<\/p>\n<div itemprop=\"articleBody\">\n<p>On pourrait penser que le confinement a marqu\u00e9 les esprits, m\u00eame chez Apple. En effet, un ing\u00e9nieur du g\u00e9ant am\u00e9ricain s\u2019est pench\u00e9 sur un syst\u00e8me de \u00ab\u00a0cr\u00e9ation synth\u00e9tique de selfies de groupe\u00a0\u00bb. C\u2019est en tout cas ce que pourrait laisser entendre un brevet qui vient d\u2019\u00eatre accord\u00e9 \u00e0 la soci\u00e9t\u00e9 de Cupertino. N\u00e9anmoins, la demande de brevet a \u00e9t\u00e9 d\u00e9pos\u00e9e au troisi\u00e8me trimestre 2018. L\u2019histoire \u00e9tait trop belle.<\/p>\n<p>Quoi qu\u2019il en soit, ces selfies de groupe \u00e0 distance pourraient \u00eatre compos\u00e9s \u00e0 partir de selfies individuels r\u00e9alis\u00e9s depuis diff\u00e9rents appareils et dans diff\u00e9rents endroits. Les clich\u00e9s seraient alors regroup\u00e9s en une seule image\u2026 Mais Apple ne s\u2019arr\u00eate pas l\u00e0 puisque ces selfies recompos\u00e9s pourraient \u00e9galement \u00eatre des vid\u00e9os, ou m\u00eame des flux d\u2019images diffus\u00e9es en direct.<\/p>\n<figure class=\"figure text-center\"><img decoding=\"async\" class=\"article-img img-responsive-l\" src=\"https:\/\/img.bfmtv.com\/c\/800\/1352\/70570e8a\/9d296e27bcdb38b8821a3d7d.jpg\" alt=\"\"\/><figcaption class=\"figure-caption figcaption color-txt-0 title-xs hidden-xs\">\n                                    PatentlyApple<br \/>\n                                                    &#8211;<br \/>\n                            <\/figcaption><\/figure>\n<p>Le brevet d\u00e9crit comment les diff\u00e9rents selfies pourraient \u00eatre agenc\u00e9s automatiquement sans intervention humaine pour produire la meilleure image possible. Le cr\u00e9ateur ou le destinataire du selfie synth\u00e9tique pourrait n\u00e9anmoins \u00e9galement le modifier, et changer le positionnement des diff\u00e9rentes personnages photographi\u00e9es. Les diff\u00e9rentes images s\u2019apparenteraient alors \u00e0 des calques que l\u2019on pourrait d\u00e9placer et superposer pour obtenir le montage souhait\u00e9. Apple indique \u00e9galement que les visuels originels pourraient \u00eatre stock\u00e9s s\u00e9par\u00e9ment pour ne pas \u00eatre alt\u00e9r\u00e9s.<\/p>\n<p>Apple pr\u00e9voit un syst\u00e8me d\u2019invitations envoy\u00e9es aux diff\u00e9rents participants, qui devront alors prendre un selfie et le soumettre \u00e0 l\u2019initiateur de la photo de groupe. Une fois pris, le clich\u00e9 serait d\u00e9tour\u00e9 automatiquement pour supprimer l\u2019arri\u00e8re-plan afin d\u2019unifier l\u2019ensemble final. Puis la photo serait envoy\u00e9e \u00e0 la personne \u00e0 l\u2019origine de la demande. En fonction du nombre de clich\u00e9s re\u00e7us, l\u2019appareil qui centralisera les photos les redimensionnera et les agencera devant un arri\u00e8re-plan commun, avant d\u2019enregistrer la composition en tant que selfie de groupe.<\/p>\n<aside class=\"bg-color-0 padding-inside-all-s bloc border-s\">\n<h4 class=\"box-txt-normal\">\n<p><strong>A d\u00e9couvrir aussi en vid\u00e9o<\/strong><\/p>\n<\/h4>\n<\/aside>\n<p>Cette solution si elle \u00e9tait appliqu\u00e9e permettrait de r\u00e9soudre l\u2019\u00e9pineux probl\u00e8me du cadre ou de la pr\u00e9sence de toutes les personnes \u00e0 photographier. N\u00e9anmoins, en cette p\u00e9riode o\u00f9 les <em>deepfakes<\/em> peuvent inqui\u00e9ter par leur r\u00e9alisme, un selfie synth\u00e9tique ne risque-t-il pas d\u2019\u00eatre quelque peu dangereux\u00a0?<\/p>\n<p><strong>Source\u00a0:<\/strong> <a data-cke-saved-href=\"https:\/\/www.patentlyapple.com\/patently-apple\/2020\/06\/apple-wins-patent-for-creating-synthetic-group-selfies.html\" href=\"https:\/\/www.patentlyapple.com\/patently-apple\/2020\/06\/apple-wins-patent-for-creating-synthetic-group-selfies.html\">PatentlyApple<\/a><\/p>\n<\/p><\/div>\n<p><script>\n         !function(f,b,e,v,n,t,s){if(f.fbq)return;n=f.fbq=function()\n         {n.callMethod? n.callMethod.apply(n,arguments):n.queue.push(arguments)}\n         ;if(!f._fbq)f._fbq=n;\n             n.push=n;n.loaded=!0;n.version='2.0';n.queue=[];t=b.createElement(e);t.async=!0;\n             t.src=v;s=b.getElementsByTagName(e)[0];s.parentNode.insertBefore(t,s)}(window,\n                 document,'script','https:\/\/connect.facebook.net\/en_US\/fbevents.js');\n         fbq('init', '1065890633454496');\n         fbq('track', 'PageView');\n     <\/script><br \/>\n<br \/>[ad_2]<br \/>\n<br \/><a href=\"https:\/\/www.01net.com\/actualites\/apple-brevette-une-methode-pour-faire-des-selfies-de-groupe-a-distance-1928973.html\">Source link <\/a><\/p>\n","protected":false},"excerpt":{"rendered":"<p>[ad_1] On pourrait penser que le confinement a marqu\u00e9 les esprits, m\u00eame chez Apple. En effet, un ing\u00e9nieur du g\u00e9ant &hellip; <a href=\"http:\/\/www.affinite.fr\/index.php\/2020\/06\/08\/apple-brevette-une-methode-pour-prendre-des-selfies-de-groupe-a-distance\/\" class=\"more-link\">Plus <span class=\"screen-reader-text\">Apple brevette une m\u00e9thode pour prendre des selfies de groupe\u2026 \u00e0 distance<\/span> <span class=\"meta-nav\">&rarr;<\/span><\/a><\/p>\n","protected":false},"author":1,"featured_media":3733,"comment_status":"open","ping_status":"open","sticky":false,"template":"","format":"standard","meta":{"_sitemap_exclude":false,"_sitemap_priority":"","_sitemap_frequency":"","footnotes":""},"categories":[1],"tags":[],"class_list":["post-3732","post","type-post","status-publish","format-standard","has-post-thumbnail","hentry","category-tous"],"_links":{"self":[{"href":"http:\/\/www.affinite.fr\/index.php\/wp-json\/wp\/v2\/posts\/3732"}],"collection":[{"href":"http:\/\/www.affinite.fr\/index.php\/wp-json\/wp\/v2\/posts"}],"about":[{"href":"http:\/\/www.affinite.fr\/index.php\/wp-json\/wp\/v2\/types\/post"}],"author":[{"embeddable":true,"href":"http:\/\/www.affinite.fr\/index.php\/wp-json\/wp\/v2\/users\/1"}],"replies":[{"embeddable":true,"href":"http:\/\/www.affinite.fr\/index.php\/wp-json\/wp\/v2\/comments?post=3732"}],"version-history":[{"count":0,"href":"http:\/\/www.affinite.fr\/index.php\/wp-json\/wp\/v2\/posts\/3732\/revisions"}],"wp:featuredmedia":[{"embeddable":true,"href":"http:\/\/www.affinite.fr\/index.php\/wp-json\/wp\/v2\/media\/3733"}],"wp:attachment":[{"href":"http:\/\/www.affinite.fr\/index.php\/wp-json\/wp\/v2\/media?parent=3732"}],"wp:term":[{"taxonomy":"category","embeddable":true,"href":"http:\/\/www.affinite.fr\/index.php\/wp-json\/wp\/v2\/categories?post=3732"},{"taxonomy":"post_tag","embeddable":true,"href":"http:\/\/www.affinite.fr\/index.php\/wp-json\/wp\/v2\/tags?post=3732"}],"curies":[{"name":"wp","href":"https:\/\/api.w.org\/{rel}","templated":true}]}}