{"id":372,"date":"2020-03-07T22:39:49","date_gmt":"2020-03-07T22:39:49","guid":{"rendered":"https:\/\/www.affinite.fr\/index.php\/2020\/03\/07\/amazon-baisse-de-260-euros-le-prix-de-la-nouvelle-surface-pro-x-de-microsoft\/"},"modified":"2020-03-07T22:39:49","modified_gmt":"2020-03-07T22:39:49","slug":"amazon-baisse-de-260-euros-le-prix-de-la-nouvelle-surface-pro-x-de-microsoft","status":"publish","type":"post","link":"http:\/\/www.affinite.fr\/index.php\/2020\/03\/07\/amazon-baisse-de-260-euros-le-prix-de-la-nouvelle-surface-pro-x-de-microsoft\/","title":{"rendered":"Amazon baisse de 260 euros le prix de la nouvelle Surface Pro X de Microsoft"},"content":{"rendered":"<p> [ad_1]<br \/>\n<br \/><img decoding=\"async\" src=\"https:\/\/img.bfmtv.com\/i\/0\/0\/6c9\/1fae80c9bd97d1347c815b707d957.jpg\" \/><\/p>\n<div itemprop=\"articleBody\">\n<p>Vous recherchez une tablette 13 pouces l\u00e9g\u00e8re sous Windows 10 ? C&rsquo;est le cas de la <a href=\"https:\/\/www.01net.com\/actualites\/surface-pro-x-nos-premieres-impressions-surle-pc-microsoft-au-coeur-de-smartphone-1779469.html\" target=\"_blank\" rel=\"noopener noreferrer\">Surface Pro X<\/a> qui fonctionne avec un processeur ARM maison, con\u00e7u en partenariat avec Qualcomm. Amazon vend actuellement cette tablette PC pour\u00a0<a href=\"https:\/\/amzn.to\/2xafNqj\" target=\"_blank\" rel=\"nofollow noopener noreferrer\">1409 euros au lieu de 1669 euros.<\/a><\/p>\n<p>Fine (7,3 mm) et l\u00e9g\u00e8re (774 g), elle comporte le processeur Microsoft SQ1, 16 Go de m\u00e9moire vive et 256 Go de stockage. Son \u00e9cran 13 pouces offre une d\u00e9finition \u00e9lev\u00e9e de 3000 x 2000 pixels.<\/p>\n<p>Amazon propose \u00e9galement les d\u00e9clinaisons suivantes :<\/p>\n<p>8 Go de m\u00e9moire vive et 128 Go de stockage : 989 euros au lieu de 1169 euros.<\/p>\n<p>8 Go de m\u00e9moire vive et 256 Go de stockage : 1239 euros au lieu de 1469 euros.<\/p>\n<p><a href=\"https:\/\/amzn.to\/2xafNqj\" style=\"background-color: rgb(255, 255, 255);\" target=\"_blank\" rel=\"nofollow noopener noreferrer\">Retrouvez ici cette offre d\u2019Amazon.<\/a><\/p>\n<aside class=\"bg-color-0 padding-inside-all-s bloc border-s\">\n<h4 class=\"box-txt-normal\">\n<p><strong>A d\u00e9couvrir aussi en vid\u00e9o :<\/strong><\/p>\n<\/h4>\n<\/aside>\n<p>Les promotions mentionn\u00e9es dans cet article peuvent \u00eatre \u00e9ph\u00e9m\u00e8res et ne plus \u00eatre valables apr\u00e8s la date de parution de l\u2019article.<\/p>\n<p><a href=\"https:\/\/www.01net.com\/bons-plans\/\">Retrouvez tous les bons plans high-tech s\u00e9lectionn\u00e9s par 01net.com sur notre page d\u00e9di\u00e9e.<\/a><\/p>\n<p><em>Cet article est une s\u00e9lection r\u00e9alis\u00e9e par l\u2019\u00e9quipe de 01net.com, en toute ind\u00e9pendance. Il est toutefois possible que ce contenu propose un lien d\u2019affiliation. Si vous cliquez sur ce lien, l\u2019e-commer\u00e7ant peut nous reverser une commission. Pour vous, rien ne change !<\/em><\/p>\n<\/p><\/div>\n<p><script>\n         !function(f,b,e,v,n,t,s){if(f.fbq)return;n=f.fbq=function()\n         {n.callMethod? n.callMethod.apply(n,arguments):n.queue.push(arguments)}\n         ;if(!f._fbq)f._fbq=n;\n             n.push=n;n.loaded=!0;n.version='2.0';n.queue=[];t=b.createElement(e);t.async=!0;\n             t.src=v;s=b.getElementsByTagName(e)[0];s.parentNode.insertBefore(t,s)}(window,\n                 document,'script','https:\/\/connect.facebook.net\/en_US\/fbevents.js');\n         fbq('init', '1065890633454496');\n         fbq('track', 'PageView');\n     <\/script><br \/>\n<br \/>[ad_2]<br \/>\n<br \/><a href=\"https:\/\/www.01net.com\/actualites\/bon-plan-amazon-baisse-de-260-euros-le-prix-de-la-nouvelle-surface-pro-x-de-microsoft-1868948.html\">Source link <\/a><\/p>\n","protected":false},"excerpt":{"rendered":"<p>[ad_1] Vous recherchez une tablette 13 pouces l\u00e9g\u00e8re sous Windows 10 ? C&rsquo;est le cas de la Surface Pro X &hellip; <a href=\"http:\/\/www.affinite.fr\/index.php\/2020\/03\/07\/amazon-baisse-de-260-euros-le-prix-de-la-nouvelle-surface-pro-x-de-microsoft\/\" class=\"more-link\">Plus <span class=\"screen-reader-text\">Amazon baisse de 260 euros le prix de la nouvelle Surface Pro X de Microsoft<\/span> <span class=\"meta-nav\">&rarr;<\/span><\/a><\/p>\n","protected":false},"author":1,"featured_media":373,"comment_status":"open","ping_status":"open","sticky":false,"template":"","format":"standard","meta":{"_sitemap_exclude":false,"_sitemap_priority":"","_sitemap_frequency":"","footnotes":""},"categories":[1],"tags":[],"class_list":["post-372","post","type-post","status-publish","format-standard","has-post-thumbnail","hentry","category-tous"],"_links":{"self":[{"href":"http:\/\/www.affinite.fr\/index.php\/wp-json\/wp\/v2\/posts\/372"}],"collection":[{"href":"http:\/\/www.affinite.fr\/index.php\/wp-json\/wp\/v2\/posts"}],"about":[{"href":"http:\/\/www.affinite.fr\/index.php\/wp-json\/wp\/v2\/types\/post"}],"author":[{"embeddable":true,"href":"http:\/\/www.affinite.fr\/index.php\/wp-json\/wp\/v2\/users\/1"}],"replies":[{"embeddable":true,"href":"http:\/\/www.affinite.fr\/index.php\/wp-json\/wp\/v2\/comments?post=372"}],"version-history":[{"count":0,"href":"http:\/\/www.affinite.fr\/index.php\/wp-json\/wp\/v2\/posts\/372\/revisions"}],"wp:featuredmedia":[{"embeddable":true,"href":"http:\/\/www.affinite.fr\/index.php\/wp-json\/wp\/v2\/media\/373"}],"wp:attachment":[{"href":"http:\/\/www.affinite.fr\/index.php\/wp-json\/wp\/v2\/media?parent=372"}],"wp:term":[{"taxonomy":"category","embeddable":true,"href":"http:\/\/www.affinite.fr\/index.php\/wp-json\/wp\/v2\/categories?post=372"},{"taxonomy":"post_tag","embeddable":true,"href":"http:\/\/www.affinite.fr\/index.php\/wp-json\/wp\/v2\/tags?post=372"}],"curies":[{"name":"wp","href":"https:\/\/api.w.org\/{rel}","templated":true}]}}