{"id":3712,"date":"2020-06-06T10:39:04","date_gmt":"2020-06-06T10:39:04","guid":{"rendered":"https:\/\/www.affinite.fr\/index.php\/2020\/06\/06\/twitter-sattaque-encore-a-donald-trump-et-supprime-lune-de-ses-videos\/"},"modified":"2020-06-06T10:39:04","modified_gmt":"2020-06-06T10:39:04","slug":"twitter-sattaque-encore-a-donald-trump-et-supprime-lune-de-ses-videos","status":"publish","type":"post","link":"http:\/\/www.affinite.fr\/index.php\/2020\/06\/06\/twitter-sattaque-encore-a-donald-trump-et-supprime-lune-de-ses-videos\/","title":{"rendered":"Twitter s&rsquo;attaque encore \u00e0 Donald Trump et supprime l&rsquo;une de ses vid\u00e9os"},"content":{"rendered":"<p> [ad_1]<br \/>\n<br \/><img decoding=\"async\" src=\"https:\/\/img.bfmtv.com\/i\/0\/0\/bd6\/54899b0614116bd17459b9d73706f.jpeg\" \/><\/p>\n<div itemprop=\"articleBody\">\n<p>Twitter n&rsquo;a pas peur des menaces de Donald Trump et le fait savoir. Apr\u00e8s avoir\u00a0\u00ab fack-check\u00e9 \u00bb des propos du pr\u00e9sident am\u00e9ricain sur le vote \u00e0 distance et ajout\u00e9 une mention sur leur non-exactitude, le r\u00e9seau social s&rsquo;en est pris la semaine derni\u00e8re\u00a0<a href=\"https:\/\/www.01net.com\/actualites\/tweet-glorifiant-la-violence-twitter-signale-un-nouveau-message-de-donald-trump-1923118.html\" target=\"_blank\" rel=\"noopener noreferrer\">\u00e0 un tweet du locataire de la Maison-Blanche\u00a0appelant \u00e0 la violence<\/a>. Cette d\u00e9cision n&rsquo;a pas plu \u00e0 Donald Trump qui a imm\u00e9diatement sign\u00e9 un d\u00e9cret visant \u00e0 encadrer les r\u00e9seaux sociaux\u2026 sans effet pour l&rsquo;instant. En effet, Twitter vient de supprimer une vid\u00e9o du pr\u00e9sident am\u00e9ricain pour non respect\u00a0des droits d&rsquo;auteur. L&rsquo;int\u00e9ress\u00e9 n&rsquo;a pas encore r\u00e9agi.\u00a0<\/p>\n<blockquote>\n<p><strong>\u00c0 lire aussi :<\/strong>\u00a0<a href=\"https:\/\/www.01net.com\/actualites\/donald-trump-va-signer-un-decret-visant-a-reguler-les-reseaux-sociaux-1921917.html\" target=\"_blank\" rel=\"noopener noreferrer\">Donald Trump va signer un d\u00e9cret visant \u00e0 r\u00e9guler les r\u00e9seaux sociaux<\/a><\/p>\n<\/blockquote>\n<div data-force-click=\"true\" class=\"bloc\">\n<blockquote class=\"twitter-tweet\">\n<p lang=\"en\" dir=\"ltr\">We are working toward a more just society, but that means building up, not tearing down.<\/p>\n<p>Joining hands, not hurling fists.<\/p>\n<p>Standing in solidarity, not surrendering to hostility. <a href=\"https:\/\/t.co\/mp8957czvh\">pic.twitter.com\/mp8957czvh<\/a><\/p>\n<p>\u2014 Team Trump (Text TRUMP to 88022) (@TeamTrump) <a href=\"https:\/\/twitter.com\/TeamTrump\/status\/1268295979331133445?ref_src=twsrc%5Etfw\">June 3, 2020<\/a><\/p><\/blockquote><\/div>\n<h3 style=\"color:#333; font-family:arial,helvetica,sans-serif; font-size:23px; font-weight:700\"><a href=\"https:\/\/www.01net.com\/actualites\/donald-trump-va-signer-un-decret-visant-a-reguler-les-reseaux-sociaux-1921917.html\" target=\"_blank\" rel=\"noopener noreferrer\">\u200b\u200b\u200b\u200b\u200b<\/a>Twitter vs. Trump, guerre ouverte\u00a0<\/h3>\n<p>D&rsquo;une dur\u00e9e de 3 minutes et 45 secondes, la vid\u00e9o publi\u00e9e par les \u00e9quipes de Trump montrait des images des manifestations sur fond d&rsquo;un discours du pr\u00e9sident am\u00e9ricain. Le probl\u00e8me, c&rsquo;est que les \u00e9quipes du pr\u00e9sident-candidat\u00a0ont utilis\u00e9 ces images sans autorisation, ce qui n&rsquo;a pas plu \u00e0 Twitter.\u00a0<em>\u00ab Nous r\u00e9agissons \u00e0 une plainte concernant les droits d&rsquo;auteur qui nous a \u00e9t\u00e9 adress\u00e9e par l&rsquo;un des ayants droit ou par l&rsquo;un de ses repr\u00e9sentant <\/em>\u00bb explique le r\u00e9seau social. Sur d&rsquo;autres plates-formes\u00a0comme YouTube, la vid\u00e9o n&rsquo;a pas \u00e9t\u00e9 retir\u00e9e.\u00a0<\/p>\n<aside class=\"bg-color-0 padding-inside-all-s bloc border-s\">\n<h4 class=\"box-txt-normal\">\n<p><strong>\u00c0 d\u00e9couvrir aussi en vid\u00e9o :<\/strong><\/p>\n<\/h4>\n<\/aside>\n<p>Apr\u00e8s avoir longtemps laiss\u00e9 le pr\u00e9sident am\u00e9ricain agir sans aucun contr\u00f4le, Twitter le vise tout particuli\u00e8rement ces derni\u00e8res semaines. <a href=\"https:\/\/www.01net.com\/actualites\/snapchat-ne-mettra-plus-en-avant-le-compte-de-donald-trump-1926778.html\" target=\"_blank\" rel=\"noopener noreferrer\">Snapchat a d&rsquo;ailleurs annonc\u00e9 la veille<\/a> qu&rsquo;il allait lui aussi commencer \u00e0 sanctionner les \u00e9carts comportementaux\u00a0de Donald Trump. \u00a0<\/p>\n<aside class=\"bg-color-0 padding-inside-all-s bloc border-s\">\n<h4 class=\"box-txt-normal\">\n<p><strong>Donald Trump, le raciste de r\u00e9f\u00e9rence sur Twitter<\/strong><\/p>\n<\/h4>\n<p>Comme l&rsquo;ont remarqu\u00e9 de nombreux internautes, la recherche\u00a0\u00ab raciste \u00bb dans le moteur de recherche de Twitter pointe vers\u2026 Donald Trump. Le pr\u00e9sident am\u00e9ricain est le premier compte que le r\u00e9seau social vous sugg\u00e8re de suivre si vous cherchez ce terme. Pour l&rsquo;instant, impossible de dire s&rsquo;il s&rsquo;agit d&rsquo;une erreur d&rsquo;algorithmes ou si, comme on peut l&rsquo;imaginer, les \u00e9quipes de Twitter tentent de passer un message.\u00a0<\/p>\n<\/aside>\n<\/div>\n<p><script async src=\"http:\/\/platform.twitter.com\/widgets.js\" charset=\"utf-8\"><\/script><script>\n         !function(f,b,e,v,n,t,s){if(f.fbq)return;n=f.fbq=function()\n         {n.callMethod? n.callMethod.apply(n,arguments):n.queue.push(arguments)}\n         ;if(!f._fbq)f._fbq=n;\n             n.push=n;n.loaded=!0;n.version='2.0';n.queue=[];t=b.createElement(e);t.async=!0;\n             t.src=v;s=b.getElementsByTagName(e)[0];s.parentNode.insertBefore(t,s)}(window,\n                 document,'script','https:\/\/connect.facebook.net\/en_US\/fbevents.js');\n         fbq('init', '1065890633454496');\n         fbq('track', 'PageView');\n     <\/script><br \/>\n<br \/>[ad_2]<br \/>\n<br \/><a href=\"https:\/\/www.01net.com\/actualites\/twitter-s-attaque-encore-a-donald-trump-et-supprime-l-une-de-ses-videos-1927412.html\">Source link <\/a><\/p>\n","protected":false},"excerpt":{"rendered":"<p>[ad_1] Twitter n&rsquo;a pas peur des menaces de Donald Trump et le fait savoir. Apr\u00e8s avoir\u00a0\u00ab fack-check\u00e9 \u00bb des propos &hellip; <a href=\"http:\/\/www.affinite.fr\/index.php\/2020\/06\/06\/twitter-sattaque-encore-a-donald-trump-et-supprime-lune-de-ses-videos\/\" class=\"more-link\">Plus <span class=\"screen-reader-text\">Twitter s&rsquo;attaque encore \u00e0 Donald Trump et supprime l&rsquo;une de ses vid\u00e9os<\/span> <span class=\"meta-nav\">&rarr;<\/span><\/a><\/p>\n","protected":false},"author":1,"featured_media":3713,"comment_status":"open","ping_status":"open","sticky":false,"template":"","format":"standard","meta":{"_sitemap_exclude":false,"_sitemap_priority":"","_sitemap_frequency":"","footnotes":""},"categories":[1],"tags":[],"class_list":["post-3712","post","type-post","status-publish","format-standard","has-post-thumbnail","hentry","category-tous"],"_links":{"self":[{"href":"http:\/\/www.affinite.fr\/index.php\/wp-json\/wp\/v2\/posts\/3712"}],"collection":[{"href":"http:\/\/www.affinite.fr\/index.php\/wp-json\/wp\/v2\/posts"}],"about":[{"href":"http:\/\/www.affinite.fr\/index.php\/wp-json\/wp\/v2\/types\/post"}],"author":[{"embeddable":true,"href":"http:\/\/www.affinite.fr\/index.php\/wp-json\/wp\/v2\/users\/1"}],"replies":[{"embeddable":true,"href":"http:\/\/www.affinite.fr\/index.php\/wp-json\/wp\/v2\/comments?post=3712"}],"version-history":[{"count":0,"href":"http:\/\/www.affinite.fr\/index.php\/wp-json\/wp\/v2\/posts\/3712\/revisions"}],"wp:featuredmedia":[{"embeddable":true,"href":"http:\/\/www.affinite.fr\/index.php\/wp-json\/wp\/v2\/media\/3713"}],"wp:attachment":[{"href":"http:\/\/www.affinite.fr\/index.php\/wp-json\/wp\/v2\/media?parent=3712"}],"wp:term":[{"taxonomy":"category","embeddable":true,"href":"http:\/\/www.affinite.fr\/index.php\/wp-json\/wp\/v2\/categories?post=3712"},{"taxonomy":"post_tag","embeddable":true,"href":"http:\/\/www.affinite.fr\/index.php\/wp-json\/wp\/v2\/tags?post=3712"}],"curies":[{"name":"wp","href":"https:\/\/api.w.org\/{rel}","templated":true}]}}