{"id":3699,"date":"2020-06-06T03:30:34","date_gmt":"2020-06-06T03:30:34","guid":{"rendered":"https:\/\/www.affinite.fr\/index.php\/2020\/06\/06\/quand-elon-musk-appelle-a-demanteler-amazon-sur-twitter\/"},"modified":"2020-06-06T03:30:34","modified_gmt":"2020-06-06T03:30:34","slug":"quand-elon-musk-appelle-a-demanteler-amazon-sur-twitter","status":"publish","type":"post","link":"http:\/\/www.affinite.fr\/index.php\/2020\/06\/06\/quand-elon-musk-appelle-a-demanteler-amazon-sur-twitter\/","title":{"rendered":"Quand Elon Musk appelle \u00e0 d\u00e9manteler Amazon sur Twitter"},"content":{"rendered":"<p> [ad_1]<br \/>\n<br \/><img decoding=\"async\" src=\"https:\/\/img.bfmtv.com\/i\/0\/0\/7a6\/6d0710714e8c0fd0cd0893e9f8ebf.jpg\" \/><\/p>\n<div itemprop=\"articleBody\">\n<p>Elon Musk est-il devenu totalement incontr\u00f4lable sur Twitter\u00a0? R\u00e9agissant \u00e0 un post du journaliste et \u00e9crivain Alex Berenson, le patron de Tesla s\u2019est indign\u00e9 qu\u2019Amazon refuse de vendre son dernier ouvrage critique sur la politique de confinement pour lutter contre le Covid-19. Il a, \u00e0 son tour, mis en ligne plusieurs messages interpellant sans retenue Jeff Bezos. <em>\u00ab\u00a0C\u2019est fou\u00a0\u00bb<\/em>, <em>\u00ab\u00a0Il est temps de d\u00e9manteler Amazon. Les monopoles ont tort\u00a0\u00bb<\/em>, a-t-il \u00e9crit.<\/p>\n<div data-force-click=\"true\" class=\"bloc\">\n<blockquote class=\"twitter-tweet\">\n<p dir=\"ltr\" lang=\"en\">Time to break up Amazon. Monopolies are wrong!<\/p>\n<p>\u2014 Elon Musk (@elonmusk) <a href=\"https:\/\/twitter.com\/elonmusk\/status\/1268603809409888256?ref_src=twsrc%5Etfw\">June 4, 2020<\/a><\/p><\/blockquote><\/div>\n<p>D&rsquo;apr\u00e8s CNBC, Amazon serait revenu depuis sur son refus et aurait pr\u00e9sent\u00e9 ses excuses \u00e0 Berenson, affirmant qu\u2019il s\u2019agissait d\u2019une erreur.<\/p>\n<h3 style=\"color:#333; font-family:arial,helvetica,sans-serif; font-size:23px; font-weight:700\">Des d\u00e9rapages \u00e0 r\u00e9p\u00e9tition<\/h3>\n<p>Si Elon Musk a \u00e9t\u00e9 si prompt \u00e0 critiquer Amazon, c\u2019est qu\u2019il a \u00e9t\u00e9 lui-m\u00eame un observateur tr\u00e8s critique du confinement qu\u2019il n\u2019a pas h\u00e9sit\u00e9 \u00e0 qualifier de <em>\u00ab\u00a0fasciste\u00a0\u00bb<\/em>. Il a aussi exprim\u00e9 son m\u00e9contentement de ne pouvoir vendre davantage de mod\u00e8les de Tesla et de devoir fermer ses usines.<\/p>\n<aside class=\"bg-color-0 padding-inside-all-s bloc border-s\">\n<h4 class=\"box-txt-normal\">\n<p><strong>A d\u00e9couvrir aussi en vid\u00e9o<\/strong><\/p>\n<\/h4>\n<\/aside>\n<p>Ce n\u2019est pas la premi\u00e8re fois qu\u2019il d\u00e9rape sur le r\u00e9seau social. Elon Musk a m\u00eame l\u2019habitude de l\u00e2cher des r\u00e9flexions m\u00e9taphysiques surprenantes du type <em>\u00ab\u00a0Je vais vendre tous mes biens physiques\u00a0\u00bb<\/em>.<\/p>\n<p>Plus p\u00e9nalisant pour ses affaires, il ne se prive pas de commentaires financiers pouvant influencer les march\u00e9s. Il a d\u00fb\u00a0payer une amende \u00e0 la suite d\u2019un tweet o\u00f9 il envisageait de retirer son entreprise de la Bourse. Ce qui lui a co\u00fbt\u00e9 son poste de pr\u00e9sident du conseil d\u2019administration de Tesla, ainsi qu&rsquo;une amende. A la suite de cet incident, il avait m\u00eame accept\u00e9 que le directeur juridique de Tesla chaperonne toutes ses publications. Malgr\u00e9 cela, il y a quelques semaines, il s\u2019est plaint que le cours de bourse Tesla \u00e9tait trop \u00e9lev\u00e9. Rien ne semble pouvoir arr\u00eater Elon Musk sur Twitter.<\/p>\n<p>Source : <a href=\"https:\/\/www.cnbc.com\/2020\/06\/04\/elon-musk-calls-for-amazon-split-after-alex-berenson-claims-censorship.html\" target=\"_blank\" rel=\"noopener noreferrer\">CNBC<\/a><\/p>\n<\/p><\/div>\n<p><script async src=\"http:\/\/platform.twitter.com\/widgets.js\" charset=\"utf-8\"><\/script><script>\n         !function(f,b,e,v,n,t,s){if(f.fbq)return;n=f.fbq=function()\n         {n.callMethod? n.callMethod.apply(n,arguments):n.queue.push(arguments)}\n         ;if(!f._fbq)f._fbq=n;\n             n.push=n;n.loaded=!0;n.version='2.0';n.queue=[];t=b.createElement(e);t.async=!0;\n             t.src=v;s=b.getElementsByTagName(e)[0];s.parentNode.insertBefore(t,s)}(window,\n                 document,'script','https:\/\/connect.facebook.net\/en_US\/fbevents.js');\n         fbq('init', '1065890633454496');\n         fbq('track', 'PageView');\n     <\/script><br \/>\n<br \/>[ad_2]<br \/>\n<br \/><a href=\"https:\/\/www.01net.com\/actualites\/quand-elon-musk-appelle-a-demanteler-amazon-sur-twitter-1927469.html\">Source link <\/a><\/p>\n","protected":false},"excerpt":{"rendered":"<p>[ad_1] Elon Musk est-il devenu totalement incontr\u00f4lable sur Twitter\u00a0? R\u00e9agissant \u00e0 un post du journaliste et \u00e9crivain Alex Berenson, le &hellip; <a href=\"http:\/\/www.affinite.fr\/index.php\/2020\/06\/06\/quand-elon-musk-appelle-a-demanteler-amazon-sur-twitter\/\" class=\"more-link\">Plus <span class=\"screen-reader-text\">Quand Elon Musk appelle \u00e0 d\u00e9manteler Amazon sur Twitter<\/span> <span class=\"meta-nav\">&rarr;<\/span><\/a><\/p>\n","protected":false},"author":1,"featured_media":3700,"comment_status":"open","ping_status":"open","sticky":false,"template":"","format":"standard","meta":{"_sitemap_exclude":false,"_sitemap_priority":"","_sitemap_frequency":"","footnotes":""},"categories":[1],"tags":[],"class_list":["post-3699","post","type-post","status-publish","format-standard","has-post-thumbnail","hentry","category-tous"],"_links":{"self":[{"href":"http:\/\/www.affinite.fr\/index.php\/wp-json\/wp\/v2\/posts\/3699"}],"collection":[{"href":"http:\/\/www.affinite.fr\/index.php\/wp-json\/wp\/v2\/posts"}],"about":[{"href":"http:\/\/www.affinite.fr\/index.php\/wp-json\/wp\/v2\/types\/post"}],"author":[{"embeddable":true,"href":"http:\/\/www.affinite.fr\/index.php\/wp-json\/wp\/v2\/users\/1"}],"replies":[{"embeddable":true,"href":"http:\/\/www.affinite.fr\/index.php\/wp-json\/wp\/v2\/comments?post=3699"}],"version-history":[{"count":0,"href":"http:\/\/www.affinite.fr\/index.php\/wp-json\/wp\/v2\/posts\/3699\/revisions"}],"wp:featuredmedia":[{"embeddable":true,"href":"http:\/\/www.affinite.fr\/index.php\/wp-json\/wp\/v2\/media\/3700"}],"wp:attachment":[{"href":"http:\/\/www.affinite.fr\/index.php\/wp-json\/wp\/v2\/media?parent=3699"}],"wp:term":[{"taxonomy":"category","embeddable":true,"href":"http:\/\/www.affinite.fr\/index.php\/wp-json\/wp\/v2\/categories?post=3699"},{"taxonomy":"post_tag","embeddable":true,"href":"http:\/\/www.affinite.fr\/index.php\/wp-json\/wp\/v2\/tags?post=3699"}],"curies":[{"name":"wp","href":"https:\/\/api.w.org\/{rel}","templated":true}]}}