{"id":3689,"date":"2020-06-05T23:21:33","date_gmt":"2020-06-05T23:21:33","guid":{"rendered":"https:\/\/www.affinite.fr\/index.php\/2020\/06\/05\/le-marche-du-smartphone-repart-a-la-hausse-en-france\/"},"modified":"2020-06-05T23:21:33","modified_gmt":"2020-06-05T23:21:33","slug":"le-marche-du-smartphone-repart-a-la-hausse-en-france","status":"publish","type":"post","link":"http:\/\/www.affinite.fr\/index.php\/2020\/06\/05\/le-marche-du-smartphone-repart-a-la-hausse-en-france\/","title":{"rendered":"le march\u00e9 du smartphone repart \u00e0 la hausse en France"},"content":{"rendered":"<p> [ad_1]<br \/>\n<\/p>\n<div itemprop=\"articleBody\">\n<p>Depuis plusieurs semaines, on lit de partout que le march\u00e9 du smartphone est en plein effondrement. La pand\u00e9mie de Covid-19 et le confinement ont contraint des millions de personnes \u00e0 repousser leurs achats \u00e0 plus tard\u2026 ce qui n\u2019a pas fait les beaux jours des constructeurs. Pour beaucoup d\u2019entre eux, le d\u00e9but d\u2019ann\u00e9e est pourtant une p\u00e9riode cruciale avec le lancement de nombreuses r\u00e9f\u00e9rences.\u00a0<\/p>\n<blockquote>\n<p><strong>\u00c0 lire aussi\u00a0:\u00a0<\/strong><a href=\"https:\/\/www.01net.com\/actualites\/coronavirus-les-ventes-mondiales-de-smartphones-s-effondrent-de-plus-de-20percent-1925529.html\" target=\"_blank\" rel=\"noopener noreferrer\">Coronavirus : les ventes mondiales de smartphones s\u2019effondrent de plus de 20%<\/a><\/p>\n<\/blockquote>\n<p><span>01net.com a pu se procurer les chiffres de ventes du march\u00e9 fran\u00e7ais pour la p\u00e9riode allant du d\u00e9but du confinement aux trois premi\u00e8res semaines de d\u00e9confinement (nous avons crois\u00e9 diff\u00e9rentes sources pour obtenir des estimations). Le moins que l\u2019on puisse dire, c\u2019est que la reprise n\u2019a pas tard\u00e9. D\u00e8s la premi\u00e8re semaine de d\u00e9confinement, les ventes se sont envol\u00e9es. Les op\u00e9rateurs et constructeurs que nous avons interrog\u00e9s se disent tous positivement surpris par cette reprise \u00e9conomique. Personne n&rsquo;anticipait<\/span><span>\u00a0un tel regain.\u00a0<\/span><\/p>\n<h3>Une hausse de 34% des ventes\u00a0\u00a0<\/h3>\n<p style=\"color:#333; font-family:arial,helvetica,sans-serif; font-size:18px\"><span>La premi\u00e8re semaine de d\u00e9confinement, plus de 150.000 smartphones ont trouv\u00e9 preneurs en France. C\u2019est 34% de plus que la m\u00eame semaine il y a un an, ce qui confirme que les \u00e9v\u00e9nements li\u00e9s au Covid-19 ont donn\u00e9 un coup de boost au march\u00e9. Rebelote la seconde semaine (environ 125.000 smartphones, ce qui repr\u00e9sente une hausse de 8% sur un an) et la troisi\u00e8me semaine (environ 140.000, + 42%). Le march\u00e9 du smartphone, tr\u00e8s stable depuis plusieurs ann\u00e9es, s\u2019envole de nouveau.\u00a0<\/span><\/p>\n<figure class=\"figure text-center\"><img decoding=\"async\" class=\"article-img img-responsive-l\" src=\"https:\/\/img.bfmtv.com\/c\/0\/708\/655\/28cbf7e82bf0816ab30d49c091c22.jpg\" alt=\"\"\/><figcaption class=\"figure-caption figcaption color-txt-0 title-xs hidden-xs\">\n                                    01net.com<br \/>\n                                                    &#8211; Pendant le confinement, de nombreux smartphones sont sortis. Ici, il s&rsquo;agit du Oppo Find X2 Pro.<br \/>\n                            <\/figcaption><\/figure>\n<p>Bien s\u00fbr, cela ne signifie pas que 2020 sera une ann\u00e9e dor\u00e9e pour les constructeurs. Pendant les huit de semaines de confinement, les ventes se sont compl\u00e8tement effondr\u00e9es. Les ventes sont tomb\u00e9es de 60% les deux premi\u00e8res semaines avant de l\u00e9g\u00e8rement reprendre. Pas de quoi faire la f\u00eate non plus, dans le meilleur des cas, la sixi\u00e8me semaine, la diff\u00e9rence a \u00e9t\u00e9 de -30%. Autrement dit, la perte d\u2019une ann\u00e9e sur l\u2019autre est colossale pour les constructeurs. Il n\u2019y a plus qu\u2019\u00e0 esp\u00e9rer pour eux que cette forte croissance de d\u00e9confinement se p\u00e9rennise dans le temps.\u00a0<\/p>\n<h3 style=\"color:#333; font-family:arial,helvetica,sans-serif; font-size:23px; font-weight:700\">Les smartphones haut de gamme ont la c\u00f4te<\/h3>\n<p>L\u00e0 aussi, il pourrait s\u2019agir d\u2019un effet d\u00e9confinement. Les Fran\u00e7ais ont-ils profit\u00e9 de ces huit semaines sans sortie pour mettre de l\u2019argent de c\u00f4t\u00e9\u00a0? On remarque en tout cas que la valeur des smartphones achet\u00e9s ces trois derni\u00e8res semaines est sup\u00e9rieure aux nombres de produits vendus. Par exemple, lors de la premi\u00e8re semaine de d\u00e9confinement, les Fran\u00e7ais ont d\u00e9pens\u00e9 55% de plus que l\u2019ann\u00e9e derni\u00e8re \u00e0 la m\u00eame p\u00e9riode alors que le nombre de smartphones vendus n\u2019a progress\u00e9 que de 34%. Les smartphones pl\u00e9biscit\u00e9s ces trois derni\u00e8res semaines co\u00fbtent donc plus chers.\u00a0<\/p>\n<aside class=\"bg-color-0 padding-inside-all-s bloc border-s\">\n<h4 class=\"box-txt-normal\">\n<p><strong>\u00c0 d\u00e9couvrir aussi en vid\u00e9o :<\/strong><\/p>\n<\/h4>\n<\/aside>\n<p>Autre constat, l\u2019<a href=\"https:\/\/www.01net.com\/tests\/iphone-se-un-smartphone-petit-format-a-petit-prix-mais-aux-grosses-performances-6443.html\" target=\"_blank\" rel=\"noopener noreferrer\">iPhone SE<\/a> a donn\u00e9 un joli coup de boost \u00e0 Apple. Fortement impact\u00e9 par le confinement (tous ses magasins ont ferm\u00e9 et les consommateurs\u00a0n\u2019avaient probablement envie de d\u00e9penser une somme colossale dans un smartphone), la marque californienne a repris des couleurs au lancement de son smartphone abordable. Ses parts de march\u00e9 hebdomadaires sont pass\u00e9es de 10% \u00e0 14%, ce qui lui a permis de r\u00e9cup\u00e9rer sa troisi\u00e8me place, bri\u00e8vement occup\u00e9e par Xiaomi. Samsung et Huawei restent les deux plus gros vendeurs de smartphones en France.\u00a0<\/p>\n<p>Enfin, notons une autre cons\u00e9quence de ce confinement\u00a0: les supermarch\u00e9s et hypermarch\u00e9s se sont plut\u00f4t bien pr\u00e9serv\u00e9s. Ouverts pendant le confinement, ils ont r\u00e9ussi \u00e0 maintenir un niveau de ventes de smartphones correct, voire m\u00eame \u00e0 afficher de la croissance certaines semaines. En comparaison, les op\u00e9rateur et les magasins sp\u00e9cialis\u00e9s comme la Fnac ou Boulanger (environ\u00a0-30%) ont bien plus souffert. Esp\u00e9rons que cette reprise les relance pour de bon.\u00a0<\/p>\n<\/p><\/div>\n<p><script>\n         !function(f,b,e,v,n,t,s){if(f.fbq)return;n=f.fbq=function()\n         {n.callMethod? n.callMethod.apply(n,arguments):n.queue.push(arguments)}\n         ;if(!f._fbq)f._fbq=n;\n             n.push=n;n.loaded=!0;n.version='2.0';n.queue=[];t=b.createElement(e);t.async=!0;\n             t.src=v;s=b.getElementsByTagName(e)[0];s.parentNode.insertBefore(t,s)}(window,\n                 document,'script','https:\/\/connect.facebook.net\/en_US\/fbevents.js');\n         fbq('init', '1065890633454496');\n         fbq('track', 'PageView');\n     <\/script><br \/>\n<br \/>[ad_2]<br \/>\n<br \/><a href=\"https:\/\/www.01net.com\/actualites\/deconfinement-le-marche-du-smartphone-repart-a-la-hausse-en-france-1927628.html\">Source link <\/a><\/p>\n","protected":false},"excerpt":{"rendered":"<p>[ad_1] Depuis plusieurs semaines, on lit de partout que le march\u00e9 du smartphone est en plein effondrement. La pand\u00e9mie de &hellip; <a href=\"http:\/\/www.affinite.fr\/index.php\/2020\/06\/05\/le-marche-du-smartphone-repart-a-la-hausse-en-france\/\" class=\"more-link\">Plus <span class=\"screen-reader-text\">le march\u00e9 du smartphone repart \u00e0 la hausse en France<\/span> <span class=\"meta-nav\">&rarr;<\/span><\/a><\/p>\n","protected":false},"author":1,"featured_media":3690,"comment_status":"open","ping_status":"open","sticky":false,"template":"","format":"standard","meta":{"_sitemap_exclude":false,"_sitemap_priority":"","_sitemap_frequency":"","footnotes":""},"categories":[1],"tags":[],"class_list":["post-3689","post","type-post","status-publish","format-standard","has-post-thumbnail","hentry","category-tous"],"_links":{"self":[{"href":"http:\/\/www.affinite.fr\/index.php\/wp-json\/wp\/v2\/posts\/3689"}],"collection":[{"href":"http:\/\/www.affinite.fr\/index.php\/wp-json\/wp\/v2\/posts"}],"about":[{"href":"http:\/\/www.affinite.fr\/index.php\/wp-json\/wp\/v2\/types\/post"}],"author":[{"embeddable":true,"href":"http:\/\/www.affinite.fr\/index.php\/wp-json\/wp\/v2\/users\/1"}],"replies":[{"embeddable":true,"href":"http:\/\/www.affinite.fr\/index.php\/wp-json\/wp\/v2\/comments?post=3689"}],"version-history":[{"count":0,"href":"http:\/\/www.affinite.fr\/index.php\/wp-json\/wp\/v2\/posts\/3689\/revisions"}],"wp:featuredmedia":[{"embeddable":true,"href":"http:\/\/www.affinite.fr\/index.php\/wp-json\/wp\/v2\/media\/3690"}],"wp:attachment":[{"href":"http:\/\/www.affinite.fr\/index.php\/wp-json\/wp\/v2\/media?parent=3689"}],"wp:term":[{"taxonomy":"category","embeddable":true,"href":"http:\/\/www.affinite.fr\/index.php\/wp-json\/wp\/v2\/categories?post=3689"},{"taxonomy":"post_tag","embeddable":true,"href":"http:\/\/www.affinite.fr\/index.php\/wp-json\/wp\/v2\/tags?post=3689"}],"curies":[{"name":"wp","href":"https:\/\/api.w.org\/{rel}","templated":true}]}}