{"id":3680,"date":"2020-06-05T18:13:56","date_gmt":"2020-06-05T18:13:56","guid":{"rendered":"https:\/\/www.affinite.fr\/index.php\/2020\/06\/05\/la-nouvelle-reference-des-velos-electriques-connectes\/"},"modified":"2020-06-05T18:13:56","modified_gmt":"2020-06-05T18:13:56","slug":"la-nouvelle-reference-des-velos-electriques-connectes","status":"publish","type":"post","link":"http:\/\/www.affinite.fr\/index.php\/2020\/06\/05\/la-nouvelle-reference-des-velos-electriques-connectes\/","title":{"rendered":"la nouvelle r\u00e9f\u00e9rence des v\u00e9los \u00e9lectriques connect\u00e9s ?"},"content":{"rendered":"<p> [ad_1]<br \/>\n<\/p>\n<div>\n<p>Est-il n\u00e9cessaire de revoir enti\u00e8rement sa copie pour am\u00e9liorer un produit ? Pas si l\u2019on en croit la strat\u00e9gie de VanMoof qui consiste \u00e0 revenir chaque ann\u00e9e avec un v\u00e9lo, a\u00a0priori semblable\u00a0mais sensiblement retravaill\u00e9. Pour ses S3 et X3 (deux v\u00e9los au\u00a0design diff\u00e9rent\u00a0mais aux caract\u00e9ristiques techniques quasi identiques) le fabricant de cycles hollandais a \u00e9cout\u00e9 avec attention les critiques qui avaient \u00e9t\u00e9 faites \u00e0 l&rsquo;encontre de leurs pr\u00e9d\u00e9cesseurs\u00a0et les a toutes corrig\u00e9es\u2026 du moins sur le papier.\u00a0<\/p>\n<p>Arriv\u00e9 en m\u00eame temps qu\u2019un d\u00e9confinement qui a \u00e9rig\u00e9 le v\u00e9lo \u00e9lectrique en star de la ville, le S3 b\u00e9n\u00e9ficie \u00e0 la fois d\u2019une baisse substantielle de prix (1 500 euros de moins que le S2) et de l\u2019existence d\u2019aides \u00e0 l\u2019achat, qu&rsquo;il s&rsquo;agisse du\u00a0<a href=\"https:\/\/www.01net.com\/actualites\/bonus-ecologique-comment-beneficier-de-la-prime-pour-son-velo-a-assistance-electrique-1714087.html\" target=\"_blank\" rel=\"noopener noreferrer\">bonus \u00e9cologique<\/a> ou de l\u2019<a href=\"https:\/\/www.01net.com\/actualites\/ile-de-france-comment-beneficier-de-l-aide-de-500-euros-pour-l-achat-d-un-velo-electrique-1903321.html\" target=\"_blank\" rel=\"noopener noreferrer\">aide r\u00e9gionale<\/a>. Avec sa fiche technique soign\u00e9e, des d\u00e9fauts enfin gomm\u00e9s et un prix nettement plus accessible, le dernier n\u00e9 de VanMoof a tous les atout pour pr\u00e9tendre au meilleur rapport qualit\u00e9-prix chez les VAE.\u00a0<\/p>\n<figure class=\"figure text-center\"><img decoding=\"async\" class=\"article-img img-responsive-l\" src=\"https:\/\/img.bfmtv.com\/c\/0\/708\/72a\/398ffa8dd0cfb4358e81ec4a2e707.jpg\" alt=\"\"\/><figcaption class=\"figure-caption figcaption color-txt-0 title-xs hidden-xs\">\n                                    Dimitri Charitsis &#8211; 01 Net.<br \/>\n                                                    &#8211; Le VanMoof S3 vu de dos.<br \/>\n                            <\/figcaption><\/figure>\n<h3 style=\"color:#333; font-family:arial,helvetica,sans-serif; font-size:23px; font-weight:700\">Design : de toute beaut\u00e9 mais sans grande \u00e9volution<\/h3>\n<p>Un tube l\u00e9g\u00e8rement plus biseaut\u00e9, un petit liser\u00e9 pr\u00e8s de la selle et quelques retouches de ci de l\u00e0, il faut \u00eatre un fin observateur pour diff\u00e9rencier un VanMoof S3 du S2 qui l\u2019a pr\u00e9c\u00e9d\u00e9. Et pour cause, le design global et la g\u00e9om\u00e9trie sont identiques\u00a0et \u00e7a vaut \u00e9galement pour le <a href=\"https:\/\/www.01net.com\/actualites\/van-moof-s3-et-x3-le-velo-electrique-hollandais-passe-a-la-vitesse-superieure-1897306.html\" target=\"_blank\" rel=\"noopener noreferrer\">X3, la version au cadre \u00ab\u00a0crois\u00e9\u00a0\u00bb<\/a> pour les cyclistes de plus petite taille, tr\u00e8s proche du X2..\u00a0<\/p>\n<p>Dans le d\u00e9tail, les changements sont pourtant bien l\u00e0, \u00e0 commencer par\u00a0le bloc de la transmission \u00e9lectrique \u00e0 l\u2019arri\u00e8re qui passe de 2 \u00e0 4 vitesses, le d\u00e9placement\u00a0des haut-parleurs et du port de charge sous le tube central ou encore la pr\u00e9sence des petits r\u00e9servoirs de liquide de frein fabriqu\u00e9s par la marque hollandaise. Et c&rsquo;est sans parler des freins \u00e0 disque hydrauliques qui remplacent les versions m\u00e9caniques des <a href=\"https:\/\/www.01net.com\/tests\/on-a-teste-le-vanmoof-s2-plus-qu-un-velo-electrique-connecte-un-bolide-survitamine-6272.html\" target=\"_blank\" rel=\"noopener noreferrer\">S2\/X2<\/a>. En un mot c\u2019est dans ces quelques \u00e9l\u00e9ment que ce nouveau S3 \u00e9volue esth\u00e9tiquement car pour le reste il s\u2019agit du m\u00eame v\u00e9lo tr\u00e8s r\u00e9ussi d\u2019un point de vue design.<\/p>\n<figure class=\"figure text-center\"><img decoding=\"async\" class=\"article-img img-responsive-l\" src=\"https:\/\/img.bfmtv.com\/c\/0\/708\/1db\/39f1def1071204cc75494d849d54e.JPG\" alt=\"\"\/><figcaption class=\"figure-caption figcaption color-txt-0 title-xs hidden-xs\">\n                                    Dimitri Charitsis &#8211; 01 Net.<br \/>\n                                                    &#8211; Le VanMoof X3 est la version \u00ab petite taille \u00bb du S3.<br \/>\n                            <\/figcaption><\/figure>\n<p>En effet son dessin sans fioritures, la parfaite int\u00e9gration des feux avant et arri\u00e8re dans le tube central ou encore l\u2019absence de soudures et de fils apparents sont les signes d\u2019un cycle \u00e0 la conception soign\u00e9e. Le souci de l\u2019esth\u00e9tique chez les designers de VanMoof, c\u2019est aussi ce qui a pr\u00e9valu \u00e0 certains choix techniques du v\u00e9lo \u00e0 commencer par l\u2019absence de vitesse (la transmission est automatique) ou la batterie (504 Wh) non amovible. Log\u00e9e comme le reste de l\u2019\u00e9lectronique dans le tube central, elle ne peut \u00eatre retir\u00e9e que pour des besoins sp\u00e9cifiques de r\u00e9paration. En cons\u00e9quence, si vous habitez en appartement ou si vous n\u2019avez pas la possibilit\u00e9 de charger votre cycle dans un local \u00e0 v\u00e9lo, le recours au S3 n\u2019en deviendra que plus complexe.<\/p>\n<p>Ce parti pris esth\u00e9tique permet aussi \u00e0 VanMoof de r\u00e9duire le poids total de son S3. Malgr\u00e9 un gabarit imposant, il ne p\u00e8se que 19 kg bien qu\u2019\u00e9quip\u00e9 de garde-boues, d\u2019une b\u00e9quille et d&rsquo;accessoires de s\u00e9curit\u00e9 (sonnette et lumi\u00e8res).\u00a0<\/p>\n<figure class=\"figure text-center\"><img decoding=\"async\" class=\"article-img img-responsive-l\" src=\"https:\/\/img.bfmtv.com\/c\/0\/708\/993\/517a69d96fdefe5d06cb61961a0e4.JPG\" alt=\"\"\/><figcaption class=\"figure-caption figcaption color-txt-0 title-xs hidden-xs\">\n                                    Dimitri Charitsis &#8211; 01 Net.<br \/>\n                                                    &#8211; L&rsquo;une des rares diff\u00e9rences esth\u00e9tiques avec le S2, le logo visible sur le tube central.<br \/>\n                            <\/figcaption><\/figure>\n<h3 style=\"color:#333; font-family:arial,helvetica,sans-serif; font-size:23px; font-weight:700\">Ecran matriciel, verrou kicklock et bouton boost : l\u2019ADN VanMoof pr\u00e9serv\u00e9<\/h3>\n<p>VanMoof ne s\u2019est pas content\u00e9 de reconduire un design \u00e9prouv\u00e9 sur ces pr\u00e9c\u00e9dentes g\u00e9n\u00e9rations, il a \u00e9galement repris les principaux ingr\u00e9dients de la recette qui a fait son succ\u00e8s. Ainsi un rapide coup d\u2019oeil \u00e0 la fiche technique du VAE permet de retrouver les quelques sp\u00e9cificit\u00e9s qui font l\u2019ADN du v\u00e9lo hollandais connect\u00e9.\u00a0<\/p>\n<figure class=\"figure text-center\"><img decoding=\"async\" class=\"article-img img-responsive-l\" src=\"https:\/\/img.bfmtv.com\/c\/0\/708\/bb2\/abe6c86503add67b457f55f46d08e.jpg\" alt=\"\"\/><figcaption class=\"figure-caption figcaption color-txt-0 title-xs hidden-xs\">\n                                    Thomas Remilleret &#8211; 01 Net<br \/>\n                                                    &#8211; L&rsquo;\u00e9cran matriciel et sa fameuse t\u00eate de mort.<br \/>\n                            <\/figcaption><\/figure>\n<p>Il y a d\u2019abord cet \u00e9cran matriciel sur le dessus du tube principal. Compos\u00e9 de 166 LED, il permet d\u2019indiquer la vitesse, le niveau d\u2019assistance et quelques informations essentielles comme le niveau de charge et\u00a0le verrouillage. Il remplace donc l&rsquo;afficheur\u00a0classique\u00a0positionn\u00e9\u00a0habituellement de l\u2019un ou de l\u2019autre c\u00f4t\u00e9 du guidon. Sa position plus basse contraint \u00e0 d\u00e9tourner un peu le regard de la route mais dans la mesure o\u00f9 il n\u2019est pas n\u00e9cessaire d\u2019avoir les yeux riv\u00e9s sur son compteur de vitesse, c\u2019est peu probl\u00e9matique. En revanche, sur notre version bleue (dite light) nous avons constat\u00e9 quelques soucis de lisibilit\u00e9, notamment au soleil. VanMoof nous a expliqu\u00e9 qu\u2019il s\u2019agissait d\u2019un souci d\u2019\u00e9paisseur de la peinture sur les LED qui avait \u00e9t\u00e9 constat\u00e9e\u00a0sur les v\u00e9los de pr\u00e9-production et qui serait d\u00e9j\u00e0 corrig\u00e9. Au final, bien que nous ayons l\u2019habitude d\u2019un afficheur classique, il n\u2019a pas \u00e9t\u00e9 difficile de s\u2019adapter \u00e0 l\u2019\u00e9cran matriciel de notre S3.<\/p>\n<figure class=\"figure text-center\"><img decoding=\"async\" class=\"article-img img-responsive-l\" src=\"https:\/\/img.bfmtv.com\/c\/0\/708\/e41\/237ccd3929a2f4456f32315ad93eb.JPG\" alt=\"\"\/><figcaption class=\"figure-caption figcaption color-txt-0 title-xs hidden-xs\">\n                                    Dimitri Charitsis &#8211; 01 Net.<br \/>\n                                                    &#8211; Le verrou kick lock et son contour jaune.<br \/>\n                            <\/figcaption><\/figure>\n<p>Le second \u00e9l\u00e9ment de la \u00ab\u00a0VanMoof touch\u00a0\u00bb, c\u2019est bien \u00e9videmment le verrou <em>kick lock<\/em>. En effet, le v\u00e9lo dispose d\u2019un syst\u00e8me antivol int\u00e9gr\u00e9 qui se d\u00e9clenche en positionnant la roue arri\u00e8re d\u2019une certaine mani\u00e8re et en mettant un l\u00e9ger coup de pied au bouton situ\u00e9 pr\u00e8s du d\u00e9railleur. D\u00e8s lors le v\u00e9lo se bloque et il faut alors le d\u00e9verrouiller, soit \u00e0 l\u2019aide d\u2019un code, soit avec son application. Et si une personne mal intentionn\u00e9 s\u2019avisait de vouloir d\u00e9placer votre bolide celui-ci hurlerait d\u2019un son suffisamment horripilant pour qu\u2019on pr\u00e9f\u00e8re le laisser sur place. \u00c7a c\u2019est la th\u00e9orie, en pratique nous vous conseillerons de doubler cette protection logicielle d\u2019un bon cadenas bien concret.\u00a0<\/p>\n<blockquote>\n<p><strong>A lire aussi :<\/strong> <a href=\"https:\/\/www.01net.com\/actualites\/guide-d-achat-velo-electrique-tout-ce-qu-il-faut-savoir-pour-bien-choisir-son-vae-1913981.html\" target=\"_blank\" rel=\"noopener noreferrer\">notre guide d&rsquo;achat des v\u00e9los \u00e0 assistance \u00e9lectrique<\/a><\/p>\n<\/blockquote>\n<p>Enfin, il y a le fameux bouton \u00ab\u00a0boost\u00a0\u00bb situ\u00e9 \u00e0 droite du cintre et qui lib\u00e8re quasi instantan\u00e9ment les 59 Nm de couple du moteur. C\u2019est l\u2019une des singularit\u00e9s de VanMoof. En effet, si comme sur la majorit\u00e9 des VAE la mont\u00e9e en assistance est progressive, il est possible de disposer d\u2019un surplus de puissance \u00e0 la demande. Le souci du \u00ab\u00a0boost\u00a0\u00bb c\u2019est qu\u2019il devient assez rapidement addictif. Alors qu\u2019il ne devrait servir qu\u2019\u00e0 franchir les c\u00f4tes les plus raides ou \u00e0 d\u00e9marrer rapidement, nous nous surprenons \u00e0 l\u2019utiliser constamment afin d\u2019atteindre au plus vite les 25 km\/h r\u00e9glementaires. D\u00e8s lors, il est permis de s\u2019interroger sur la n\u00e9cessit\u00e9 d\u2019un bouton d\u00e9di\u00e9, l\u00e0 o\u00f9 une assistance classique et ma\u00eetris\u00e9e fait parfaitement l\u2019affaire. \u00a0<\/p>\n<figure class=\"figure text-center\"><img decoding=\"async\" class=\"article-img img-responsive-l\" src=\"https:\/\/img.bfmtv.com\/c\/0\/708\/714\/e8ceab8c0e3897f4bea4cbabafc26.JPG\" alt=\"\"\/><figcaption class=\"figure-caption figcaption color-txt-0 title-xs hidden-xs\">\n                                    Dimitri Charitsis &#8211; 01 Net.<br \/>\n                                                    &#8211; Le bouton boost est parfaitement int\u00e9gr\u00e9 au guidon.<br \/>\n                            <\/figcaption><\/figure>\n<h3 style=\"color:#333; font-family:arial,helvetica,sans-serif; font-size:23px; font-weight:700\">Que vaut le S3 sur la route ?<\/h3>\n<p>La nouvelle g\u00e9n\u00e9ration de VanMoof offre-t-elle des sensations de conduite diff\u00e9rentes ? En effet m\u00eame si la g\u00e9om\u00e9trie du S3 et du X3 n\u2019a pas \u00e9volu\u00e9, les modifications au niveau de la transmission ou encore l\u2019ajout de freins \u00e0 disques hydrauliques change\u00a0consid\u00e9rablement l\u2019exp\u00e9rience sur le v\u00e9lo.\u00a0<\/p>\n<p>La premi\u00e8re sensation ressentie sur le S3, c\u2019est d\u2019abord cette posture qui reste assez\u00a0droite et tr\u00e8s confortable pour le cou et les bras. Des sensations renforc\u00e9es lorsqu\u2019on a plut\u00f4t l\u2019habitude d\u2019un VTT et de sa position sportive. Qu&rsquo;il s&rsquo;agisse de cette g\u00e9n\u00e9ration ou des pr\u00e9c\u00e9dentes, ce confort de fa\u00e7ade est certes quelque peu mis \u00e0 mal par l\u2019absence totale d\u2019un syst\u00e8me de suspension. L\u00e0 o\u00f9 certains comme Moustache ou Specialized privil\u00e9gient des syst\u00e8mes d\u2019amorti sous ou sur le guidon, et l\u00e0 o\u00f9 d\u2019autres se reposent tout simplement sur une fourche suspendue, VanMoof opte pour une solution minimaliste et s\u2019en remet \u00e0 ses imposants pneus Schwalbe pour encaisser les asp\u00e9rit\u00e9s de la route. Mais ce que le S3 perd en confort, il le gagne en vitesse et c\u2019est l\u00e0 une seconde sensation pour le moins grisante. Le VanMoof va vite, et cette sensation est d\u2019autant plus forte qu\u2019avec un l\u00e9ger appui sur le bouton \u00ab\u00a0boost\u00a0\u00bb et un bon coup de p\u00e9dale on atteint les 25 km\/h en un rien de temps.\u00a0<\/p>\n<figure class=\"figure text-center\"><img decoding=\"async\" class=\"article-img img-responsive-l\" src=\"https:\/\/img.bfmtv.com\/c\/0\/708\/457\/3ded9940bb073d384dd941572e76a.JPG\" alt=\"\"\/><figcaption class=\"figure-caption figcaption color-txt-0 title-xs hidden-xs\">\n                                    Dimitri Charitsis &#8211; 01 Net.<br \/>\n                                                    &#8211; En route sur le S3.<br \/>\n                            <\/figcaption><\/figure>\n<p>Dans son comportement, ensuite, le S3 s\u2019av\u00e8re tr\u00e8s plaisant et plut\u00f4t maniable compte tenu de son gabarit. Surtout, le VAE nous para\u00eet particuli\u00e8rement bien \u00e9quilibr\u00e9 au niveau du poids et c\u2019est tout \u00e0 l\u2019honneur du fabricant dans la mesure o\u00f9 le placement du moteur sur le moyeu de la roue avant rend cet \u00e9quilibre complexe. Quant \u00e0 la transmission, il convient de saluer les progr\u00e8s de VanMoof sur ce point. Les \u00e0-coups constat\u00e9s sur la pr\u00e9c\u00e9dente version \u00e0 deux vitesses ont disparu avec ce nouveau syst\u00e8me. En revanche, la possibilit\u00e9 de r\u00e9gler le passage des vitesses via l\u2019application ne nous a pas convaincus. Sur le papier cela peut sembler une bonne id\u00e9e, mais dans les faits, il est bien difficile de d\u00e9cr\u00e9ter de mani\u00e8re th\u00e9orique \u00e0 quel moment la transition d\u2019une vitesse \u00e0 une autre se fera. En effet, avec des d\u00e9railleurs classiques, le pilote choisi pr\u00e9cis\u00e9ment ce moment en fonction du terrain, ou de sa forme du moment. \u00c0 moins d\u2019avoir le smartphone dans une main et le guidon dans l\u2019autre cette solution est inenvisageable sur le S3. D\u00e8s lors le r\u00e9glage ne peut \u00eatre qu\u2019approximatif et les r\u00e9sultats peu probants.\u00a0<\/p>\n<figure class=\"figure text-center\"><img decoding=\"async\" class=\"article-img img-responsive-l\" src=\"https:\/\/img.bfmtv.com\/c\/0\/708\/4de\/15ad2b341b198858dddf97766cb6c.jpg\" alt=\"\"\/><figcaption class=\"figure-caption figcaption color-txt-0 title-xs hidden-xs\">\n                                    Dimitri Charitsis &#8211; 01 Net.<br \/>\n                                                    &#8211; Le moteur 250W int\u00e9gr\u00e9 \u00e0 la roue avant.<br \/>\n                            <\/figcaption><\/figure>\n<p>Enfin, si le choix de passer \u00e0 des freins \u00e0 disques hydrauliques est salutaire, le mod\u00e8le choisi par VanMoof pose question. Certes, les performances en freinage sont (un peu) sup\u00e9rieures \u00e0 ce que proposait le S2, mais \u00e0 pr\u00e8s de 2 000 euros, le consommateur est en droit d\u2019attendre un mat\u00e9riel plus performant que celui pr\u00e9sent sur le S3. C\u2019est pr\u00e9cis\u00e9ment sur ce terrain que les fabricants de v\u00e9los historiques gardent une certaine avance. Certes leur VAE sont plus chers mais le mat\u00e9riel utilis\u00e9 justifie \u00e0 bien des \u00e9gards ce surco\u00fbt.\u00a0<\/p>\n<h3 style=\"color:#333; font-family:arial,helvetica,sans-serif; font-size:23px; font-weight:700\">Une application efficace et discr\u00e8te<\/h3>\n<figure class=\"figure text-center\"><img decoding=\"async\" class=\"article-img img-responsive-l\" src=\"https:\/\/img.bfmtv.com\/c\/0\/708\/4de\/4e1c6a9af07ccbf2648d7615c0adf.jpg\" alt=\"\"\/><figcaption class=\"figure-caption figcaption color-txt-0 title-xs hidden-xs\">\n                                    Dimitri Charitsis &#8211; 01 Net<br \/>\n                                                    &#8211; L&rsquo;application VanMoof sert \u00e0 localiser son v\u00e9lo et \u00e0 changer les principaux param\u00e8tres.<br \/>\n                            <\/figcaption><\/figure>\n<p>Le VanMoof S3 est un v\u00e9lo \u00e0 assistance \u00e9lectrique connect\u00e9. Ce dernier d\u00e9tail n\u2019est pas sans importance puisque c\u2019est la connectivit\u00e9 de ses v\u00e9los qui a permis au hollandais, au m\u00eame titre que son rival <a data-cke-saved-href=\"https:\/\/www.01net.com\/actualites\/velo-electrique-le-nouveau-cowboy-mise-encore-plus-sur-son-application-1926769.html\" href=\"https:\/\/www.01net.com\/actualites\/velo-electrique-le-nouveau-cowboy-mise-encore-plus-sur-son-application-1926769.html\" target=\"_blank\" rel=\"noopener noreferrer\">Cowboy<\/a>, de se faire un nom dans le march\u00e9 traditionnel du cycle. La premi\u00e8re cons\u00e9quence de ce parti pris c\u2019est que le v\u00e9lo doit \u00eatre connect\u00e9 \u00e0 un compte, via l\u2019application mobile, pour fonctionner. Le second effet, c\u2019est que l\u2019application iOS ou Android prend une place centrale dans l\u2019utilisation du v\u00e9lo. C\u2019est elle qui permet de le d\u00e9verrouiller, de r\u00e9gler le niveau d\u2019assistance, d\u2019allumer ou d\u2019\u00e9teindre les feux mais aussi de le localiser.\u00a0<\/p>\n<figure class=\"figure text-center\"><img decoding=\"async\" class=\"article-img img-responsive-l\" src=\"https:\/\/img.bfmtv.com\/c\/0\/708\/c07d9\/8682179f91da182d1115d4daca3.jpg\" alt=\"\"\/><figcaption class=\"figure-caption figcaption color-txt-0 title-xs hidden-xs\">\n                                    Dimitri Charitsis &#8211; 01 Net<br \/>\n                                                    &#8211; L&rsquo;application permet \u00e9galement de personnaliser sa sonnerie ou d&rsquo;avoir un aper\u00e7u de ses sorties.<br \/>\n                            <\/figcaption><\/figure>\n<p>Si l\u2019application facilite l\u2019ensemble de ces t\u00e2ches, l\u2019intelligence de VanMoof c\u2019est d\u2019avoir rendu possible la quasi totalit\u00e9 de ces manipulations sans passage oblig\u00e9 par la case smartphone. Le S3 est certes connect\u00e9 mais il peut \u00eatre utilis\u00e9 comme un VAE classique. Une fois les r\u00e9glages principaux effectu\u00e9s depuis l&rsquo;application, le propri\u00e9taire peut compl\u00e8tement oublier celle-ci, \u00e0 moins d\u2019avoir envie de jeter un coup d\u2019oeil \u00e0 son historique de parcours ou d\u2019avoir oubli\u00e9 o\u00f9 son v\u00e9lo est gar\u00e9.\u00a0<\/p>\n<aside class=\"bg-color-0 padding-inside-all-s bloc border-s\">\n<h4 class=\"box-txt-normal\">\n<p><strong>\u00c0 d\u00e9couvrir aussi en vid\u00e9o :<\/strong><\/p>\n<\/h4>\n<\/aside>\n<h3 style=\"color:#333; font-family:arial,helvetica,sans-serif; font-size:23px; font-weight:700\">Autonomie : la d\u00e9pendance au boost, c\u2019est le mal<\/h3>\n<p>Juger de l\u2019autonomie d\u2019un VAE n\u2019est pas chose ais\u00e9e habituellement, et c\u2019est encore plus difficile avec le S3. Comme pour tous les v\u00e9los \u00e9lectriques que nous testons, il nous faut pr\u00e9ciser que la valeur de la batterie ne suffit pas \u00e0 d\u00e9terminer la capacit\u00e9 du v\u00e9lo \u00e0 avaler les kilom\u00e8tres. En effet, des facteurs comme le gabarit du cycliste, le niveau d\u2019assistance, le type de parcours ou encore la pression des pneus entrent en ligne\u00a0de compte\u00a0et influent all\u00e8grement sur l\u2019autonomie. Cela vaut pour tous les v\u00e9los \u00e9lectriques et, par extension, pour tous les v\u00e9hicules \u00e9quip\u00e9s de batteries. Mais chez VanMoof, il y a un facteur suppl\u00e9mentaire, le bouton \u00ab\u00a0boost\u00a0\u00bb. Alors que sur la plupart des VAE l\u2019assistance est progressive, ce bouton hautement addictif permet au mod\u00e8le de VanMoof de disposer imm\u00e9diatement du maximum de puissance. Tr\u00e8s concr\u00e8tement, l\u2019usage du bouton \u00e0 des cons\u00e9quences assez flagrantes sur la batterie. Alors que celle-ci pourrait en th\u00e9orie porter un S3 sur 80 km (dans la moyenne des VAE), elle peine \u00e0 d\u00e9passer les 50 km d\u00e8s lors qu\u2019on tombe amoureux de ce boost.<\/p>\n<\/p><\/div>\n<p><script>\n         !function(f,b,e,v,n,t,s){if(f.fbq)return;n=f.fbq=function()\n         {n.callMethod? n.callMethod.apply(n,arguments):n.queue.push(arguments)}\n         ;if(!f._fbq)f._fbq=n;\n             n.push=n;n.loaded=!0;n.version='2.0';n.queue=[];t=b.createElement(e);t.async=!0;\n             t.src=v;s=b.getElementsByTagName(e)[0];s.parentNode.insertBefore(t,s)}(window,\n                 document,'script','https:\/\/connect.facebook.net\/en_US\/fbevents.js');\n         fbq('init', '1065890633454496');\n         fbq('track', 'PageView');\n     <\/script><br \/>\n<br \/>[ad_2]<br \/>\n<br \/><a href=\"https:\/\/www.01net.com\/tests\/on-a-teste-le-vanmoof-s3-la-nouvelle-reference-des-velos-electriques-connectes-6456.html\">Source link <\/a><\/p>\n","protected":false},"excerpt":{"rendered":"<p>[ad_1] Est-il n\u00e9cessaire de revoir enti\u00e8rement sa copie pour am\u00e9liorer un produit ? Pas si l\u2019on en croit la strat\u00e9gie &hellip; <a href=\"http:\/\/www.affinite.fr\/index.php\/2020\/06\/05\/la-nouvelle-reference-des-velos-electriques-connectes\/\" class=\"more-link\">Plus <span class=\"screen-reader-text\">la nouvelle r\u00e9f\u00e9rence des v\u00e9los \u00e9lectriques connect\u00e9s ?<\/span> <span class=\"meta-nav\">&rarr;<\/span><\/a><\/p>\n","protected":false},"author":1,"featured_media":3681,"comment_status":"open","ping_status":"open","sticky":false,"template":"","format":"standard","meta":{"_sitemap_exclude":false,"_sitemap_priority":"","_sitemap_frequency":"","footnotes":""},"categories":[1],"tags":[],"class_list":["post-3680","post","type-post","status-publish","format-standard","has-post-thumbnail","hentry","category-tous"],"_links":{"self":[{"href":"http:\/\/www.affinite.fr\/index.php\/wp-json\/wp\/v2\/posts\/3680"}],"collection":[{"href":"http:\/\/www.affinite.fr\/index.php\/wp-json\/wp\/v2\/posts"}],"about":[{"href":"http:\/\/www.affinite.fr\/index.php\/wp-json\/wp\/v2\/types\/post"}],"author":[{"embeddable":true,"href":"http:\/\/www.affinite.fr\/index.php\/wp-json\/wp\/v2\/users\/1"}],"replies":[{"embeddable":true,"href":"http:\/\/www.affinite.fr\/index.php\/wp-json\/wp\/v2\/comments?post=3680"}],"version-history":[{"count":0,"href":"http:\/\/www.affinite.fr\/index.php\/wp-json\/wp\/v2\/posts\/3680\/revisions"}],"wp:featuredmedia":[{"embeddable":true,"href":"http:\/\/www.affinite.fr\/index.php\/wp-json\/wp\/v2\/media\/3681"}],"wp:attachment":[{"href":"http:\/\/www.affinite.fr\/index.php\/wp-json\/wp\/v2\/media?parent=3680"}],"wp:term":[{"taxonomy":"category","embeddable":true,"href":"http:\/\/www.affinite.fr\/index.php\/wp-json\/wp\/v2\/categories?post=3680"},{"taxonomy":"post_tag","embeddable":true,"href":"http:\/\/www.affinite.fr\/index.php\/wp-json\/wp\/v2\/tags?post=3680"}],"curies":[{"name":"wp","href":"https:\/\/api.w.org\/{rel}","templated":true}]}}