{"id":3674,"date":"2020-06-05T16:10:21","date_gmt":"2020-06-05T16:10:21","guid":{"rendered":"https:\/\/www.affinite.fr\/index.php\/2020\/06\/05\/liphone-12-aura-un-trimestre-de-retard-cest-broadcom-qui-le-dit\/"},"modified":"2020-06-05T16:10:21","modified_gmt":"2020-06-05T16:10:21","slug":"liphone-12-aura-un-trimestre-de-retard-cest-broadcom-qui-le-dit","status":"publish","type":"post","link":"http:\/\/www.affinite.fr\/index.php\/2020\/06\/05\/liphone-12-aura-un-trimestre-de-retard-cest-broadcom-qui-le-dit\/","title":{"rendered":"L\u2019iPhone 12 aura un trimestre de retard (c\u2019est Broadcom qui le dit)"},"content":{"rendered":"<p> [ad_1]<br \/>\n<br \/><img decoding=\"async\" src=\"https:\/\/img.bfmtv.com\/i\/0\/0\/4fd\/0db739a49fec11b7671bc931f960d.jpg\" \/><\/p>\n<div itemprop=\"articleBody\">\n<p>Les iPhone n\u2019\u00e9tant pas des art\u00e9facts surgis du n\u00e9ant, il faut bien des composants pour les fabriquer. Et dans une conversation avec ses actionnaires, le g\u00e9ant des semi-conducteurs Broadcom qui est un gros fournisseur d\u2019Apple a \u00e9voqu\u00e9 un retard potentiel pour les futurs iPhone 12.<\/p>\n<p>Citant un important report de production d\u2019un \u00ab\u00a0<em>grand producteur de t\u00e9l\u00e9phone nord-am\u00e9ricain<\/em>\u00a0\u00bb, le sp\u00e9cialiste des puces r\u00e9seau Broadcom a expliqu\u00e9 que la hausse de son chiffre d&rsquo;affaires pr\u00e9vue pour le troisi\u00e8me trimestre n\u2019aurait finalement lieu qu\u2019un trimestre plus tard. La faute \u00e9videmment \u00e0 la pand\u00e9mie du Covid-19.<\/p>\n<aside class=\"bg-color-0 padding-inside-all-s bloc border-s\">\n<h4 class=\"box-txt-normal\">\n<div class=\"\">\n<p><strong>\u00c0 d\u00e9couvrir aussi en vid\u00e9o<\/strong><\/p>\n<\/div>\n<\/h4>\n<\/aside>\n<p>Le retard que devrait prendre l\u2019iPhone 12 n\u2019est cependant pas suffisant pour am\u00e9liorer la copie du t\u00e9l\u00e9phone. Selon le CEO de Broadcom qui s\u2019exprimait, \u00ab\u00a0<em>rien n\u2019a chang\u00e9 en termes de design, rien n\u2019a chang\u00e9 en termes de contenu<\/em>\u00a0\u00bb.<\/p>\n<p>Si rien n\u2019a chang\u00e9 pour Broadcom concernant les demandes d\u2019Apple, il pourrait en \u00eatre diff\u00e9remment d&rsquo;un\u00a0point de vue global puisque nombre d\u2019analystes pr\u00e9voient une baisse record de ventes de smartphones \u00e0 l\u2019\u00e9chelle mondiale.<\/p>\n<p><strong>Source\u00a0<\/strong>: <a href=\"https:\/\/www.bloomberg.com\/news\/articles\/2020-06-04\/broadcom-suggests-new-iphone-launch-will-be-delayed\" target=\"_blank\" rel=\"noopener noreferrer\">Bloomberg<\/a><\/p>\n<\/p><\/div>\n<p><script>\n         !function(f,b,e,v,n,t,s){if(f.fbq)return;n=f.fbq=function()\n         {n.callMethod? n.callMethod.apply(n,arguments):n.queue.push(arguments)}\n         ;if(!f._fbq)f._fbq=n;\n             n.push=n;n.loaded=!0;n.version='2.0';n.queue=[];t=b.createElement(e);t.async=!0;\n             t.src=v;s=b.getElementsByTagName(e)[0];s.parentNode.insertBefore(t,s)}(window,\n                 document,'script','https:\/\/connect.facebook.net\/en_US\/fbevents.js');\n         fbq('init', '1065890633454496');\n         fbq('track', 'PageView');\n     <\/script><br \/>\n<br \/>[ad_2]<br \/>\n<br \/><a href=\"https:\/\/www.01net.com\/actualites\/l-iphone-12-aura-un-trimestre-de-retard-c-est-broadcom-qui-le-dit-1927361.html\">Source link <\/a><\/p>\n","protected":false},"excerpt":{"rendered":"<p>[ad_1] Les iPhone n\u2019\u00e9tant pas des art\u00e9facts surgis du n\u00e9ant, il faut bien des composants pour les fabriquer. Et dans &hellip; <a href=\"http:\/\/www.affinite.fr\/index.php\/2020\/06\/05\/liphone-12-aura-un-trimestre-de-retard-cest-broadcom-qui-le-dit\/\" class=\"more-link\">Plus <span class=\"screen-reader-text\">L\u2019iPhone 12 aura un trimestre de retard (c\u2019est Broadcom qui le dit)<\/span> <span class=\"meta-nav\">&rarr;<\/span><\/a><\/p>\n","protected":false},"author":1,"featured_media":3675,"comment_status":"open","ping_status":"open","sticky":false,"template":"","format":"standard","meta":{"_sitemap_exclude":false,"_sitemap_priority":"","_sitemap_frequency":"","footnotes":""},"categories":[1],"tags":[],"class_list":["post-3674","post","type-post","status-publish","format-standard","has-post-thumbnail","hentry","category-tous"],"_links":{"self":[{"href":"http:\/\/www.affinite.fr\/index.php\/wp-json\/wp\/v2\/posts\/3674"}],"collection":[{"href":"http:\/\/www.affinite.fr\/index.php\/wp-json\/wp\/v2\/posts"}],"about":[{"href":"http:\/\/www.affinite.fr\/index.php\/wp-json\/wp\/v2\/types\/post"}],"author":[{"embeddable":true,"href":"http:\/\/www.affinite.fr\/index.php\/wp-json\/wp\/v2\/users\/1"}],"replies":[{"embeddable":true,"href":"http:\/\/www.affinite.fr\/index.php\/wp-json\/wp\/v2\/comments?post=3674"}],"version-history":[{"count":0,"href":"http:\/\/www.affinite.fr\/index.php\/wp-json\/wp\/v2\/posts\/3674\/revisions"}],"wp:featuredmedia":[{"embeddable":true,"href":"http:\/\/www.affinite.fr\/index.php\/wp-json\/wp\/v2\/media\/3675"}],"wp:attachment":[{"href":"http:\/\/www.affinite.fr\/index.php\/wp-json\/wp\/v2\/media?parent=3674"}],"wp:term":[{"taxonomy":"category","embeddable":true,"href":"http:\/\/www.affinite.fr\/index.php\/wp-json\/wp\/v2\/categories?post=3674"},{"taxonomy":"post_tag","embeddable":true,"href":"http:\/\/www.affinite.fr\/index.php\/wp-json\/wp\/v2\/tags?post=3674"}],"curies":[{"name":"wp","href":"https:\/\/api.w.org\/{rel}","templated":true}]}}