{"id":3667,"date":"2020-06-05T13:01:01","date_gmt":"2020-06-05T13:01:01","guid":{"rendered":"https:\/\/www.affinite.fr\/index.php\/2020\/06\/05\/premieres-images-de-la-berline-100-electrique\/"},"modified":"2020-06-05T13:01:01","modified_gmt":"2020-06-05T13:01:01","slug":"premieres-images-de-la-berline-100-electrique","status":"publish","type":"post","link":"http:\/\/www.affinite.fr\/index.php\/2020\/06\/05\/premieres-images-de-la-berline-100-electrique\/","title":{"rendered":"premi\u00e8res images de la berline 100% \u00e9lectrique\u00a0"},"content":{"rendered":"<p> [ad_1]<br \/>\n<\/p>\n<div itemprop=\"articleBody\">\n<p>Elle devait reprendre en partie les traits de l\u2019<a href=\"https:\/\/www.01net.com\/actualites\/mercedes-eqs-la-berline-electrique-qui-s-attaque-a-la-tesla-model-s-1765233.html\" target=\"_blank\" rel=\"noopener noreferrer\">impressionnant concept Vision EQS<\/a>, mais c\u2019est finalement une berline bien plus classique (dans le pure style de Mercedes) qui semble se cacher sous ce camouflage de rigueur. En effet, la premi\u00e8re image de la future EQS a \u00e9t\u00e9 d\u00e9voil\u00e9e par le constructeur de Stuttgart en m\u00eame temps qu\u2019une vid\u00e9o vol\u00e9e, \u00e0 quelques pas de l\u00e0, par le youtubeur allemand Schr\u00e4g.\u00a0<\/p>\n<figure class=\"figure text-center\"><img decoding=\"async\" class=\"article-img img-responsive-l\" src=\"https:\/\/img.bfmtv.com\/c\/0\/708\/885\/d2acd7f716c94ff091aab4ee61877.jpg\" alt=\"\"\/><figcaption class=\"figure-caption figcaption color-txt-0 title-xs hidden-xs\">\n                                    Mercedes<br \/>\n                                                    &#8211; Le Concept Vision EQS.<br \/>\n                            <\/figcaption><\/figure>\n<h3 style=\"color:#333; font-family:arial,helvetica,sans-serif; font-size:23px; font-weight:700\">700 km d&rsquo;autonomie, la promesse ultime<\/h3>\n<p>Ces premiers aper\u00e7us de l\u2019EQS prouvent que le v\u00e9hicule est en phase de test et qu\u2019il ne devrait plus tarder \u00e0 \u00eatre officialis\u00e9 par le constructeur.<\/p>\n<p>\n            <iframe loading=\"lazy\" width=\"560\" height=\"315\" src=\"https:\/\/www.youtube.com\/embed\/Oi8MsBgSto8\" frameborder=\"0\" allow=\"accelerometer; autoplay; encrypted-media; gyroscope; picture-in-picture\" allowfullscreen=\"\"><\/iframe>\n    <\/p>\n<p>En revanche, malgr\u00e9 son camouflage, il est facile de constater qu\u2019il n\u2019aura pas l\u2019audace esth\u00e9tique du concept Vision EQS, ce qui parait plut\u00f4t logique tant ce dernier \u00e9tait avant-gardiste. Pour le reste, la fiche technique devrait tenir ses promesses avec un 0 \u00e0 100 km\/h en moins de 4,5 secondes, une vitesse maximale de 200 km\/h et une autonomie impressionnante de 700 km (WLTP).<\/p>\n<p>La Mercedes EQS devrait \u00e9galement \u00eatre compatible avec une charge ultra rapide \u00e0 350W.<\/p>\n<aside class=\"bg-color-0 padding-inside-all-s bloc border-s\">\n<h4 class=\"box-txt-normal\">\n<p><strong>\u00c0 d\u00e9couvrir aussi en vid\u00e9o :<\/strong><\/p>\n<\/h4>\n<\/aside>\n<p>M\u00eame si l\u2019annonce de la berline 100% \u00e9lectrique ne devrait plus \u00eatre qu\u2019une question de semaines, sa commercialisation n\u2019aura sans doute pas lieu avant l\u2019ann\u00e9e prochaine.<\/p>\n<\/p><\/div>\n<p><script>\n         !function(f,b,e,v,n,t,s){if(f.fbq)return;n=f.fbq=function()\n         {n.callMethod? n.callMethod.apply(n,arguments):n.queue.push(arguments)}\n         ;if(!f._fbq)f._fbq=n;\n             n.push=n;n.loaded=!0;n.version='2.0';n.queue=[];t=b.createElement(e);t.async=!0;\n             t.src=v;s=b.getElementsByTagName(e)[0];s.parentNode.insertBefore(t,s)}(window,\n                 document,'script','https:\/\/connect.facebook.net\/en_US\/fbevents.js');\n         fbq('init', '1065890633454496');\n         fbq('track', 'PageView');\n     <\/script><br \/>\n<br \/>[ad_2]<br \/>\n<br \/><a href=\"https:\/\/www.01net.com\/actualites\/mercedes-eqs-premieres-images-de-la-berline-100percent-electrique-1927443.html\">Source link <\/a><\/p>\n","protected":false},"excerpt":{"rendered":"<p>[ad_1] Elle devait reprendre en partie les traits de l\u2019impressionnant concept Vision EQS, mais c\u2019est finalement une berline bien plus &hellip; <a href=\"http:\/\/www.affinite.fr\/index.php\/2020\/06\/05\/premieres-images-de-la-berline-100-electrique\/\" class=\"more-link\">Plus <span class=\"screen-reader-text\">premi\u00e8res images de la berline 100% \u00e9lectrique\u00a0<\/span> <span class=\"meta-nav\">&rarr;<\/span><\/a><\/p>\n","protected":false},"author":1,"featured_media":3668,"comment_status":"open","ping_status":"open","sticky":false,"template":"","format":"standard","meta":{"_sitemap_exclude":false,"_sitemap_priority":"","_sitemap_frequency":"","footnotes":""},"categories":[1],"tags":[],"class_list":["post-3667","post","type-post","status-publish","format-standard","has-post-thumbnail","hentry","category-tous"],"_links":{"self":[{"href":"http:\/\/www.affinite.fr\/index.php\/wp-json\/wp\/v2\/posts\/3667"}],"collection":[{"href":"http:\/\/www.affinite.fr\/index.php\/wp-json\/wp\/v2\/posts"}],"about":[{"href":"http:\/\/www.affinite.fr\/index.php\/wp-json\/wp\/v2\/types\/post"}],"author":[{"embeddable":true,"href":"http:\/\/www.affinite.fr\/index.php\/wp-json\/wp\/v2\/users\/1"}],"replies":[{"embeddable":true,"href":"http:\/\/www.affinite.fr\/index.php\/wp-json\/wp\/v2\/comments?post=3667"}],"version-history":[{"count":0,"href":"http:\/\/www.affinite.fr\/index.php\/wp-json\/wp\/v2\/posts\/3667\/revisions"}],"wp:featuredmedia":[{"embeddable":true,"href":"http:\/\/www.affinite.fr\/index.php\/wp-json\/wp\/v2\/media\/3668"}],"wp:attachment":[{"href":"http:\/\/www.affinite.fr\/index.php\/wp-json\/wp\/v2\/media?parent=3667"}],"wp:term":[{"taxonomy":"category","embeddable":true,"href":"http:\/\/www.affinite.fr\/index.php\/wp-json\/wp\/v2\/categories?post=3667"},{"taxonomy":"post_tag","embeddable":true,"href":"http:\/\/www.affinite.fr\/index.php\/wp-json\/wp\/v2\/tags?post=3667"}],"curies":[{"name":"wp","href":"https:\/\/api.w.org\/{rel}","templated":true}]}}