{"id":3651,"date":"2020-06-05T03:43:00","date_gmt":"2020-06-05T03:43:00","guid":{"rendered":"https:\/\/www.affinite.fr\/index.php\/2020\/06\/05\/danciens-collaborateurs-de-facebook-appellent-zuckerberg-a-moderer-les-propos-de-trump\/"},"modified":"2020-06-05T03:43:00","modified_gmt":"2020-06-05T03:43:00","slug":"danciens-collaborateurs-de-facebook-appellent-zuckerberg-a-moderer-les-propos-de-trump","status":"publish","type":"post","link":"http:\/\/www.affinite.fr\/index.php\/2020\/06\/05\/danciens-collaborateurs-de-facebook-appellent-zuckerberg-a-moderer-les-propos-de-trump\/","title":{"rendered":"D&rsquo;anciens collaborateurs de Facebook appellent Zuckerberg \u00e0 mod\u00e9rer les propos de Trump"},"content":{"rendered":"<p> [ad_1]<br \/>\n<br \/><img decoding=\"async\" src=\"https:\/\/img.bfmtv.com\/i\/0\/0\/1f3\/e1493669e91b25e460ef53dcbed2a.jpeg\" \/><\/p>\n<div itemprop=\"articleBody\">\n<p>Mark Zuckerberg s\u2019enlise dans <a href=\"https:\/\/www.01net.com\/actualites\/facebook-des-centaines-de-salaries-s-opposent-a-la-position-de-mark-zuckerberg-face-a-donald-trump-1925556.html\" target=\"_blank\" rel=\"noopener noreferrer\">les suites de l\u2019affaire George Floyd<\/a>. Parce qu\u2019il a refus\u00e9 d&rsquo;intervenir sur les propos probl\u00e9matiques de Donald Trump contre les manifestants qui protestaient contre les violences polici\u00e8res faites aux noirs, il rencontre une contestation grandissante.<\/p>\n<p>Apr\u00e8s le d\u00e9brayage lundi de plusieurs centaines d\u2019employ\u00e9s, c\u2019est maintenant au tour de 33 anciens salari\u00e9s d\u2019exprimer leur d\u00e9sapprobation. Parmi eux, un cadre qui avait ouvert le bureau hautement strat\u00e9gique de Facebook \u00e0 Washington. Ces \u00ab\u00a0historiques\u00a0\u00bb ont sign\u00e9 une lettre ouverte appelant leur ex-patron \u00e0 revoir sa position qu\u2019ils estiment incoh\u00e9rente et dangereuse. Elles \u00e9taient l\u00e0 \u00e0 la cr\u00e9ation de Facebook et ont particip\u00e9 \u00e0 l\u2019\u00e9laboration de ses r\u00e8gles de publication. Elles ne se reconnaissent plus aujourd\u2019hui dans cette entreprise.<\/p>\n<aside class=\"bg-color-0 padding-inside-all-s bloc border-s\">\n<h4 class=\"box-txt-normal\">\n<p><strong>A d\u00e9couvrir aussi en vid\u00e9o<\/strong><\/p>\n<\/h4>\n<\/aside>\n<h3 style=\"color:#333; font-family:arial,helvetica,sans-serif; font-size:23px; font-weight:700\">\u00ab Facebook n&rsquo;a jamais \u00e9t\u00e9 neutre \u00bb<\/h3>\n<p><em>\u00ab\u00a0Aujourd\u2019hui, les dirigeants de Facebook consid\u00e8rent que la libert\u00e9 d\u2019expression lui commande de ne rien faire, ou presque, pour s\u2019ing\u00e9rer dans le discours politique\u00a0\u00bb<\/em>. Il y aurait un ensemble de r\u00e8gles \u00e0 respecter pour tout un chacun auquel les politiques ne seraient pas soumis. Les signataires font pourtant observer que les propos de Trump, en plus de contenir un appel \u00e0 la violence, faisaient explicitement r\u00e9f\u00e9rence \u00e0 des \u00e9pisodes racistes de l&rsquo;histoire am\u00e9ricaine.<\/p>\n<p><em>\u00ab\u00a0Facebook n&rsquo;est pas neutre, et il ne l&rsquo;a jamais \u00e9t\u00e9. Rendre le monde plus ouvert et connect\u00e9, renforcer les communaut\u00e9s, donner \u00e0 chacun une voix &#8211; ce ne sont pas des id\u00e9es neutres. La v\u00e9rification des faits n&rsquo;est pas de la censure. Signaler un appel \u00e0 la violence n&rsquo;est pas de l&rsquo;autoritarisme\u00a0\u00bb<\/em>, conclut la lettre ouverte publi\u00e9e initialement par le <em>New-York Times<\/em> et reprise depuis par le reste de la presse am\u00e9ricaine.<\/p>\n<h3 style=\"color:#333; font-family:arial,helvetica,sans-serif; font-size:23px; font-weight:700\">Zuckerberg se justifie aupr\u00e8s de ses salari\u00e9s<\/h3>\n<p>D\u00e9sireux de se justifier aupr\u00e8s de ses salari\u00e9s, Mark Zuckerberg s&rsquo;est entretenu mardi avec eux au cours d&rsquo;une visioconf\u00e9rence retranscrite sur certains sites, comme Re\/code. Il a notamment affirm\u00e9 qu&rsquo;il s&rsquo;\u00e9tait longuement interrog\u00e9 sur la signification des d\u00e9clarations du pr\u00e9sident am\u00e9ricain, avant de prendre la d\u00e9cision de ne pas intervenir.<\/p>\n<p>Apr\u00e8s avoir beaucoup consult\u00e9, il a conclu que ces propos ne constituaient pas un appel \u00e0 la violence ni une sortie raciste mais une discussion sur l&rsquo;usage de la force et qu&rsquo;ils pr\u00e9disaient que la situation allait d\u00e9boucher sur de la violence sans forc\u00e9ment l&rsquo;encourager ni la cautionner. Il a toutefois reconnu qu&rsquo;il y avait probablement des efforts \u00e0 faire sur la diversit\u00e9 des personnes qui le conseillent. Il promet \u00e9galement des changements dans l&rsquo;organisation de Facebook, de mani\u00e8re \u00e0 am\u00e9liorer l&rsquo;inclusion dans l&rsquo;entreprise.<\/p>\n<p>Sources : <a href=\"https:\/\/www.nytimes.com\/2020\/06\/03\/technology\/facebook-trump-employees-letter.html?auth=login-google\" target=\"_blank\" rel=\"noopener noreferrer\">New-York Times<\/a>, <a href=\"https:\/\/www.vox.com\/recode\/2020\/6\/3\/21279434\/mark-zuckerberg-meeting-facebook-employees-transcript-trump-looting-shooting-post\" target=\"_blank\" rel=\"noopener noreferrer\">Re\/code<\/a><\/p>\n<\/p><\/div>\n<p><script>\n         !function(f,b,e,v,n,t,s){if(f.fbq)return;n=f.fbq=function()\n         {n.callMethod? n.callMethod.apply(n,arguments):n.queue.push(arguments)}\n         ;if(!f._fbq)f._fbq=n;\n             n.push=n;n.loaded=!0;n.version='2.0';n.queue=[];t=b.createElement(e);t.async=!0;\n             t.src=v;s=b.getElementsByTagName(e)[0];s.parentNode.insertBefore(t,s)}(window,\n                 document,'script','https:\/\/connect.facebook.net\/en_US\/fbevents.js');\n         fbq('init', '1065890633454496');\n         fbq('track', 'PageView');\n     <\/script><br \/>\n<br \/>[ad_2]<br \/>\n<br \/><a href=\"https:\/\/www.01net.com\/actualites\/d-anciens-collaborateurs-de-facebook-appellent-zuckerberg-a-moderer-les-propos-de-trump-1926858.html\">Source link <\/a><\/p>\n","protected":false},"excerpt":{"rendered":"<p>[ad_1] Mark Zuckerberg s\u2019enlise dans les suites de l\u2019affaire George Floyd. Parce qu\u2019il a refus\u00e9 d&rsquo;intervenir sur les propos probl\u00e9matiques &hellip; <a href=\"http:\/\/www.affinite.fr\/index.php\/2020\/06\/05\/danciens-collaborateurs-de-facebook-appellent-zuckerberg-a-moderer-les-propos-de-trump\/\" class=\"more-link\">Plus <span class=\"screen-reader-text\">D&rsquo;anciens collaborateurs de Facebook appellent Zuckerberg \u00e0 mod\u00e9rer les propos de Trump<\/span> <span class=\"meta-nav\">&rarr;<\/span><\/a><\/p>\n","protected":false},"author":1,"featured_media":2080,"comment_status":"open","ping_status":"open","sticky":false,"template":"","format":"standard","meta":{"_sitemap_exclude":false,"_sitemap_priority":"","_sitemap_frequency":"","footnotes":""},"categories":[1],"tags":[],"class_list":["post-3651","post","type-post","status-publish","format-standard","has-post-thumbnail","hentry","category-tous"],"_links":{"self":[{"href":"http:\/\/www.affinite.fr\/index.php\/wp-json\/wp\/v2\/posts\/3651"}],"collection":[{"href":"http:\/\/www.affinite.fr\/index.php\/wp-json\/wp\/v2\/posts"}],"about":[{"href":"http:\/\/www.affinite.fr\/index.php\/wp-json\/wp\/v2\/types\/post"}],"author":[{"embeddable":true,"href":"http:\/\/www.affinite.fr\/index.php\/wp-json\/wp\/v2\/users\/1"}],"replies":[{"embeddable":true,"href":"http:\/\/www.affinite.fr\/index.php\/wp-json\/wp\/v2\/comments?post=3651"}],"version-history":[{"count":0,"href":"http:\/\/www.affinite.fr\/index.php\/wp-json\/wp\/v2\/posts\/3651\/revisions"}],"wp:featuredmedia":[{"embeddable":true,"href":"http:\/\/www.affinite.fr\/index.php\/wp-json\/wp\/v2\/media\/2080"}],"wp:attachment":[{"href":"http:\/\/www.affinite.fr\/index.php\/wp-json\/wp\/v2\/media?parent=3651"}],"wp:term":[{"taxonomy":"category","embeddable":true,"href":"http:\/\/www.affinite.fr\/index.php\/wp-json\/wp\/v2\/categories?post=3651"},{"taxonomy":"post_tag","embeddable":true,"href":"http:\/\/www.affinite.fr\/index.php\/wp-json\/wp\/v2\/tags?post=3651"}],"curies":[{"name":"wp","href":"https:\/\/api.w.org\/{rel}","templated":true}]}}