{"id":3649,"date":"2020-06-05T02:42:10","date_gmt":"2020-06-05T02:42:10","guid":{"rendered":"https:\/\/www.affinite.fr\/index.php\/2020\/06\/05\/le-gouvernement-refuse-de-repousser-la-5g\/"},"modified":"2020-06-05T02:42:10","modified_gmt":"2020-06-05T02:42:10","slug":"le-gouvernement-refuse-de-repousser-la-5g","status":"publish","type":"post","link":"http:\/\/www.affinite.fr\/index.php\/2020\/06\/05\/le-gouvernement-refuse-de-repousser-la-5g\/","title":{"rendered":"Le gouvernement refuse de repousser la 5G"},"content":{"rendered":"<p> [ad_1]<br \/>\n<br \/><img decoding=\"async\" src=\"https:\/\/img.bfmtv.com\/i\/0\/0\/c0d35\/2963ffccab3a115045b86f6a5c7.jpeg\" \/><\/p>\n<div itemprop=\"articleBody\">\n<p><em>\u00ab\u00a0<a href=\"https:\/\/www.01net.com\/actualites\/5g-pourquoi-ce-futur-standard-va-revolutionner-la-telephonie-mobile-1514955.html\" target=\"_blank\" rel=\"noopener noreferrer\">La 5G<\/a>, ce n\u2019est pas un gadget. C\u2019est une priorit\u00e9 industrielle. C\u2019est extr\u00eamement important parce que c\u2019est \u00e7a qui va permettre aux entreprises industrielles de communiquer entre elles et d\u2019\u00eatre plus comp\u00e9titives\u00a0\u00bb<\/em>, a d\u00e9clar\u00e9 la secr\u00e9taire d\u2019Etat aupr\u00e8s du ministre des Finances Agn\u00e8s Pannier-Runacher sur l\u2019antenne de France Inter hier.<\/p>\n<aside class=\"bg-color-0 padding-inside-all-s bloc border-s\">\n<h4 class=\"box-txt-normal\">\n<p><strong>A d\u00e9couvrir aussi en vid\u00e9o<\/strong><\/p>\n<\/h4>\n<\/aside>\n<p>Il n\u2019est donc pas question de repousser encore davantage l\u2019attribution des premi\u00e8res fr\u00e9quences 5G de la bande 3,5 GHz. <a href=\"https:\/\/www.01net.com\/actualites\/la-5g-prend-encore-du-retard-les-encheres-pour-les-frequences-seront-peut-etre-repoussees-a-la-rentree-1898813.html\" target=\"_blank\" rel=\"noopener noreferrer\">La proc\u00e9dure a d\u00e9j\u00e0 pris du retard<\/a> en raison de la crise sanitaire et l\u2019Arcep doit maintenant trancher sur la date qui pourrait intervenir entre juillet et septembre.<\/p>\n<h3 style=\"color:#333;font-family:arial,helvetica,sans-serif;font-size:23px;font-weight:700;\">L&rsquo;incertitude demeure concernant le mat\u00e9riel de Huawei<\/h3>\n<p>Bercy rejette donc les demandes de <a href=\"https:\/\/www.01net.com\/actualites\/pour-bouygues-la-5g-n-est-plus-une-urgence-1920625.html\" target=\"_blank\" rel=\"noopener noreferrer\">Bouygues Telecom<\/a> et SFR* qui souhaitaient d\u00e9caler la 5G d\u2019environ six mois, estimant qu\u2019elle ne serait pas urgente et que le renforcement du r\u00e9seau mobile 4G devrait \u00eatre la priorit\u00e9. Les deux op\u00e9rateurs ont en commun de compter l\u2019\u00e9quipementier Huawei comme fournisseur. Ils auraient int\u00e9r\u00eat \u00e0 ne pas pr\u00e9cipiter les choses, tant qu\u2019ils ne savent pas s\u2019ils pourront utiliser le mat\u00e9riel du g\u00e9ant chinois des t\u00e9l\u00e9coms pour d\u00e9ployer la 5G. A l\u2019inverse, Free qui travaille avec Nokia, militait pour une acc\u00e9l\u00e9ration du calendrier. Orange, client d\u2019Ericsson et Nokia en France, table sur la rentr\u00e9e.<\/p>\n<p>Source : <a href=\"https:\/\/www.dailymotion.com\/video\/x7u9n0w\" target=\"_blank\" rel=\"noopener noreferrer\">France Inter<\/a><\/p>\n<p><em>* 01net.com est \u00e9dit\u00e9 par une filiale de NextRadioTV, elle-m\u00eame propri\u00e9t\u00e9 de SFR M\u00e9dias.<\/em><\/p>\n<\/p><\/div>\n<p><script>\n         !function(f,b,e,v,n,t,s){if(f.fbq)return;n=f.fbq=function()\n         {n.callMethod? n.callMethod.apply(n,arguments):n.queue.push(arguments)}\n         ;if(!f._fbq)f._fbq=n;\n             n.push=n;n.loaded=!0;n.version='2.0';n.queue=[];t=b.createElement(e);t.async=!0;\n             t.src=v;s=b.getElementsByTagName(e)[0];s.parentNode.insertBefore(t,s)}(window,\n                 document,'script','https:\/\/connect.facebook.net\/en_US\/fbevents.js');\n         fbq('init', '1065890633454496');\n         fbq('track', 'PageView');\n     <\/script><br \/>\n<br \/>[ad_2]<br \/>\n<br \/><a href=\"https:\/\/www.01net.com\/actualites\/le-gouvernement-refuse-de-repousser-la-5g-1926891.html\">Source link <\/a><\/p>\n","protected":false},"excerpt":{"rendered":"<p>[ad_1] \u00ab\u00a0La 5G, ce n\u2019est pas un gadget. C\u2019est une priorit\u00e9 industrielle. C\u2019est extr\u00eamement important parce que c\u2019est \u00e7a qui &hellip; <a href=\"http:\/\/www.affinite.fr\/index.php\/2020\/06\/05\/le-gouvernement-refuse-de-repousser-la-5g\/\" class=\"more-link\">Plus <span class=\"screen-reader-text\">Le gouvernement refuse de repousser la 5G<\/span> <span class=\"meta-nav\">&rarr;<\/span><\/a><\/p>\n","protected":false},"author":1,"featured_media":3650,"comment_status":"open","ping_status":"open","sticky":false,"template":"","format":"standard","meta":{"_sitemap_exclude":false,"_sitemap_priority":"","_sitemap_frequency":"","footnotes":""},"categories":[1],"tags":[],"class_list":["post-3649","post","type-post","status-publish","format-standard","has-post-thumbnail","hentry","category-tous"],"_links":{"self":[{"href":"http:\/\/www.affinite.fr\/index.php\/wp-json\/wp\/v2\/posts\/3649"}],"collection":[{"href":"http:\/\/www.affinite.fr\/index.php\/wp-json\/wp\/v2\/posts"}],"about":[{"href":"http:\/\/www.affinite.fr\/index.php\/wp-json\/wp\/v2\/types\/post"}],"author":[{"embeddable":true,"href":"http:\/\/www.affinite.fr\/index.php\/wp-json\/wp\/v2\/users\/1"}],"replies":[{"embeddable":true,"href":"http:\/\/www.affinite.fr\/index.php\/wp-json\/wp\/v2\/comments?post=3649"}],"version-history":[{"count":0,"href":"http:\/\/www.affinite.fr\/index.php\/wp-json\/wp\/v2\/posts\/3649\/revisions"}],"wp:featuredmedia":[{"embeddable":true,"href":"http:\/\/www.affinite.fr\/index.php\/wp-json\/wp\/v2\/media\/3650"}],"wp:attachment":[{"href":"http:\/\/www.affinite.fr\/index.php\/wp-json\/wp\/v2\/media?parent=3649"}],"wp:term":[{"taxonomy":"category","embeddable":true,"href":"http:\/\/www.affinite.fr\/index.php\/wp-json\/wp\/v2\/categories?post=3649"},{"taxonomy":"post_tag","embeddable":true,"href":"http:\/\/www.affinite.fr\/index.php\/wp-json\/wp\/v2\/tags?post=3649"}],"curies":[{"name":"wp","href":"https:\/\/api.w.org\/{rel}","templated":true}]}}