{"id":3643,"date":"2020-06-04T23:33:02","date_gmt":"2020-06-04T23:33:02","guid":{"rendered":"https:\/\/www.affinite.fr\/index.php\/2020\/06\/04\/les-futurs-mini-pc-nuc-pour-le-gaming-ne-profiteraient-pas-des-puces-3d-xe-dintel\/"},"modified":"2020-06-04T23:33:02","modified_gmt":"2020-06-04T23:33:02","slug":"les-futurs-mini-pc-nuc-pour-le-gaming-ne-profiteraient-pas-des-puces-3d-xe-dintel","status":"publish","type":"post","link":"http:\/\/www.affinite.fr\/index.php\/2020\/06\/04\/les-futurs-mini-pc-nuc-pour-le-gaming-ne-profiteraient-pas-des-puces-3d-xe-dintel\/","title":{"rendered":"Les futurs mini PC NUC pour le gaming ne profiteraient pas des puces 3D Xe d&rsquo;Intel"},"content":{"rendered":"<p> [ad_1]<br \/>\n<\/p>\n<div itemprop=\"articleBody\">\n<p>Le cru 2020 des mini PC NUC d&rsquo;Intel est victime d&rsquo;une indiscr\u00e9tion. Une feuille de route s&rsquo;est retrouv\u00e9e publi\u00e9e sur la Toile et on y d\u00e9couvre les plans d&rsquo;Intel. Ils sont plut\u00f4t sages \u00e0 premi\u00e8re vue. Les gammes actuelles taill\u00e9es pour faire de la bureautique (comme <a href=\"https:\/\/www.01net.com\/tests\/test-de-l-intel-nuc10i5fnk-un-mini-pc-redoutablement-efficace-pour-travailler-a-la-maison-6440.html\" target=\"_blank\" rel=\"noopener noreferrer\">le NUC10i5FNK<\/a> test\u00e9 par nos soins) ne conna\u00eetraient pas de gros chamboulements. Des am\u00e9liorations de processeurs &#8211; au mieux &#8211; pour certains PC et l&rsquo;abandon de syst\u00e8mes de refroidissement actifs pour des mod\u00e8les passifs sur les NUC dont les processeurs sont les moins puissants.<\/p>\n<p>Toutefois, sur le haut du panier, dans la cat\u00e9gorie \u00ab Extreme \u00bb, il y aurait un changement majeur : l&rsquo;apparition d&rsquo;une machine au nom de code <em>Hades Follow<\/em> <em>On. <\/em>En clair, un nouveau mini PC d\u00e9di\u00e9 au jeu, sans doute moins cher que le <a href=\"http:\/\/www.01net.com\/actualites\/nuc-9-extreme-kit-d-intel-decouvrez-les-entrailles-de-ce-mini-pc-taille-pour-le-gaming-1916535.html\" target=\"_blank\" rel=\"noopener noreferrer\">Ghost Canyon<\/a> puisque plus petit et moins puissant.<\/p>\n<figure class=\"figure text-center\"><img decoding=\"async\" class=\"article-img img-responsive-l\" src=\"https:\/\/img.bfmtv.com\/c\/1256\/708\/ec8\/6ca1189fd57204872b0d650bfec65.jpg\" alt=\"\"\/><figcaption class=\"figure-caption figcaption color-txt-0 title-xs hidden-xs\">\n                                    @Momomo_US\/Twitter<br \/>\n                                                    &#8211;<br \/>\n                            <\/figcaption><\/figure>\n<p style=\"color:#333; font-family:arial,helvetica,sans-serif; font-size:18px\">Ce nouvel Hades serait tout de m\u00eame propuls\u00e9 par <a href=\"https:\/\/www.01net.com\/actualites\/tiger-lake-intel-devoile-ce-que-son-futur-processeur-pour-ultraportables-aura-dans-le-ventre-1841715.html\" target=\"_blank\" rel=\"noopener noreferrer\">un processeur Tiger Lake-U<\/a> (basse consommation Core i5 ou i7) et ferait appel \u00e0 \u00ab <em>un processeur graphique tierce<\/em> \u00bb d&rsquo;apr\u00e8s le document. Ah ?<\/p>\n<h3 style=\"color:#333; font-family:arial,helvetica,sans-serif; font-size:23px; font-weight:700\">Hades serait de retour (et sans puce 3D Intel Xe) !<\/h3>\n<p style=\"color:#333; font-family:arial,helvetica,sans-serif; font-size:18px\">Dans cette potentielle mini machine gaming, Intel n&rsquo;utiliserait pas <a href=\"https:\/\/www.01net.com\/actualites\/cartes-3d-intel-xe-des-puces-mobiles-confirmees-la-techno-ray-tracing-supporte-1782919.html\" target=\"_blank\" rel=\"noopener noreferrer\">sa propre solution 3D grand public pourtant tant attendue, la Xe<\/a>. Etrange. Dans ce cas, le fondeur de Santa Clara pourrait faire appel soit \u00e0 AMD, avec qui il a d\u00e9j\u00e0 collabor\u00e9 par le pass\u00e9 <a href=\"https:\/\/www.01net.com\/actualites\/ces-2018-mi-intel-mi-amd-les-processeurs-kaby-lake-g-sont-la-et-visent-la-polyvalence-absolue-1341758.html\" target=\"_blank\" rel=\"noopener noreferrer\">pour cr\u00e9er des processeurs<\/a> que l&rsquo;on trouvait dans un NUC (<a href=\"https:\/\/www.01net.com\/tests\/test-intel-hades-canyon-nuc8i7hvk-ce-mini-pc-gamer-n-a-qu-un-seul-gros-defaut-6026.html\" target=\"_blank\" rel=\"noopener noreferrer\"><em>Hades Canyon<\/em><\/a>) et des PC portables, soit \u00e0 Nvidia. Nous avons quelques doutes sur la pr\u00e9sence d&rsquo;un module GeForce au sein d&rsquo;une telle machine mais&#8230; pourquoi pas. D&rsquo;autant que, toujours selon le document, la taille du bo\u00eetier est en l\u00e9g\u00e8re augmentation par rapport \u00e0 celle du premier Hades Canyon (1,35 litre contre 1,2 litre) ce qui permettrait d&rsquo;implanter une solution graphique plus muscl\u00e9e que sur la premi\u00e8re it\u00e9ration.<\/p>\n<p><strong>Sources : <\/strong><a href=\"https:\/\/twitter.com\/momomo_us\/status\/1268168958135304192\" target=\"_blank\" rel=\"noopener noreferrer\">Twitter\/momomo_US<\/a> via <a href=\"https:\/\/liliputing.com\/2020\/06\/intel-nuc-roadmap-leaked-mini-gaming-pc-with-tiger-lake-u-by-the-end-of-2020.html\" target=\"_blank\" rel=\"noopener noreferrer\">Liliputing<\/a><\/p>\n<\/p><\/div>\n<p><script async src=\"http:\/\/platform.twitter.com\/widgets.js\" charset=\"utf-8\"><\/script><script>\n         !function(f,b,e,v,n,t,s){if(f.fbq)return;n=f.fbq=function()\n         {n.callMethod? n.callMethod.apply(n,arguments):n.queue.push(arguments)}\n         ;if(!f._fbq)f._fbq=n;\n             n.push=n;n.loaded=!0;n.version='2.0';n.queue=[];t=b.createElement(e);t.async=!0;\n             t.src=v;s=b.getElementsByTagName(e)[0];s.parentNode.insertBefore(t,s)}(window,\n                 document,'script','https:\/\/connect.facebook.net\/en_US\/fbevents.js');\n         fbq('init', '1065890633454496');\n         fbq('track', 'PageView');\n     <\/script><br \/>\n<br \/>[ad_2]<br \/>\n<br \/><a href=\"https:\/\/www.01net.com\/actualites\/les-futurs-mini-pc-nuc-pour-le-gaming-ne-profiteraient-pas-des-puces-3d-xe-d-intel-1926877.html\">Source link <\/a><\/p>\n","protected":false},"excerpt":{"rendered":"<p>[ad_1] Le cru 2020 des mini PC NUC d&rsquo;Intel est victime d&rsquo;une indiscr\u00e9tion. Une feuille de route s&rsquo;est retrouv\u00e9e publi\u00e9e &hellip; <a href=\"http:\/\/www.affinite.fr\/index.php\/2020\/06\/04\/les-futurs-mini-pc-nuc-pour-le-gaming-ne-profiteraient-pas-des-puces-3d-xe-dintel\/\" class=\"more-link\">Plus <span class=\"screen-reader-text\">Les futurs mini PC NUC pour le gaming ne profiteraient pas des puces 3D Xe d&rsquo;Intel<\/span> <span class=\"meta-nav\">&rarr;<\/span><\/a><\/p>\n","protected":false},"author":1,"featured_media":3644,"comment_status":"open","ping_status":"open","sticky":false,"template":"","format":"standard","meta":{"_sitemap_exclude":false,"_sitemap_priority":"","_sitemap_frequency":"","footnotes":""},"categories":[1],"tags":[],"class_list":["post-3643","post","type-post","status-publish","format-standard","has-post-thumbnail","hentry","category-tous"],"_links":{"self":[{"href":"http:\/\/www.affinite.fr\/index.php\/wp-json\/wp\/v2\/posts\/3643"}],"collection":[{"href":"http:\/\/www.affinite.fr\/index.php\/wp-json\/wp\/v2\/posts"}],"about":[{"href":"http:\/\/www.affinite.fr\/index.php\/wp-json\/wp\/v2\/types\/post"}],"author":[{"embeddable":true,"href":"http:\/\/www.affinite.fr\/index.php\/wp-json\/wp\/v2\/users\/1"}],"replies":[{"embeddable":true,"href":"http:\/\/www.affinite.fr\/index.php\/wp-json\/wp\/v2\/comments?post=3643"}],"version-history":[{"count":0,"href":"http:\/\/www.affinite.fr\/index.php\/wp-json\/wp\/v2\/posts\/3643\/revisions"}],"wp:featuredmedia":[{"embeddable":true,"href":"http:\/\/www.affinite.fr\/index.php\/wp-json\/wp\/v2\/media\/3644"}],"wp:attachment":[{"href":"http:\/\/www.affinite.fr\/index.php\/wp-json\/wp\/v2\/media?parent=3643"}],"wp:term":[{"taxonomy":"category","embeddable":true,"href":"http:\/\/www.affinite.fr\/index.php\/wp-json\/wp\/v2\/categories?post=3643"},{"taxonomy":"post_tag","embeddable":true,"href":"http:\/\/www.affinite.fr\/index.php\/wp-json\/wp\/v2\/tags?post=3643"}],"curies":[{"name":"wp","href":"https:\/\/api.w.org\/{rel}","templated":true}]}}