{"id":3628,"date":"2020-06-04T15:11:06","date_gmt":"2020-06-04T15:11:06","guid":{"rendered":"https:\/\/www.affinite.fr\/index.php\/2020\/06\/04\/amazon-propose-jusqua-350-euros-de-remise-sur-les-macbook-pro-16-pouces-dapple\/"},"modified":"2020-06-04T15:11:06","modified_gmt":"2020-06-04T15:11:06","slug":"amazon-propose-jusqua-350-euros-de-remise-sur-les-macbook-pro-16-pouces-dapple","status":"publish","type":"post","link":"http:\/\/www.affinite.fr\/index.php\/2020\/06\/04\/amazon-propose-jusqua-350-euros-de-remise-sur-les-macbook-pro-16-pouces-dapple\/","title":{"rendered":"Amazon propose jusqu&rsquo;\u00e0 350 euros de remise sur les MacBook Pro 16 pouces d&rsquo;Apple"},"content":{"rendered":"<p> [ad_1]<br \/>\n<br \/><img decoding=\"async\" src=\"https:\/\/img.bfmtv.com\/i\/0\/0\/eab\/f982e874f9b393b6a53145a180aec.jpg\" \/><\/p>\n<div itemprop=\"articleBody\">\n<p>En passant de 15 \u00e0 16 pouces, Apple a cr\u00e9\u00e9 la surprise avec son dernier ordinateur portable MacBook Pro. Celui-ci se r\u00e9v\u00e8le puissant, agr\u00e9able \u00e0 utiliser et dot\u00e9 d&rsquo;une excellente autonomie, comme nous avons pu le constater <a href=\"https:\/\/www.01net.com\/tests\/test-du-macbook-pro-16-pouces-apple-agrandit-et-ameliore-le-portable-que-les-pro-attendaient-6367.html\" target=\"_blank\" rel=\"noopener noreferrer\">lors de son test<\/a>.<\/p>\n<p>Amazon vend actuellement le MacBook Pro 16 pouces avec des remises int\u00e9ressantes, qui atteignent 350 euros pour une configuration dot\u00e9e d&rsquo;un processeur Core i9 \u00e0 2,3 GHz, de 16 Go de m\u00e9moire vive et d&rsquo;un SSD de 1 To. Cette configuration co\u00fbte <a href=\"https:\/\/amzn.to\/2ACnjfg\" target=\"_blank\" rel=\"noopener noreferrer\">2849 euros au lieu de 3199 euros<\/a>, \u00e0 condition de choisir le coloris gris sid\u00e9ral.<\/p>\n<p><span style=\"color:inherit\">La configuration avec un processeur Intel Core i7 \u00e0 2,6 GHz, 16 Go de RAM et un SSD de 512 <\/span><span style=\"color:inherit\">Go co\u00fbte 2527 euros au lieu de 2699 euros, soit une remise de 172 euros.<\/span><\/p>\n<p><span style=\"color:inherit\">L&rsquo;ordinateur portable d&rsquo;Apple b\u00e9n\u00e9ficie d&rsquo;un \u00e9cran Retina 16 pouces de <\/span>3072 x 1920\u00a0<span style=\"color:inherit\">pixels, d&rsquo;une carte graphique\u00a0<\/span>AMD Radeon Pro 5300M avec 4\u00a0Go de m\u00e9moire GDDR6, de quatre ports Thunderbolt\u00a03, ainsi que du\u00a0Touch\u00a0Bar et du Touch\u00a0ID.<\/p>\n<p><a href=\"https:\/\/amzn.to\/2ACnjfg\" target=\"_blank\" rel=\"noopener noreferrer\">Retrouvez ici ces offres d\u2019Amazon.<\/a><\/p>\n<p>Les promotions mentionn\u00e9es dans cet article peuvent \u00eatre \u00e9ph\u00e9m\u00e8res et ne plus \u00eatre valables apr\u00e8s la date de parution de l\u2019article.<\/p>\n<p><a href=\"https:\/\/www.01net.com\/bons-plans\/\">Retrouvez tous les bons plans high-tech s\u00e9lectionn\u00e9s par 01net.com sur notre page d\u00e9di\u00e9e.<\/a><\/p>\n<p><em>Cet article est une s\u00e9lection r\u00e9alis\u00e9e par l\u2019\u00e9quipe de 01net.com, en toute ind\u00e9pendance. Il est toutefois possible que ce contenu propose un lien d\u2019affiliation. Si vous cliquez sur ce lien, l\u2019e-commer\u00e7ant peut nous reverser une commission. Pour vous, rien ne change !<\/em><\/p>\n<\/p><\/div>\n<p><script>\n         !function(f,b,e,v,n,t,s){if(f.fbq)return;n=f.fbq=function()\n         {n.callMethod? n.callMethod.apply(n,arguments):n.queue.push(arguments)}\n         ;if(!f._fbq)f._fbq=n;\n             n.push=n;n.loaded=!0;n.version='2.0';n.queue=[];t=b.createElement(e);t.async=!0;\n             t.src=v;s=b.getElementsByTagName(e)[0];s.parentNode.insertBefore(t,s)}(window,\n                 document,'script','https:\/\/connect.facebook.net\/en_US\/fbevents.js');\n         fbq('init', '1065890633454496');\n         fbq('track', 'PageView');\n     <\/script><br \/>\n<br \/>[ad_2]<br \/>\n<br \/><a href=\"https:\/\/www.01net.com\/actualites\/amazon-propose-jusqu-a-350-euros-de-remise-sur-les-macbook-pro-16-pouces-d-apple-1926776.html\">Source link <\/a><\/p>\n","protected":false},"excerpt":{"rendered":"<p>[ad_1] En passant de 15 \u00e0 16 pouces, Apple a cr\u00e9\u00e9 la surprise avec son dernier ordinateur portable MacBook Pro. &hellip; <a href=\"http:\/\/www.affinite.fr\/index.php\/2020\/06\/04\/amazon-propose-jusqua-350-euros-de-remise-sur-les-macbook-pro-16-pouces-dapple\/\" class=\"more-link\">Plus <span class=\"screen-reader-text\">Amazon propose jusqu&rsquo;\u00e0 350 euros de remise sur les MacBook Pro 16 pouces d&rsquo;Apple<\/span> <span class=\"meta-nav\">&rarr;<\/span><\/a><\/p>\n","protected":false},"author":1,"featured_media":3629,"comment_status":"open","ping_status":"open","sticky":false,"template":"","format":"standard","meta":{"_sitemap_exclude":false,"_sitemap_priority":"","_sitemap_frequency":"","footnotes":""},"categories":[1],"tags":[],"class_list":["post-3628","post","type-post","status-publish","format-standard","has-post-thumbnail","hentry","category-tous"],"_links":{"self":[{"href":"http:\/\/www.affinite.fr\/index.php\/wp-json\/wp\/v2\/posts\/3628"}],"collection":[{"href":"http:\/\/www.affinite.fr\/index.php\/wp-json\/wp\/v2\/posts"}],"about":[{"href":"http:\/\/www.affinite.fr\/index.php\/wp-json\/wp\/v2\/types\/post"}],"author":[{"embeddable":true,"href":"http:\/\/www.affinite.fr\/index.php\/wp-json\/wp\/v2\/users\/1"}],"replies":[{"embeddable":true,"href":"http:\/\/www.affinite.fr\/index.php\/wp-json\/wp\/v2\/comments?post=3628"}],"version-history":[{"count":0,"href":"http:\/\/www.affinite.fr\/index.php\/wp-json\/wp\/v2\/posts\/3628\/revisions"}],"wp:featuredmedia":[{"embeddable":true,"href":"http:\/\/www.affinite.fr\/index.php\/wp-json\/wp\/v2\/media\/3629"}],"wp:attachment":[{"href":"http:\/\/www.affinite.fr\/index.php\/wp-json\/wp\/v2\/media?parent=3628"}],"wp:term":[{"taxonomy":"category","embeddable":true,"href":"http:\/\/www.affinite.fr\/index.php\/wp-json\/wp\/v2\/categories?post=3628"},{"taxonomy":"post_tag","embeddable":true,"href":"http:\/\/www.affinite.fr\/index.php\/wp-json\/wp\/v2\/tags?post=3628"}],"curies":[{"name":"wp","href":"https:\/\/api.w.org\/{rel}","templated":true}]}}