{"id":3604,"date":"2020-06-04T04:38:42","date_gmt":"2020-06-04T04:38:42","guid":{"rendered":"https:\/\/www.affinite.fr\/index.php\/2020\/06\/04\/le-gouvernement-revendique-600000-telechargements-pour-stopcovid\/"},"modified":"2020-06-04T04:38:42","modified_gmt":"2020-06-04T04:38:42","slug":"le-gouvernement-revendique-600000-telechargements-pour-stopcovid","status":"publish","type":"post","link":"http:\/\/www.affinite.fr\/index.php\/2020\/06\/04\/le-gouvernement-revendique-600000-telechargements-pour-stopcovid\/","title":{"rendered":"Le gouvernement revendique 600000 t\u00e9l\u00e9chargements pour StopCovid"},"content":{"rendered":"<p> [ad_1]<br \/>\n<\/p>\n<div itemprop=\"articleBody\">\n<p>Invit\u00e9 sur France 2 ce matin, le secr\u00e9taire d\u2019Etat au num\u00e9rique C\u00e9dric O a affirm\u00e9 t\u00f4t ce matin que l\u2019<a href=\"http:\/\/Les notes obtenues par les utilisateurs sont \u00e9l\u00e9v\u00e9es : 3,9 pour Android et 4,6 pour iOS m\u00eame si certains commentaires paraissent parfois un peu trop \u00e9logieux.   La curiosit\u00e9 explique logiquement cet engouement pour StopCovid. Il faudra voir par la suite combien de Fran\u00e7ais la conserveny et ne la d\u00e9sactivent pas, de mani\u00e8re \u00e0 \u00eatre s\u00fbr qu\u2019elle est vraiement utilis\u00e9e.\" target=\"_blank\" rel=\"noopener noreferrer\">application StopCovid<\/a> aurait d\u00e9j\u00e0 \u00e9t\u00e9 t\u00e9l\u00e9charg\u00e9e 600 000 fois depuis son lancement hier en fin d\u2019apr\u00e8s-midi. <em>\u00ab\u00a0C\u2019est un tr\u00e8s tr\u00e8s bon d\u00e9marrage\u00a0\u00bb<\/em>, s\u2019est-il f\u00e9licit\u00e9. Il a aussi affirm\u00e9 ne pas avoir d\u2019objectif quantitatif, m\u00eame s\u2019il esp\u00e8re que plusieurs millions de Fran\u00e7ais y passent pour que StopCovid soit vraiment efficace.<\/p>\n<h3 style=\"color:#333; font-family:arial,helvetica,sans-serif; font-size:23px; font-weight:700\">L&rsquo;app la plus t\u00e9l\u00e9charg\u00e9e sous iOS et Android<\/h3>\n<p>StopCovid tr\u00f4ne en t\u00eate des applications les plus t\u00e9l\u00e9charg\u00e9es sous Android, ainsi que sous iOS.<\/p>\n<figure class=\"figure text-center\"><img decoding=\"async\" class=\"article-img img-responsive-l\" src=\"https:\/\/img.bfmtv.com\/c\/1222\/453\/6f7\/b0533fc3e673344e8b8a626804a75.jpeg\" alt=\"StopCovid est l'application la plus t\u00e9l\u00e9charg\u00e9e sur les deux stores.\"\/><figcaption class=\"figure-caption figcaption color-txt-0 title-xs hidden-xs\">\n                                    01net.com<br \/>\n                                                    &#8211; StopCovid est l&rsquo;application la plus t\u00e9l\u00e9charg\u00e9e sur les deux stores.<br \/>\n                            <\/figcaption><\/figure>\n<p>Impossible cependant de v\u00e9rifier si les t\u00e9l\u00e9chargements s\u2019\u00e9l\u00e8vent bien au nombre de 600 000, comme l&rsquo;affirme le gouvernement. Le Play Store indique juste qu\u2019elle a d\u00e9pass\u00e9 les 100 000.<\/p>\n<p>Les notes obtenues par les utilisateurs sont \u00e9lev\u00e9es\u00a0: 3,9 pour Android et 4,6 pour iOS. La curiosit\u00e9 explique logiquement cet engouement pour StopCovid. Il faudra voir par la suite combien de Fran\u00e7ais la conservent et ne la d\u00e9sactivent pas, de mani\u00e8re \u00e0 \u00eatre s\u00fbr qu\u2019elle est vraiment utilis\u00e9e.<\/p>\n<\/p><\/div>\n<p><script>\n         !function(f,b,e,v,n,t,s){if(f.fbq)return;n=f.fbq=function()\n         {n.callMethod? n.callMethod.apply(n,arguments):n.queue.push(arguments)}\n         ;if(!f._fbq)f._fbq=n;\n             n.push=n;n.loaded=!0;n.version='2.0';n.queue=[];t=b.createElement(e);t.async=!0;\n             t.src=v;s=b.getElementsByTagName(e)[0];s.parentNode.insertBefore(t,s)}(window,\n                 document,'script','https:\/\/connect.facebook.net\/en_US\/fbevents.js');\n         fbq('init', '1065890633454496');\n         fbq('track', 'PageView');\n     <\/script><br \/>\n<br \/>[ad_2]<br \/>\n<br \/><a href=\"https:\/\/www.01net.com\/actualites\/le-gouvernement-revendique-600000-telechargements-pour-stopcovid-1926223.html\">Source link <\/a><\/p>\n","protected":false},"excerpt":{"rendered":"<p>[ad_1] Invit\u00e9 sur France 2 ce matin, le secr\u00e9taire d\u2019Etat au num\u00e9rique C\u00e9dric O a affirm\u00e9 t\u00f4t ce matin que &hellip; <a href=\"http:\/\/www.affinite.fr\/index.php\/2020\/06\/04\/le-gouvernement-revendique-600000-telechargements-pour-stopcovid\/\" class=\"more-link\">Plus <span class=\"screen-reader-text\">Le gouvernement revendique 600000 t\u00e9l\u00e9chargements pour StopCovid<\/span> <span class=\"meta-nav\">&rarr;<\/span><\/a><\/p>\n","protected":false},"author":1,"featured_media":3605,"comment_status":"open","ping_status":"open","sticky":false,"template":"","format":"standard","meta":{"_sitemap_exclude":false,"_sitemap_priority":"","_sitemap_frequency":"","footnotes":""},"categories":[1],"tags":[],"class_list":["post-3604","post","type-post","status-publish","format-standard","has-post-thumbnail","hentry","category-tous"],"_links":{"self":[{"href":"http:\/\/www.affinite.fr\/index.php\/wp-json\/wp\/v2\/posts\/3604"}],"collection":[{"href":"http:\/\/www.affinite.fr\/index.php\/wp-json\/wp\/v2\/posts"}],"about":[{"href":"http:\/\/www.affinite.fr\/index.php\/wp-json\/wp\/v2\/types\/post"}],"author":[{"embeddable":true,"href":"http:\/\/www.affinite.fr\/index.php\/wp-json\/wp\/v2\/users\/1"}],"replies":[{"embeddable":true,"href":"http:\/\/www.affinite.fr\/index.php\/wp-json\/wp\/v2\/comments?post=3604"}],"version-history":[{"count":0,"href":"http:\/\/www.affinite.fr\/index.php\/wp-json\/wp\/v2\/posts\/3604\/revisions"}],"wp:featuredmedia":[{"embeddable":true,"href":"http:\/\/www.affinite.fr\/index.php\/wp-json\/wp\/v2\/media\/3605"}],"wp:attachment":[{"href":"http:\/\/www.affinite.fr\/index.php\/wp-json\/wp\/v2\/media?parent=3604"}],"wp:term":[{"taxonomy":"category","embeddable":true,"href":"http:\/\/www.affinite.fr\/index.php\/wp-json\/wp\/v2\/categories?post=3604"},{"taxonomy":"post_tag","embeddable":true,"href":"http:\/\/www.affinite.fr\/index.php\/wp-json\/wp\/v2\/tags?post=3604"}],"curies":[{"name":"wp","href":"https:\/\/api.w.org\/{rel}","templated":true}]}}