{"id":3586,"date":"2020-06-03T18:17:26","date_gmt":"2020-06-03T18:17:26","guid":{"rendered":"https:\/\/www.affinite.fr\/index.php\/2020\/06\/03\/les-apple-store-pourraient-rouvrir-le-9-juin-en-france\/"},"modified":"2020-06-03T18:17:26","modified_gmt":"2020-06-03T18:17:26","slug":"les-apple-store-pourraient-rouvrir-le-9-juin-en-france","status":"publish","type":"post","link":"http:\/\/www.affinite.fr\/index.php\/2020\/06\/03\/les-apple-store-pourraient-rouvrir-le-9-juin-en-france\/","title":{"rendered":"Les Apple Store pourraient rouvrir le 9 juin en France"},"content":{"rendered":"<p> [ad_1]<br \/>\n<br \/><img decoding=\"async\" src=\"https:\/\/img.bfmtv.com\/i\/0\/0\/ff3\/c06b0d80937d47b751430e5e2ff70.jpg\" \/><\/p>\n<div itemprop=\"articleBody\">\n<p>Apple ne communique pas officiellement sur la r\u00e9ouverture de ses magasins en France, mais la CGT vient d&rsquo;indiquer sur Instagram que la date pr\u00e9vue serait le 9 juin.<\/p>\n<p>Sur le plan l\u00e9gislatif, rien n&#8217;emp\u00eache Apple de rouvrir ses 20 Store en France, ferm\u00e9s depuis le 14 mars. En comparaison, la\u00a0Fnac, Darty\u00a0et Boulanger sont \u00e0 nouveau op\u00e9rationnels depuis le 11 mai. Mais le constructeur joue la carte de la prudence et travaille sur les conditions de r\u00e9ouverture, comme il l&rsquo;a indiqu\u00e9 sur son site dans une <a href=\"https:\/\/www.apple.com\/fr\/store-opening-letter\/\" target=\"_blank\" rel=\"noopener noreferrer\">publication en date du 17 mai<\/a>.<\/p>\n<p>Ainsi, le port du masque sera obligatoire pour l\u2019ensemble des \u00e9quipes, mais aussi pour la\u00a0client\u00e8le. Des tables seront retir\u00e9es pour lib\u00e9rer de l&rsquo;espace et le nombre de clients pr\u00e9sents en m\u00eame temps sera restreint. Enfin,\u00a0des nettoyages et des d\u00e9sinfections seront effectu\u00e9s tout au long de la journ\u00e9e, en particulier sur les produits de d\u00e9monstration et dans les zones de forte affluence. Apple r\u00e9fl\u00e9chit \u00e9galement \u00e0 des\u00a0solutions de retrait et de d\u00e9p\u00f4t des produits \u00e0 l\u2019ext\u00e9rieur du magasin.<\/p>\n<aside class=\"bg-color-0 padding-inside-all-s bloc border-s\">\n<h4 class=\"box-txt-normal\">\n<p><strong>A d\u00e9couvrir aussi en vid\u00e9o :<\/strong><\/p>\n<\/h4>\n<\/aside>\n<p>Le constructeur a pr\u00e9vu de rouvrir certains de ses Store en Belgique et en Espagne le 4 juin. En revanche, il a d\u00fb fermer certaines de ses boutiques aux Etats-Unis \u00e0 cause des r\u00e9centes \u00e9meutes .<\/p>\n<p>En attendant, il est toujours possible de commander sur le site de vente en ligne d&rsquo;Apple et de se faire livrer \u00e0 domicile. De plus, le constructeur permet de <a href=\"https:\/\/www.01net.com\/actualites\/apple-prolonge-jusqu-en-juillet-son-offre-de-reglement-en-24-fois-sans-frais-1925538.html\" target=\"_blank\" rel=\"noopener noreferrer\">payer en 12 ou 24 mensualit\u00e9s<\/a> sans frais.<\/p>\n<p><strong>Source <\/strong>: <a href=\"https:\/\/www.instagram.com\/p\/CA7iVukhVNs\/\" target=\"_blank\" rel=\"noopener noreferrer\">CGT<\/a><\/p>\n<\/p><\/div>\n<p><script>\n         !function(f,b,e,v,n,t,s){if(f.fbq)return;n=f.fbq=function()\n         {n.callMethod? n.callMethod.apply(n,arguments):n.queue.push(arguments)}\n         ;if(!f._fbq)f._fbq=n;\n             n.push=n;n.loaded=!0;n.version='2.0';n.queue=[];t=b.createElement(e);t.async=!0;\n             t.src=v;s=b.getElementsByTagName(e)[0];s.parentNode.insertBefore(t,s)}(window,\n                 document,'script','https:\/\/connect.facebook.net\/en_US\/fbevents.js');\n         fbq('init', '1065890633454496');\n         fbq('track', 'PageView');\n     <\/script><script async defer src=\"https:\/\/platform.instagram.com\/en_US\/embeds.js\"><\/script><br \/>\n<br \/>[ad_2]<br \/>\n<br \/><a href=\"https:\/\/www.01net.com\/actualites\/les-apple-store-pourraient-rouvrir-le-9-juin-en-france-1926051.html\">Source link <\/a><\/p>\n","protected":false},"excerpt":{"rendered":"<p>[ad_1] Apple ne communique pas officiellement sur la r\u00e9ouverture de ses magasins en France, mais la CGT vient d&rsquo;indiquer sur &hellip; <a href=\"http:\/\/www.affinite.fr\/index.php\/2020\/06\/03\/les-apple-store-pourraient-rouvrir-le-9-juin-en-france\/\" class=\"more-link\">Plus <span class=\"screen-reader-text\">Les Apple Store pourraient rouvrir le 9 juin en France<\/span> <span class=\"meta-nav\">&rarr;<\/span><\/a><\/p>\n","protected":false},"author":1,"featured_media":3587,"comment_status":"open","ping_status":"open","sticky":false,"template":"","format":"standard","meta":{"_sitemap_exclude":false,"_sitemap_priority":"","_sitemap_frequency":"","footnotes":""},"categories":[1],"tags":[],"class_list":["post-3586","post","type-post","status-publish","format-standard","has-post-thumbnail","hentry","category-tous"],"_links":{"self":[{"href":"http:\/\/www.affinite.fr\/index.php\/wp-json\/wp\/v2\/posts\/3586"}],"collection":[{"href":"http:\/\/www.affinite.fr\/index.php\/wp-json\/wp\/v2\/posts"}],"about":[{"href":"http:\/\/www.affinite.fr\/index.php\/wp-json\/wp\/v2\/types\/post"}],"author":[{"embeddable":true,"href":"http:\/\/www.affinite.fr\/index.php\/wp-json\/wp\/v2\/users\/1"}],"replies":[{"embeddable":true,"href":"http:\/\/www.affinite.fr\/index.php\/wp-json\/wp\/v2\/comments?post=3586"}],"version-history":[{"count":0,"href":"http:\/\/www.affinite.fr\/index.php\/wp-json\/wp\/v2\/posts\/3586\/revisions"}],"wp:featuredmedia":[{"embeddable":true,"href":"http:\/\/www.affinite.fr\/index.php\/wp-json\/wp\/v2\/media\/3587"}],"wp:attachment":[{"href":"http:\/\/www.affinite.fr\/index.php\/wp-json\/wp\/v2\/media?parent=3586"}],"wp:term":[{"taxonomy":"category","embeddable":true,"href":"http:\/\/www.affinite.fr\/index.php\/wp-json\/wp\/v2\/categories?post=3586"},{"taxonomy":"post_tag","embeddable":true,"href":"http:\/\/www.affinite.fr\/index.php\/wp-json\/wp\/v2\/tags?post=3586"}],"curies":[{"name":"wp","href":"https:\/\/api.w.org\/{rel}","templated":true}]}}