{"id":3584,"date":"2020-06-03T18:07:54","date_gmt":"2020-06-03T18:07:54","guid":{"rendered":"https:\/\/www.affinite.fr\/index.php\/2020\/06\/03\/il-etait-une-fois-la-patisserie-31\/"},"modified":"2020-06-03T18:07:54","modified_gmt":"2020-06-03T18:07:54","slug":"il-etait-une-fois-la-patisserie-31","status":"publish","type":"post","link":"http:\/\/www.affinite.fr\/index.php\/2020\/06\/03\/il-etait-une-fois-la-patisserie-31\/","title":{"rendered":"Il \u00e9tait une fois la p\u00e2tisserie"},"content":{"rendered":"<p> [ad_1]<br \/>\n<\/p>\n<div>\nJe vous propose un pu d\u00e9lice aujourd&rsquo;hui : la<b> <span style=\"font-size: large;\"><span class=\"fn\">tarte pralinoise<\/span><\/span><\/b> ! Une recette tellement <b>facile <\/b>et pourtant <b>d\u00e9licieuse<\/b>. A tester d&rsquo;urgence !<\/p>\n<p>La recette en vid\u00e9o est ici : <a href=\"https:\/\/youtu.be\/cyzQ0KNwKQA\" target=\"_blank\" rel=\"noopener noreferrer\">tarte pralinoise en vid\u00e9o<\/a>. <\/p>\n<div class=\"separator\" style=\"clear: both; text-align: center;\">\n<a href=\"https:\/\/www.iletaitunefoislapatisserie.com\/2020\/06\/tarte-pralinoise-facile.html\"><img decoding=\"async\" alt=\"tarte pralin\u00e9 facile\" border=\"0\" data-original-height=\"453\" data-original-width=\"650\" src=\"https:\/\/1.bp.blogspot.com\/-7ca0w1I5Oj8\/XtZV9ddnlGI\/AAAAAAABPao\/0HTXHJpK9Pkm8sxP7awRlggfrLTCFLCbQCLcBGAsYHQ\/s1600\/tarte-chocolat-pralinoise-recette.jpg\" title=\"tarte pralinoise\"\/><\/a><\/div>\n<p><a name=\"more\"\/><br \/>\nLa pralinoise, c&rsquo;est tout simplement du <b>chocolat au pralin\u00e9<\/b> que vous pourrez trouver en supermarch\u00e9, au rayon des chocolats p\u00e2tissier.<\/p>\n<p>Pour cette recette, j&rsquo;ai utilis\u00e9 un <span class=\"lienamazon\"><a href=\"https:\/\/amzn.to\/2z8M5n6\" rel=\"nofollow noopener noreferrer\" target=\"_blank\">cercle \u00e0 tarte 22 cm<\/a><\/span>. Je vous renvoie vers mon <a href=\"https:\/\/www.iletaitunefoislapatisserie.com\/2019\/02\/calcul-des-quantites-dingredients-taille-moule.html\" target=\"_blank\" rel=\"noopener noreferrer\">calculateur d&rsquo;ingr\u00e9dients<\/a> si votre plat est diff\u00e9rent.<\/p>\n<div class=\"separator\" style=\"clear: both; text-align: center;\">\n<a href=\"https:\/\/1.bp.blogspot.com\/-MiHdFgl1fEo\/XtZV9K-ia1I\/AAAAAAABPak\/PQHhZbZTkogVTSARAfIMrqlVhV4qqkkkgCLcBGAsYHQ\/s1600\/recette-tarte-pralin%25C3%25A9.jpg\" imageanchor=\"1\" style=\"margin-left: 1em; margin-right: 1em;\"><img decoding=\"async\" alt=\"tarte pralinoise\" border=\"0\" data-original-height=\"787\" data-original-width=\"650\" src=\"https:\/\/1.bp.blogspot.com\/-MiHdFgl1fEo\/XtZV9K-ia1I\/AAAAAAABPak\/PQHhZbZTkogVTSARAfIMrqlVhV4qqkkkgCLcBGAsYHQ\/s1600\/recette-tarte-pralin%25C3%25A9.jpg\" title=\"tarte pralin\u00e9 facile\"\/><\/a><\/div>\n<p>J&rsquo;ai utilis\u00e9 la <a href=\"https:\/\/www.iletaitunefoislapatisserie.com\/2019\/01\/recette-de-la-pate-sucree-facon.html\" target=\"_blank\" rel=\"noopener noreferrer\">p\u00e2te sucr\u00e9e de Philippe Conticini<\/a>, en version <b>noisette<\/b>. Je vous d\u00e9conseille fortement d&rsquo;utiliser une p\u00e2te du commerce, la recette serait g\u00e2ch\u00e9e !<\/p>\n<p>Vous pouvez sans probl\u00e8me <b>pr\u00e9parer la p\u00e2te la veille<\/b>. Je vous conseille \u00e0 ce moment-l\u00e0 de la laisser au frigo, chemis\u00e9e dans le moule \u00e0 tarte. <\/p>\n<p>Concernant la garniture, je l&rsquo;ai adapt\u00e9e d&rsquo;une recette de tarte au <a href=\"http:\/\/www.affinite.fr\/index.php\/2025\/02\/27\/le-chocolat-et-le-materiel-indispensable-pour-reussir-vos-creations-gourmandes\/\">chocolat<\/a> de <b>Fr\u00e9d\u00e9ric Anton<\/b>. Elle est plus l\u00e9g\u00e8re qu&rsquo;une ganache classique, on a ador\u00e9 !<\/p>\n<div class=\"separator\" style=\"clear: both; text-align: center;\">\n<a href=\"https:\/\/1.bp.blogspot.com\/-ZaHAuTQbcD4\/XtZV96J3p9I\/AAAAAAABPa0\/mmOj-PhWK6Y5QqWUe3Krzq_goh0Wb26uQCLcBGAsYHQ\/s1600\/tarte-pralinoise.jpg\" imageanchor=\"1\" style=\"margin-left: 1em; margin-right: 1em;\"><img decoding=\"async\" alt=\"tarte chocolat pralin\u00e9\" border=\"0\" data-original-height=\"478\" data-original-width=\"650\" src=\"https:\/\/1.bp.blogspot.com\/-ZaHAuTQbcD4\/XtZV96J3p9I\/AAAAAAABPa0\/mmOj-PhWK6Y5QqWUe3Krzq_goh0Wb26uQCLcBGAsYHQ\/s1600\/tarte-pralinoise.jpg\" title=\"recette tarte pralinoise\"\/><\/a><\/div>\n<p><b><span style=\"font-size: large;\">D&rsquo;autres recettes de tartes faciles ?<\/span><\/b><\/p>\n<blockquote class=\"tr_bq\"><p>\nVous trouverez ici tout le <span class=\"lienamazon\"><a href=\"https:\/\/www.iletaitunefoislapatisserie.com\/p\/materiel-indispensable-tartes.html\">mat\u00e9riel indispensable pour r\u00e9aliser de d\u00e9licieuses tartes<\/a><\/span>.<\/p><\/blockquote>\n<div class=\"snippet2\">\n<b><u>INFOS RECETTE :<\/u><\/b><\/p>\n<p><i class=\"fas fa-user\"\/>\u00a0 Parts : <b><span class=\"yield\">8<\/span> personnes<\/b><br \/><i class=\"fas fa-utensils\"\/>\u00a0  Pr\u00e9paration : <b><span class=\"preptime\">20 minutes<span class=\"value-title\" title=\"PT00H20M\"\/><\/span><\/b><br \/><i class=\"fas fa-cookie\"\/>\u00a0 Cuisson : <b><span class=\"cooktime\">35 minutes<span class=\"value-title\" title=\"PT00H35M\"\/><\/span><\/b><br \/><i class=\"far fa-clock\"\/>\u00a0 Total : <b><span class=\"duration\">55 minutes<span class=\"value-title\" title=\"PT00H55M\"\/><\/span><\/b>\n<\/p>\n<\/div>\n<div class=\"quantite\">\n<u>Ingr\u00e9dients pour une tarte pralinoise de <span class=\"yield\">8<\/span> personnes :<\/u><br \/><u>P\u00e2te sucr\u00e9e aux noisettes :<\/u> (vous aurez trop de p\u00e2te, n&rsquo;h\u00e9sitez pas \u00e0 congeler le restant !)<u><br \/><\/u><\/p>\n<ul>\n<li><span class=\"ingredient\">125 g de beurre pommade<\/span><\/li>\n<li><span class=\"ingredient\">110 g de sucre <a href=\"http:\/\/www.affinite.fr\/index.php\/2022\/10\/22\/la-creme-glacee-la-nouvelle-culture-commerciale\/\">glace<\/a><\/span><\/li>\n<li><span class=\"ingredient\">1 oeuf <\/span><\/li>\n<li><span class=\"ingredient\">250 g de farine T55<\/span><\/li>\n<li><span class=\"ingredient\">30 g de poudre de noisette<\/span><\/li>\n<li><span class=\"ingredient\">1 pinc\u00e9e de sel (fleur de sel c&rsquo;est encore mieux) <\/span><\/li>\n<\/ul>\n<p><u>Garniture :<\/u><\/p>\n<ul style=\"text-align: left;\">\n<li><span class=\"ingredient\">50 g de lait<\/span><\/li>\n<li><span class=\"ingredient\">120 g de cr\u00e8me fleurette<\/span> <\/li>\n<li><span class=\"ingredient\">120 g de pralinoise (chocolat pralin\u00e9)<\/span><\/li>\n<li><span class=\"ingredient\">50 g de chocolat noir <\/span><\/li>\n<li><span class=\"ingredient\">1 oeuf<\/span><\/li>\n<\/ul>\n<p><u><span class=\"ingredient\">D\u00e9co :<\/span><\/u><\/div>\n<p><!-- Dans l'article --><\/p>\n<p><b><u>PR\u00c9PARATION :<\/u><\/b><\/p>\n<p>La recette en vid\u00e9o <a href=\"https:\/\/youtu.be\/cyzQ0KNwKQA\" target=\"_blank\" rel=\"noopener noreferrer\">est ici<\/a> :<\/p>\n<p>\n<iframe loading=\"lazy\" allow=\"autoplay; encrypted-media\" allowfullscreen=\"\" frameborder=\"0\" height=\"360\" src=\"https:\/\/www.youtube.com\/embed\/cyzQ0KNwKQA\" width=\"650\"><\/iframe><\/p>\n<h3 style=\"text-align: left;\">\n<span class=\"instructions\">P\u00e2te sucr\u00e9e aux noisettes<\/span><\/h3>\n<p><span class=\"instructions\">1. Pensez \u00e0 sortir votre beurre du frigo <b>plusieurs heures \u00e0 l&rsquo;avance<\/b>, dans l&rsquo;id\u00e9al la veille. Sinon, passez-le au micro-ondes quelques secondes en position <b>d\u00e9cong\u00e9lation<\/b>. Il doit \u00eatre <b>super mou<\/b> mais pas fondu.<\/span><\/p>\n<p><span class=\"instructions\">Si vous pr\u00e9f\u00e9rez faire la p\u00e2te au <a href=\"https:\/\/www.iletaitunefoislapatisserie.com\/p\/guide-dachat-dun-robot-patissier.html\" target=\"_blank\" rel=\"noopener noreferrer\">robot p\u00e2tissier<\/a>, placez tout simplement les ingr\u00e9dients dans l&rsquo;ordre, dans la cuve du robot, et m\u00e9langez entre chaque ajout avec la feuille.C&rsquo;est ce que j&rsquo;ai fait dans <a href=\"https:\/\/youtu.be\/cyzQ0KNwKQA\" target=\"_blank\" rel=\"noopener noreferrer\">la vid\u00e9o<\/a>.<\/span><\/p>\n<p><span class=\"instructions\">2. Si vous faites la recette <b>\u00e0 la main<\/b>, m\u00e9langez ensemble le beurre et le sucre glace <b>tamis\u00e9<\/b>, jusqu&rsquo;\u00e0 obtenir une pr\u00e9paration homog\u00e8ne. Ajoutez la <b>poudre de noisette.<\/b><\/span><\/p>\n<p>\n3. Ajoutez l\u2019\u0153uf, et m\u00e9langez.<\/p>\n<p><span class=\"instructions\">4. Dans un autre r\u00e9cipient, m\u00e9langez ensemble la farine et le sel. Versez le tout sur votre plan de travail.<\/span><br \/>\nCreusez un puits et versez la premi\u00e8re pr\u00e9paration au centre.<\/p>\n<p><span class=\"instructions\">5. Avec une <span class=\"lienamazon\"><a href=\"https:\/\/amzn.to\/2X7c0V7\" rel=\"nofollow noopener noreferrer\" target=\"_blank\">corne \u00e0 p\u00e2tisserie<\/a><\/span>, tapotez sur la p\u00e2te jusqu&rsquo;\u00e0 ce qu&rsquo;elle s&rsquo;agglom\u00e8re.<\/span><\/p>\n<p><span class=\"instructions\">Cela permet de ne pas trop travailler la<br \/>\np\u00e2te, et donc de ne pas trop emb\u00eater le <b>gluten<\/b>. Cela permettra \u00e0 la p\u00e2te<br \/>\n de ne pas s&rsquo;affaisser \u00e0 la cuisson.<\/span><\/p>\n<div class=\"separator\" style=\"clear: both; text-align: center;\">\n<a href=\"https:\/\/amzn.to\/2X7c0V7\" rel=\"nofollow noopener noreferrer\" target=\"_blank\"><img decoding=\"async\" alt=\"https:\/\/www.amazon.fr\/lissage-g%C3%A2teau-outils-d%C3%A9coration-g%C3%A2teaux\/dp\/B0716MHN1B\/ref=as_li_ss_tl?ie=UTF8&amp;qid=1535027842&amp;sr=8-15&amp;keywords=racloir+g%C3%A2teau&amp;linkCode=ll1&amp;tag=iletaitunefoislapatisserie-21&amp;linkId=0ca0570ffac8e45d7d6ffc2ecc68d51f&amp;language=fr_FR\" border=\"0\" data-original-height=\"243\" data-original-width=\"400\" src=\"https:\/\/1.bp.blogspot.com\/-NoVKfKoE4mw\/W37vfWQBZbI\/AAAAAAAAvYY\/Yk1KOu4T0s0ot4GyF5_iL0DIbMKncPJoACLcBGAs\/s1600\/pate-sucr%25C3%25A9e.jpg\"\/><\/a><\/div>\n<p><span class=\"instructions\"><br \/>\n<br \/><\/span><\/p>\n<p><span class=\"instructions\">N&rsquo;h\u00e9sitez pas \u00e0 regarder la vid\u00e9o pour comprendre la <b>technique<\/b>.<\/span><\/p>\n<p>6. Rassemblez la p\u00e2te avec les mains et enveloppez-la dans du film alimentaire. Placez-la <b>1 heure au r\u00e9frig\u00e9rateur<\/b>. Vous pouvez la pr\u00e9parer la veille ou m\u00eame la congeler si besoin.<\/p>\n<p>7. Sortez la p\u00e2te du frigo 15 minutes avant utilisation pour qu&rsquo;elle s&rsquo;assouplisse.<\/p>\n<p><span class=\"instructions\">8. \u00c9talez la p\u00e2te sur un plan de travail farin\u00e9, sur une \u00e9paisseur de 4 mm environ. Chemisez un <a href=\"https:\/\/amzn.to\/2z8M5n6\" rel=\"nofollow noopener noreferrer\" target=\"_blank\">cercle \u00e0 p\u00e2tisserie<\/a> ou un moule \u00e0 tarte avec la p\u00e2te.<\/span><\/p>\n<p><span class=\"instructions\">9. Piquez le fond de tarte avec une fourchette.<\/span><\/p>\n<div class=\"separator\" style=\"clear: both; text-align: center;\">\n<a href=\"https:\/\/1.bp.blogspot.com\/-6KaR-6dkxB4\/XtZV8EeA1fI\/AAAAAAABPaY\/Lj03vaPacrAwz-5Ge85RDi1WFtlsKJWeACLcBGAsYHQ\/s1600\/IMG_8407.jpg\" imageanchor=\"1\" style=\"margin-left: 1em; margin-right: 1em;\"><img decoding=\"async\" border=\"0\" data-original-height=\"305\" data-original-width=\"400\" src=\"https:\/\/1.bp.blogspot.com\/-6KaR-6dkxB4\/XtZV8EeA1fI\/AAAAAAABPaY\/Lj03vaPacrAwz-5Ge85RDi1WFtlsKJWeACLcBGAsYHQ\/s1600\/IMG_8407.jpg\"\/><\/a><\/div>\n<p><span class=\"instructions\">10. Placez-le au frigo 1 heure minimum. Plus vous laisserez longtemps, plus votre p\u00e2te restera bien en place \u00e0 la cuisson. Vous pouvez la laisser toute une nuit.<\/span><\/p>\n<p><span class=\"instructions\">Si vous n&rsquo;avez pas le temps, vous pouvez la laisser 30 minutes au cong\u00e9lateur. <\/span><\/p>\n<p><span class=\"instructions\">Pour \u00e9viter que la p\u00e2te gonfle, vous pouvez la recouvrir de papier cuisson et disposer des haricot ou des petites <span class=\"lienamazon\"><a href=\"https:\/\/www.amazon.fr\/gp\/product\/B000PVHDHM\/ref=as_li_tl?ie=UTF8&amp;tag=iletaitunefoislapatisserie-21&amp;camp=1642&amp;creative=6746&amp;linkCode=as2&amp;creativeASIN=B000PVHDHM&amp;linkId=d54e629689c1d46d95a51689e8a0bcf1\" rel=\"nofollow noopener noreferrer\" target=\"_blank\">billes de cuisson en c\u00e9ramique<\/a><\/span> sur la papier, mais ce n&rsquo;est pas obligatoire. <\/span><br \/><strike><br \/><\/strike><br \/>\n11. <b>Pr\u00e9chauffer le four \u00e0 200\u00b0C<\/b>, puis<b> diminuez la temp\u00e9rature \u00e0 150\u00b0C. <\/b>Enfourner 30 \u00e0 35 minutes en surveillant la coloration.<\/p>\n<p>12. D\u00e9cerclez votre p\u00e2te sucr\u00e9e. Pour qu&rsquo;elle soit <b>parfaite<\/b>, je vous conseille de passer un petit coup de <span class=\"lienamazon\"><a href=\"https:\/\/www.amazon.fr\/gp\/product\/B00151WA06\/ref=as_li_tl?ie=UTF8&amp;tag=iletaitunefoislapatisserie-21&amp;camp=1642&amp;creative=6746&amp;linkCode=as2&amp;creativeASIN=B00151WA06&amp;linkId=bf999592508e128e5daf780ccdb4473a\" rel=\"nofollow noopener noreferrer\" target=\"_blank\">r\u00e2pe microplane<\/a><\/span> sur le dessus et sur les bords.<\/p>\n<div class=\"separator\" style=\"clear: both; text-align: center;\">\n<a href=\"https:\/\/1.bp.blogspot.com\/-MrZ_KzyVAOE\/XtZV8TxZ1gI\/AAAAAAABPag\/d6O7fbOCcuMmTuwYWM0NL1wKZvxP8cBggCLcBGAsYHQ\/s1600\/IMG_8404.jpg\" imageanchor=\"1\" style=\"margin-left: 1em; margin-right: 1em;\"><img decoding=\"async\" border=\"0\" data-original-height=\"304\" data-original-width=\"400\" src=\"https:\/\/1.bp.blogspot.com\/-MrZ_KzyVAOE\/XtZV8TxZ1gI\/AAAAAAABPag\/d6O7fbOCcuMmTuwYWM0NL1wKZvxP8cBggCLcBGAsYHQ\/s1600\/IMG_8404.jpg\"\/><\/a><\/div>\n<p><span class=\"instructions\"><br \/>\n<br \/><\/span><\/p>\n<h3 class=\"separator\" style=\"clear: both; text-align: left;\">\nGarniture chocolat pralin\u00e9 (pralinoise)<\/h3>\n<p>\nPr\u00e9chauffez le four \u00e0 <b>170\u00b0C<\/b>.<\/p>\n<p>1. Coupez la <b>pralinoise <\/b>et le chocolat noir en petits morceaux et placez-les dans un r\u00e9cipient.<\/p>\n<p>J&rsquo;ai test\u00e9 la recette sans chocolat noir et c&rsquo;\u00e9tait vraiment moins bon. Il permet de bien faire ressortir le go\u00fbt de la <b>pralinoise <\/b>et donne une meilleure texture.<\/p>\n<p>\n2. Dans une casserole, faites chauffer ensemble la cr\u00e8me et le lait. Versez-les <b>bien chauds<\/b> sur le chocolat.<\/p>\n<p>\n3. M\u00e9langez avec une maryse jusqu&rsquo;\u00e0 ce que les chocolats soient bien <b>fondus<\/b>. Attention, essayez de <b>ne pas incorporer d&rsquo;air<\/b>.<\/p>\n<p>\n4. Fouettez l&rsquo;oeuf en omelette (battez-le bien !) et ajoutez-le \u00e0 la pr\u00e9paration. M\u00e9langez, toujours avec la maryse.<\/p>\n<p>\n5. Versez cette garniture sur le fond de tarte.<\/p>\n<div class=\"separator\" style=\"clear: both; text-align: center;\">\n<a href=\"https:\/\/1.bp.blogspot.com\/-lFmsMzELp58\/XtZV8UfaPHI\/AAAAAAABPac\/qPXNln1lTwYKgGoj2v_ohnab5t0I_RqIACLcBGAsYHQ\/s1600\/IMG_8408.jpg\" imageanchor=\"1\" style=\"margin-left: 1em; margin-right: 1em;\"><img decoding=\"async\" border=\"0\" data-original-height=\"281\" data-original-width=\"400\" src=\"https:\/\/1.bp.blogspot.com\/-lFmsMzELp58\/XtZV8UfaPHI\/AAAAAAABPac\/qPXNln1lTwYKgGoj2v_ohnab5t0I_RqIACLcBGAsYHQ\/s1600\/IMG_8408.jpg\"\/><\/a><\/div>\n<p><\/p>\n<div class=\"separator\" style=\"clear: both; text-align: left;\">\n6. <b>\u00c9teignez le four<\/b> et enfournez votre tarte pour 40 minutes. On va ainsi avoir une cuisson tr\u00e8s lente. A la sortie du four, la cr\u00e8me doit \u00eatre encore <b>l\u00e9g\u00e8rement tremblotante<\/b> (n&rsquo;h\u00e9sitez pas \u00e0 v\u00e9rifier sur <a href=\"https:\/\/youtu.be\/cyzQ0KNwKQA\" target=\"_blank\" rel=\"noopener noreferrer\">la vid\u00e9o<\/a>).<\/div>\n<div class=\"separator\" style=\"clear: both; text-align: center;\">\n<a href=\"https:\/\/1.bp.blogspot.com\/-2dr_rRKRlRM\/XtZV9ksH_CI\/AAAAAAABPas\/1_WxC8wcfUkhYSvHZIfEDd6Dfe-vkVg1ACLcBGAsYHQ\/s1600\/tarte-chocolat-pralinoise.jpg\" imageanchor=\"1\" style=\"margin-left: 1em; margin-right: 1em;\"><img decoding=\"async\" alt=\"tarte pralin\u00e9 chocolat rapide\" border=\"0\" data-original-height=\"882\" data-original-width=\"650\" src=\"https:\/\/1.bp.blogspot.com\/-2dr_rRKRlRM\/XtZV9ksH_CI\/AAAAAAABPas\/1_WxC8wcfUkhYSvHZIfEDd6Dfe-vkVg1ACLcBGAsYHQ\/s1600\/tarte-chocolat-pralinoise.jpg\" title=\"tarte pralin\u00e9 facile\"\/><\/a><\/div>\n<p>Laissez refroidir compl\u00e8tement avec de vous <b>r\u00e9galer <\/b>!<\/p>\n<p>J&rsquo;ai d\u00e9cor\u00e9 ma tarte pralinoise avec un peu de <b>pralin<\/b>, c&rsquo;\u00e9tait joli. Vous pouvez aussi mettre des grains de fleur de seul si vous le souhaitez, comme sur ma <a href=\"https:\/\/www.iletaitunefoislapatisserie.com\/2019\/05\/tarte-au-chocolat-facile.html\" target=\"_blank\" rel=\"noopener noreferrer\">tarte au chocolat<\/a>.<\/p>\n<div class=\"separator\" style=\"clear: both; text-align: center;\">\n<a href=\"https:\/\/1.bp.blogspot.com\/-ryzNmDiHZcE\/XtZV-Y7zBCI\/AAAAAAABPa4\/H5wHXc5YpIcEDIf8GIksaZRAOKKvDvEdQCLcBGAsYHQ\/s1600\/tarte-pralin%25C3%25A9-facile.jpg\" imageanchor=\"1\" style=\"margin-left: 1em; margin-right: 1em;\"><img decoding=\"async\" alt=\"tarte pralinoise chocolat\" border=\"0\" data-original-height=\"518\" data-original-width=\"650\" src=\"https:\/\/1.bp.blogspot.com\/-ryzNmDiHZcE\/XtZV-Y7zBCI\/AAAAAAABPa4\/H5wHXc5YpIcEDIf8GIksaZRAOKKvDvEdQCLcBGAsYHQ\/s1600\/tarte-pralin%25C3%25A9-facile.jpg\" title=\"faire une tarte pralinoise\"\/><\/a><\/div>\n<p>Bon app\u00e9tit !<\/p>\n<p>Vous pouvez conserver cette tarte au pralin\u00e9 environ <b>2 jours au r\u00e9frig\u00e9rateur<\/b>.<\/p>\n<div class=\"separator\" style=\"clear: both; text-align: center;\">\n<a href=\"https:\/\/1.bp.blogspot.com\/-1qtJy4sXpBc\/XtZV94pz_GI\/AAAAAAABPaw\/BW5SokQ490UgObf5fCe6w8QFtzCgdIwaACLcBGAsYHQ\/s1600\/tarte-pralinoise-facile.jpg\" imageanchor=\"1\" style=\"margin-left: 1em; margin-right: 1em;\"><img decoding=\"async\" alt=\"recette tarte pralinoise\" border=\"0\" data-original-height=\"773\" data-original-width=\"650\" src=\"https:\/\/1.bp.blogspot.com\/-1qtJy4sXpBc\/XtZV94pz_GI\/AAAAAAABPaw\/BW5SokQ490UgObf5fCe6w8QFtzCgdIwaACLcBGAsYHQ\/s1600\/tarte-pralinoise-facile.jpg\" title=\"tarte pralin\u00e9 chocolat\"\/><\/a><\/div>\n<p><a href=\"https:\/\/www.iletaitunefoislapatisserie.com\/p\/tartes-et-tartelettes.html\" target=\"_blank\" rel=\"noopener noreferrer\">Toutes mes recettes de tartes et tartelettes sont ici.<\/a><\/p>\n<p><span class=\"author\">Christelle<\/span>\n<\/p>\n<\/div>\n<p>[ad_2]<br \/>\n<br \/><a href=\"https:\/\/www.iletaitunefoislapatisserie.com\/2020\/06\/tarte-pralinoise-facile.html\">Source link <\/a><\/p>\n","protected":false},"excerpt":{"rendered":"<p>[ad_1] Je vous propose un pu d\u00e9lice aujourd&rsquo;hui : la tarte pralinoise ! Une recette tellement facile et pourtant d\u00e9licieuse. &hellip; <a href=\"http:\/\/www.affinite.fr\/index.php\/2020\/06\/03\/il-etait-une-fois-la-patisserie-31\/\" class=\"more-link\">Plus <span class=\"screen-reader-text\">Il \u00e9tait une fois la p\u00e2tisserie<\/span> <span class=\"meta-nav\">&rarr;<\/span><\/a><\/p>\n","protected":false},"author":1,"featured_media":3585,"comment_status":"open","ping_status":"open","sticky":false,"template":"","format":"standard","meta":{"_sitemap_exclude":false,"_sitemap_priority":"","_sitemap_frequency":"","footnotes":""},"categories":[1],"tags":[],"class_list":["post-3584","post","type-post","status-publish","format-standard","has-post-thumbnail","hentry","category-tous"],"_links":{"self":[{"href":"http:\/\/www.affinite.fr\/index.php\/wp-json\/wp\/v2\/posts\/3584"}],"collection":[{"href":"http:\/\/www.affinite.fr\/index.php\/wp-json\/wp\/v2\/posts"}],"about":[{"href":"http:\/\/www.affinite.fr\/index.php\/wp-json\/wp\/v2\/types\/post"}],"author":[{"embeddable":true,"href":"http:\/\/www.affinite.fr\/index.php\/wp-json\/wp\/v2\/users\/1"}],"replies":[{"embeddable":true,"href":"http:\/\/www.affinite.fr\/index.php\/wp-json\/wp\/v2\/comments?post=3584"}],"version-history":[{"count":0,"href":"http:\/\/www.affinite.fr\/index.php\/wp-json\/wp\/v2\/posts\/3584\/revisions"}],"wp:featuredmedia":[{"embeddable":true,"href":"http:\/\/www.affinite.fr\/index.php\/wp-json\/wp\/v2\/media\/3585"}],"wp:attachment":[{"href":"http:\/\/www.affinite.fr\/index.php\/wp-json\/wp\/v2\/media?parent=3584"}],"wp:term":[{"taxonomy":"category","embeddable":true,"href":"http:\/\/www.affinite.fr\/index.php\/wp-json\/wp\/v2\/categories?post=3584"},{"taxonomy":"post_tag","embeddable":true,"href":"http:\/\/www.affinite.fr\/index.php\/wp-json\/wp\/v2\/tags?post=3584"}],"curies":[{"name":"wp","href":"https:\/\/api.w.org\/{rel}","templated":true}]}}