{"id":3573,"date":"2020-06-03T13:08:41","date_gmt":"2020-06-03T13:08:41","guid":{"rendered":"https:\/\/www.affinite.fr\/index.php\/2020\/06\/03\/pourquoi-voler-un-iphone-dans-un-apple-store-ne-sert-a-rien\/"},"modified":"2020-06-03T13:08:41","modified_gmt":"2020-06-03T13:08:41","slug":"pourquoi-voler-un-iphone-dans-un-apple-store-ne-sert-a-rien","status":"publish","type":"post","link":"http:\/\/www.affinite.fr\/index.php\/2020\/06\/03\/pourquoi-voler-un-iphone-dans-un-apple-store-ne-sert-a-rien\/","title":{"rendered":"Pourquoi voler un iPhone dans un Apple Store ne sert \u00e0 rien"},"content":{"rendered":"<p> [ad_1]<br \/>\n<br \/><img decoding=\"async\" src=\"https:\/\/img.bfmtv.com\/i\/0\/0\/d55\/f97d9a09c6da72668363fad1ef990.jpeg\" \/><\/p>\n<div itemprop=\"articleBody\">\n<p>Les produits\u00a0Apple sont r\u00e9guli\u00e8rement vis\u00e9s\u00a0par des casseurs lors des manifestations. En France comme aux \u00c9tats-Unis, o\u00f9 d&rsquo;importants mouvements sociaux ont lieu actuellement, on voit r\u00e9guli\u00e8rement des vid\u00e9os d&rsquo;individus entrer par effraction dans un\u00a0Apple Store et d\u00e9valiser tous les produits de d\u00e9monstration plac\u00e9s en rayon. iPhone, iPad, Mac\u2026 Tout y passe. Tous se servent et repartent heureux de leur bonne affaire du jour.\u00a0<\/p>\n<p>Vous vous en doutez, Apple a anticip\u00e9 ce genre de situations. Depuis plusieurs ann\u00e9es, la marque peut d\u00e9sactiver \u00e0 distance les appareils vol\u00e9s et rendre leur utilisation compl\u00e8tement impossible. D\u00e8s que l&rsquo;iPhone se connecte au r\u00e9seau et interroge les serveurs d&rsquo;Apple, il affiche un message appelant \u00e0 le ramener chez son propri\u00e9taire. Aucune restauration n&rsquo;y change quoi que ce soit.<\/p>\n<h3 style=\"color:#333; font-family:arial,helvetica,sans-serif; font-size:23px; font-weight:700\">Apple menace les voleurs<\/h3>\n<p>Ainsi, quelques-unes des personnes qui ont profit\u00e9 de la casse des Apple Store pour changer de t\u00e9l\u00e9phone ont eu le droit \u00e0 une menace de la marque californienne quelques heures plus tard.\u00a0<em>\u00ab Cet iPhone est d\u00e9sactiv\u00e9 et g\u00e9olocalis\u00e9. Les autorit\u00e9s locales vont \u00eatres alert\u00e9es. \u00bb<\/em>\u00a0peut-on lire sur un d&rsquo;entre eux qui encourage le voleur \u00e0 ramener le produit.\u00a0<\/p>\n<aside class=\"bg-color-0 padding-inside-all-s bloc border-s\">\n<h4 class=\"box-txt-normal\">\n<p><strong>\u00c0\u00a0d\u00e9couvrir aussi en vid\u00e9o :<\/strong><\/p>\n<\/h4>\n<\/aside>\n<p>Si un jour l&rsquo;id\u00e9e de fracasser la vitre d&rsquo;un Apple Store pour changer d&rsquo;iPhone vous passe \u00e0 la t\u00eate, pensez-donc \u00e0 cet article. En plus d&rsquo;\u00eatre ill\u00e9gal, cet acte ne risque pas de vous servir \u00e0 grand chose !\u00a0<\/p>\n<p><strong>Source :\u00a0<\/strong><a href=\"https:\/\/www.forbes.com\/sites\/zakdoffman\/2020\/06\/01\/apple-warns-looters-with-stolen-iphones-you-are-being-tracked\/\" target=\"_blank\" rel=\"noopener noreferrer\">Forbes<\/a><\/p>\n<\/p><\/div>\n<p><script>\n         !function(f,b,e,v,n,t,s){if(f.fbq)return;n=f.fbq=function()\n         {n.callMethod? n.callMethod.apply(n,arguments):n.queue.push(arguments)}\n         ;if(!f._fbq)f._fbq=n;\n             n.push=n;n.loaded=!0;n.version='2.0';n.queue=[];t=b.createElement(e);t.async=!0;\n             t.src=v;s=b.getElementsByTagName(e)[0];s.parentNode.insertBefore(t,s)}(window,\n                 document,'script','https:\/\/connect.facebook.net\/en_US\/fbevents.js');\n         fbq('init', '1065890633454496');\n         fbq('track', 'PageView');\n     <\/script><br \/>\n<br \/>[ad_2]<br \/>\n<br \/><a href=\"https:\/\/www.01net.com\/actualites\/pourquoi-voler-un-iphone-dans-un-apple-store-ne-sert-a-rien-1926079.html\">Source link <\/a><\/p>\n","protected":false},"excerpt":{"rendered":"<p>[ad_1] Les produits\u00a0Apple sont r\u00e9guli\u00e8rement vis\u00e9s\u00a0par des casseurs lors des manifestations. En France comme aux \u00c9tats-Unis, o\u00f9 d&rsquo;importants mouvements sociaux &hellip; <a href=\"http:\/\/www.affinite.fr\/index.php\/2020\/06\/03\/pourquoi-voler-un-iphone-dans-un-apple-store-ne-sert-a-rien\/\" class=\"more-link\">Plus <span class=\"screen-reader-text\">Pourquoi voler un iPhone dans un Apple Store ne sert \u00e0 rien<\/span> <span class=\"meta-nav\">&rarr;<\/span><\/a><\/p>\n","protected":false},"author":1,"featured_media":3513,"comment_status":"open","ping_status":"open","sticky":false,"template":"","format":"standard","meta":{"_sitemap_exclude":false,"_sitemap_priority":"","_sitemap_frequency":"","footnotes":""},"categories":[1],"tags":[],"class_list":["post-3573","post","type-post","status-publish","format-standard","has-post-thumbnail","hentry","category-tous"],"_links":{"self":[{"href":"http:\/\/www.affinite.fr\/index.php\/wp-json\/wp\/v2\/posts\/3573"}],"collection":[{"href":"http:\/\/www.affinite.fr\/index.php\/wp-json\/wp\/v2\/posts"}],"about":[{"href":"http:\/\/www.affinite.fr\/index.php\/wp-json\/wp\/v2\/types\/post"}],"author":[{"embeddable":true,"href":"http:\/\/www.affinite.fr\/index.php\/wp-json\/wp\/v2\/users\/1"}],"replies":[{"embeddable":true,"href":"http:\/\/www.affinite.fr\/index.php\/wp-json\/wp\/v2\/comments?post=3573"}],"version-history":[{"count":0,"href":"http:\/\/www.affinite.fr\/index.php\/wp-json\/wp\/v2\/posts\/3573\/revisions"}],"wp:featuredmedia":[{"embeddable":true,"href":"http:\/\/www.affinite.fr\/index.php\/wp-json\/wp\/v2\/media\/3513"}],"wp:attachment":[{"href":"http:\/\/www.affinite.fr\/index.php\/wp-json\/wp\/v2\/media?parent=3573"}],"wp:term":[{"taxonomy":"category","embeddable":true,"href":"http:\/\/www.affinite.fr\/index.php\/wp-json\/wp\/v2\/categories?post=3573"},{"taxonomy":"post_tag","embeddable":true,"href":"http:\/\/www.affinite.fr\/index.php\/wp-json\/wp\/v2\/tags?post=3573"}],"curies":[{"name":"wp","href":"https:\/\/api.w.org\/{rel}","templated":true}]}}