{"id":3569,"date":"2020-06-03T12:14:07","date_gmt":"2020-06-03T12:14:07","guid":{"rendered":"https:\/\/www.affinite.fr\/index.php\/2020\/06\/03\/cannes-2020-la-selection-officielle-devoilee-ce-soir-en-clair-sur-canal-actus-cine\/"},"modified":"2020-06-03T12:14:07","modified_gmt":"2020-06-03T12:14:07","slug":"cannes-2020-la-selection-officielle-devoilee-ce-soir-en-clair-sur-canal-actus-cine","status":"publish","type":"post","link":"http:\/\/www.affinite.fr\/index.php\/2020\/06\/03\/cannes-2020-la-selection-officielle-devoilee-ce-soir-en-clair-sur-canal-actus-cine\/","title":{"rendered":"Cannes 2020 : la s\u00e9lection officielle d\u00e9voil\u00e9e ce soir en clair sur CANAL+ &#8211; Actus Cin\u00e9"},"content":{"rendered":"<p> [ad_1]<br \/>\n<\/p>\n<p>Cons\u00e9quence de la crise sanitaire, le prestigieux Festival de Cannes n\u2019aura pas lieu dans sa forme traditionnelle cette ann\u00e9e. Un label Cannes 2020 sera n\u00e9anmoins attribu\u00e9 \u00e0 une s\u00e9lection officielle de 56 films, pr\u00e9sent\u00e9e ce mercredi 3 juin en live.<\/p>\n<div id=\"article-content\">\n<figure class=\"article-figure article-main-figure\"><img loading=\"lazy\" decoding=\"async\" class=\"article-figure-img\" width=\"640\" height=\"360\" src=\"http:\/\/fr.web.img6.acsta.net\/r_640_360\/newsv7\/20\/06\/03\/13\/11\/5194760.jpg\"\/><\/figure>\n<p><i>\u201cCette S\u00e9lection, elle est l\u00e0, et elle est belle.\u201d<\/i> Ce mercredi 3 juin \u00e0 partir de 18h, les amoureux du cin\u00e9ma pourront suivre en clair sur CANAL+ et sur les r\u00e9seaux sociaux l\u2019annonce de la s\u00e9lection officielle du Festival de Cannes 2020. Si la prestigieuse c\u00e9r\u00e9monie n\u2019a malheureusement pas pu se tenir du 12 au 23 mai 2020 comme pr\u00e9vu en raison de la crise sanitaire en cours, son pr\u00e9sident <a title=\"Pierre Lescure (France) (Acteur)\" href=\"http:\/\/www.allocine.fr\/personne\/fichepersonne_gen_cpersonne=36024.html\">Pierre Lescure<\/a>\u00a0et le d\u00e9l\u00e9gu\u00e9 g\u00e9n\u00e9ral <a title=\"Thierry Fr\u00e9maux (France) (Acteur,R\u00e9alisateur,Producteur)\" href=\"http:\/\/www.allocine.fr\/personne\/fichepersonne_gen_cpersonne=142368.html\">Thierry Fr\u00e9maux<\/a>\u00a0ont tenu \u00e0 maintenir l\u2019\u00e9v\u00e9nement annuel sous une autre forme.\u00a0<\/p>\n<p>Aucun prix ni Palme d\u2019or \u00e0 la cl\u00e9, mais un label Cannes 2020, cr\u00e9\u00e9 sp\u00e9cialement pour l\u2019occasion, ne sera attribu\u00e9 \u00e0 cette s\u00e9lection officielle rassemblant les films qui auraient d\u00fb faire partie de cette 73\u1d49 \u00e9dition : 56 longs-m\u00e9trages, des drames, des films d\u2019animation, des documentaires, et plus rare encore des com\u00e9dies, choisis parmi plus de 2000 films re\u00e7us par le comit\u00e9, 2067 tr\u00e8s pr\u00e9cis\u00e9ment, venus de 147 pays.\u00a0<\/p>\n<p>Au sein m\u00eame de cette s\u00e9lection figurent 21 films fran\u00e7ais, dont 8 r\u00e9alis\u00e9s par des femmes (pour un total de 16 r\u00e9alisatrices parmi les 56 longs-m\u00e9trages) et 9 \u201cpremiers\u201d films. Des chiffres en hausse par rapport aux ann\u00e9es pr\u00e9c\u00e9dentes qui annoncent un <a href=\"http:\/\/www.affinite.fr\/index.php\/2024\/12\/08\/chere-maman-et-si-ce-noel-vous-offriez-a-votre-ado-un-avenir-%f0%9f%8e%84%e2%9c%a8\/\">avenir<\/a> toujours plus radieux pour le cin\u00e9ma. <i>\u201c<\/i>[Cette s\u00e9lection] <i>dit que le cin\u00e9ma, qui a disparu des salles pendant trois mois en 2020, et pour la premi\u00e8re fois depuis leur cr\u00e9ation par Lumi\u00e8re le 28 d\u00e9cembre 1895, est plus vivant que jamais,\u201d<\/i> souligne Thierry Fr\u00e9maux, dans un communiqu\u00e9 de presse officiel publi\u00e9 <span class=\"ACraHRACr0cHM6Ly93d3cuZmVzdGl2YWwtY2FubmVzLmNvbS9mci9pbmZvcy1jb21tdW5pcXVlcy9jb21tdW5pcXVlL2FydGljbGVzL2xhLXNlbGVjdGlvbi1vZmZpY2llbGxlLTIwMjA=\" target=\"_blank\">sur le site du festival<\/span>.\u00a0<\/p>\n<p>Comme chaque ann\u00e9e, la s\u00e9lection officielle du Festival de Cannes sera annonc\u00e9e en direct d\u2019un cin\u00e9ma parisien en pr\u00e9sence de Thierry Fr\u00e9maux et Pierre Lescure. Suivez l\u2019\u00e9v\u00e9nement \u00e0 partir de 18h en clair sur la cha\u00eene CANAL+, mais aussi en live sur <span class=\"ACraHRACr0cHM6Ly93d3cueW91dHViZS5jb20vdXNlci9UVkZlc3RpdmFsZGVDYW5uZXM=\" target=\"_blank\">YouTube<\/span>, <span class=\"ACraHRACr0cHM6Ly93d3cuZGFpbHltb3Rpb24uY29tL0Nhbm5lc0Zlc3RUVg==\" target=\"_blank\">Dailymotion<\/span> le site et les r\u00e9seaux sociaux du festival. La r\u00e9daction d\u2019AlloCin\u00e9 vous propose \u00e9galement de suivres les annonces en live <span class=\"ACraHRACr0cHM6Ly90d2l0dGVyLmNvbS9hbGxvY2luZQ==\" target=\"_blank\">sur son compte Twitter<\/span>. Pour son d\u00e9l\u00e9gu\u00e9 g\u00e9n\u00e9ral, <i>\u201ccette s\u00e9lection s\u2019est construite dans la perspective de voir le Festival de Cannes assumer plus que jamais la premi\u00e8re de ses missions : promouvoir les films, les artistes et les professionnels en montrant leur travail, \u00eatre le pont entre les salles et le public.\u201d<\/i><\/p>\n<p>Pour rappel, les spectateurs pourront reprendre le chemin des salles de cin\u00e9ma d\u00e8s le 22 juin prochain, suite aux nouvelle mesures annonc\u00e9es par le gouvernement fran\u00e7ais.\u00a0<\/p>\n<\/p><\/div>\n<p>[ad_2]<br \/>\n<br \/><a href=\"http:\/\/rss.allocine.fr\/~r\/ac\/actualites\/~3\/1SC9lbRMH8g\/fichearticle_gen_carticle=18690476.html\">Source link <\/a><\/p>\n","protected":false},"excerpt":{"rendered":"<p>[ad_1] Cons\u00e9quence de la crise sanitaire, le prestigieux Festival de Cannes n\u2019aura pas lieu dans sa forme traditionnelle cette ann\u00e9e. &hellip; <a href=\"http:\/\/www.affinite.fr\/index.php\/2020\/06\/03\/cannes-2020-la-selection-officielle-devoilee-ce-soir-en-clair-sur-canal-actus-cine\/\" class=\"more-link\">Plus <span class=\"screen-reader-text\">Cannes 2020 : la s\u00e9lection officielle d\u00e9voil\u00e9e ce soir en clair sur CANAL+ &#8211; Actus Cin\u00e9<\/span> <span class=\"meta-nav\">&rarr;<\/span><\/a><\/p>\n","protected":false},"author":1,"featured_media":3570,"comment_status":"open","ping_status":"open","sticky":false,"template":"","format":"standard","meta":{"_sitemap_exclude":false,"_sitemap_priority":"","_sitemap_frequency":"","footnotes":""},"categories":[1],"tags":[],"class_list":["post-3569","post","type-post","status-publish","format-standard","has-post-thumbnail","hentry","category-tous"],"_links":{"self":[{"href":"http:\/\/www.affinite.fr\/index.php\/wp-json\/wp\/v2\/posts\/3569"}],"collection":[{"href":"http:\/\/www.affinite.fr\/index.php\/wp-json\/wp\/v2\/posts"}],"about":[{"href":"http:\/\/www.affinite.fr\/index.php\/wp-json\/wp\/v2\/types\/post"}],"author":[{"embeddable":true,"href":"http:\/\/www.affinite.fr\/index.php\/wp-json\/wp\/v2\/users\/1"}],"replies":[{"embeddable":true,"href":"http:\/\/www.affinite.fr\/index.php\/wp-json\/wp\/v2\/comments?post=3569"}],"version-history":[{"count":0,"href":"http:\/\/www.affinite.fr\/index.php\/wp-json\/wp\/v2\/posts\/3569\/revisions"}],"wp:featuredmedia":[{"embeddable":true,"href":"http:\/\/www.affinite.fr\/index.php\/wp-json\/wp\/v2\/media\/3570"}],"wp:attachment":[{"href":"http:\/\/www.affinite.fr\/index.php\/wp-json\/wp\/v2\/media?parent=3569"}],"wp:term":[{"taxonomy":"category","embeddable":true,"href":"http:\/\/www.affinite.fr\/index.php\/wp-json\/wp\/v2\/categories?post=3569"},{"taxonomy":"post_tag","embeddable":true,"href":"http:\/\/www.affinite.fr\/index.php\/wp-json\/wp\/v2\/tags?post=3569"}],"curies":[{"name":"wp","href":"https:\/\/api.w.org\/{rel}","templated":true}]}}