{"id":3547,"date":"2020-06-03T01:46:22","date_gmt":"2020-06-03T01:46:22","guid":{"rendered":"https:\/\/www.affinite.fr\/index.php\/2020\/06\/03\/lapplication-stopcovid-est-desormais-disponible\/"},"modified":"2020-06-03T01:46:22","modified_gmt":"2020-06-03T01:46:22","slug":"lapplication-stopcovid-est-desormais-disponible","status":"publish","type":"post","link":"http:\/\/www.affinite.fr\/index.php\/2020\/06\/03\/lapplication-stopcovid-est-desormais-disponible\/","title":{"rendered":"L&rsquo;application StopCovid est d\u00e9sormais disponible"},"content":{"rendered":"<p> [ad_1]<br \/>\n<\/p>\n<div itemprop=\"articleBody\">\n<p class=\"MsoNormal\">L\u2019application de tra\u00e7age StopCovid France, propos\u00e9e par le gouvernement pour permettre aux fran\u00e7ais de savoir s\u2019ils ont \u00e9t\u00e9 en contact avec un malade du coronavirus est disponible sur l\u2019App Store et le Play Store.<\/p>\n<p class=\"MsoNormal\">L\u2019application, en principe attendue pour 12h, a accus\u00e9 plusieurs heures de retard avant d\u2019\u00eatre finalement mise \u00e0 disposition sur Android dans un premier temps.<\/p>\n<figure class=\"figure text-center\"><img decoding=\"async\" class=\"article-img img-responsive-l\" src=\"https:\/\/img.bfmtv.com\/c\/0\/708\/454\/96f6ceadd7bd90a3f0d471cc1e616.jpg\" alt=\"\"\/><figcaption class=\"figure-caption figcaption color-txt-0 title-xs hidden-xs\"\/><\/figure>\n<p class=\"MsoNormal\">Les Fran\u00e7ais qui l\u2019installeront sur la base du volontariat devront donner plusieurs autorisations \u00e0 l\u2019application, notamment \u00e0 acc\u00e9der \u00e0 la connexion Bluetooth de leur appareil. StopCovid s\u2019appuie en effet sur le Bluetooth pour d\u00e9tecter les smartphones des personnes qui restent suffisamment longtemps \u00e0 proximit\u00e9 (et qui utilisent \u00e9galement l\u2019application).<\/p>\n<p class=\"MsoNormal\">Lorsqu\u2019un utilisateur est malade, il le d\u00e9clare alors dans l\u2019application qui se charge d\u2019envoyer une alerte sur les appareils des autres utilisateurs l\u2019ayant crois\u00e9 avec qu\u2019ils puissent prendre les mesures n\u00e9cessaires.<\/p>\n<\/p><\/div>\n<p><script>\n         !function(f,b,e,v,n,t,s){if(f.fbq)return;n=f.fbq=function()\n         {n.callMethod? n.callMethod.apply(n,arguments):n.queue.push(arguments)}\n         ;if(!f._fbq)f._fbq=n;\n             n.push=n;n.loaded=!0;n.version='2.0';n.queue=[];t=b.createElement(e);t.async=!0;\n             t.src=v;s=b.getElementsByTagName(e)[0];s.parentNode.insertBefore(t,s)}(window,\n                 document,'script','https:\/\/connect.facebook.net\/en_US\/fbevents.js');\n         fbq('init', '1065890633454496');\n         fbq('track', 'PageView');\n     <\/script><br \/>\n<br \/>[ad_2]<br \/>\n<br \/><a href=\"https:\/\/www.01net.com\/actualites\/l-application-stopcovid-est-desormais-disponible-1925805.html\">Source link <\/a><\/p>\n","protected":false},"excerpt":{"rendered":"<p>[ad_1] L\u2019application de tra\u00e7age StopCovid France, propos\u00e9e par le gouvernement pour permettre aux fran\u00e7ais de savoir s\u2019ils ont \u00e9t\u00e9 en &hellip; <a href=\"http:\/\/www.affinite.fr\/index.php\/2020\/06\/03\/lapplication-stopcovid-est-desormais-disponible\/\" class=\"more-link\">Plus <span class=\"screen-reader-text\">L&rsquo;application StopCovid est d\u00e9sormais disponible<\/span> <span class=\"meta-nav\">&rarr;<\/span><\/a><\/p>\n","protected":false},"author":1,"featured_media":3548,"comment_status":"open","ping_status":"open","sticky":false,"template":"","format":"standard","meta":{"_sitemap_exclude":false,"_sitemap_priority":"","_sitemap_frequency":"","footnotes":""},"categories":[1],"tags":[],"class_list":["post-3547","post","type-post","status-publish","format-standard","has-post-thumbnail","hentry","category-tous"],"_links":{"self":[{"href":"http:\/\/www.affinite.fr\/index.php\/wp-json\/wp\/v2\/posts\/3547"}],"collection":[{"href":"http:\/\/www.affinite.fr\/index.php\/wp-json\/wp\/v2\/posts"}],"about":[{"href":"http:\/\/www.affinite.fr\/index.php\/wp-json\/wp\/v2\/types\/post"}],"author":[{"embeddable":true,"href":"http:\/\/www.affinite.fr\/index.php\/wp-json\/wp\/v2\/users\/1"}],"replies":[{"embeddable":true,"href":"http:\/\/www.affinite.fr\/index.php\/wp-json\/wp\/v2\/comments?post=3547"}],"version-history":[{"count":0,"href":"http:\/\/www.affinite.fr\/index.php\/wp-json\/wp\/v2\/posts\/3547\/revisions"}],"wp:featuredmedia":[{"embeddable":true,"href":"http:\/\/www.affinite.fr\/index.php\/wp-json\/wp\/v2\/media\/3548"}],"wp:attachment":[{"href":"http:\/\/www.affinite.fr\/index.php\/wp-json\/wp\/v2\/media?parent=3547"}],"wp:term":[{"taxonomy":"category","embeddable":true,"href":"http:\/\/www.affinite.fr\/index.php\/wp-json\/wp\/v2\/categories?post=3547"},{"taxonomy":"post_tag","embeddable":true,"href":"http:\/\/www.affinite.fr\/index.php\/wp-json\/wp\/v2\/tags?post=3547"}],"curies":[{"name":"wp","href":"https:\/\/api.w.org\/{rel}","templated":true}]}}