{"id":3524,"date":"2020-06-02T14:13:46","date_gmt":"2020-06-02T14:13:46","guid":{"rendered":"https:\/\/www.affinite.fr\/index.php\/2020\/06\/02\/une-tesla-en-mode-autopilot-heurte-a-pleine-vitesse-un-camion-renverse-sur-la-route\/"},"modified":"2020-06-02T14:13:46","modified_gmt":"2020-06-02T14:13:46","slug":"une-tesla-en-mode-autopilot-heurte-a-pleine-vitesse-un-camion-renverse-sur-la-route","status":"publish","type":"post","link":"http:\/\/www.affinite.fr\/index.php\/2020\/06\/02\/une-tesla-en-mode-autopilot-heurte-a-pleine-vitesse-un-camion-renverse-sur-la-route\/","title":{"rendered":"Une Tesla en mode Autopilot heurte \u00e0 pleine vitesse un camion renvers\u00e9 sur la route"},"content":{"rendered":"<p> [ad_1]<br \/>\n<br \/><img decoding=\"async\" src=\"https:\/\/img.bfmtv.com\/i\/0\/0\/792\/80641645478fb3fb6a8d9b0be4d0d.jpg\" \/><\/p>\n<div itemprop=\"articleBody\">\n<p>Les images sont impressionnantes \u00e0 plus d\u2019un titre. D\u2019une part parce qu\u2019elles montrent une Model 3 \u00e9ventrer compl\u00e8tement le toit d\u2019un camion, mais surtout parce que la vid\u00e9o de l\u2019accident accable l\u2019Autopilot de Tesla qui ne juge presque pas utile de freiner \u00e0 l\u2019approche de l\u2019impact. La sc\u00e8ne a lieu \u00e0 Ta\u00efwan, plus exactement sur l\u2019autoroute 1 et montre\u00a0un accident pour le moins \u00e9tonnant. Un camion accident\u00e9 est couch\u00e9 sur les deux voies de gauche lorsqu\u2019une Tesla qui circule sur la voie la plus rapide vient s\u2019encastrer dans la carcasse du poids-lourd.\u00a0<\/p>\n<p>\n            <iframe loading=\"lazy\" width=\"560\" height=\"315\" src=\"https:\/\/www.youtube.com\/embed\/WEVZQPF6r-w\" frameborder=\"0\" allow=\"accelerometer; autoplay; encrypted-media; gyroscope; picture-in-picture\" allowfullscreen=\"\"><\/iframe>\n    <\/p>\n<p>D\u2019un point de vue ext\u00e9rieur, l\u2019accident semble \u00e9vitable et d\u2019ailleurs avant qu\u2019il ne survienne, il est possible de constater que les autres voitures contournent le camion \u00e0 l\u2019arr\u00eat. D\u2019apr\u00e8s les d\u00e9clarations du propri\u00e9taire (sorti indemne du choc), l\u2019<a href=\"https:\/\/www.01net.com\/actualites\/comment-tesla-vante-l-impact-positif-de-son-autopilot-sur-le-nombre-d-accidents-de-la-route-1908200.html\" target=\"_blank\" rel=\"noopener noreferrer\">Autopilot de la Model 3<\/a> \u00e9tait activ\u00e9 et la vitesse r\u00e9gl\u00e9e \u00e0 110 km\/h. \u00ab\u00a0Il pensait que la voiture d\u00e9tecterait d&rsquo;elle-m\u00eame l\u2019obstacle et freinerait automatiquement, mais il a \u00e9t\u00e9 surpris de constater que la voiture ne ralentissait\u00a0pas\u00a0\u00bb, d\u00e9taille le rapport de police.<\/p>\n<h3 style=\"color:#333; font-family:arial,helvetica,sans-serif; font-size:23px; font-weight:700\">L&rsquo;Autopilot n&rsquo;est pas (encore) infaillible<\/h3>\n<p>La cause de l\u2019accident semble \u00e9vidente. L\u2019Autopilot de la Tesla n\u2019a pas r\u00e9ussi \u00e0 identifier le camion comme un obstacle et n\u2019a donc pas frein\u00e9 en cons\u00e9quence. Cette m\u00e9saventure rappelle le premier accident mortel \u00e0 bord d\u2019une Tesla Model S. En effet, en mai 2016 une voiture californienne sur laquelle l\u2019Autopilot \u00e9tait activ\u00e9 avait percut\u00e9 un poids lourd qui s\u2019engageait dans un virage. D\u00e9tail important, le camion \u00e9tait blanc et le ciel clair, des conditions que l\u2019on retrouve dans la sc\u00e8ne ta\u00efwanaise. \u00c0 l\u2019\u00e9poque, le constructeur expliquait que les capteurs du v\u00e9hicule n\u2019avaient pas r\u00e9ussi \u00e0 discerner le blanc du camion du ciel lumineux.<\/p>\n<aside class=\"bg-color-0 padding-inside-all-s bloc border-s\">\n<h4 class=\"box-txt-normal\">\n<p><strong>\u00c0 d\u00e9couvrir aussi en vid\u00e9o :<\/strong><\/p>\n<\/h4>\n<\/aside>\n<p>Certes, en quatre ans, l\u2019Autopilot de Tesla a connu de nombreuses am\u00e9liorations mais force est de constater qu\u2019il peut encore \u00eatre pris en\u00a0d\u00e9faut, y compris vis \u00e0 vis de\u00a0\u00a0situations dont il est suppos\u00e9 avoir tir\u00e9 des enseignements. Les pr\u00e9dictions d\u2019Elon Musk qui estimaient que l\u2019<a href=\"https:\/\/www.01net.com\/actualites\/elon-musk-veut-lancer-son-service-de-partage-de-tesla-autonomes-1436118.html\" target=\"_blank\" rel=\"noopener noreferrer\">Autopilot de ses Tesla permettrait une conduite enti\u00e8rement autonome<\/a> d\u2019ici la fin de l\u2019ann\u00e9e paraissent d\u00e8s lors quelque peu ambitieuses. \u00a0<\/p>\n<\/p><\/div>\n<p><script>\n         !function(f,b,e,v,n,t,s){if(f.fbq)return;n=f.fbq=function()\n         {n.callMethod? n.callMethod.apply(n,arguments):n.queue.push(arguments)}\n         ;if(!f._fbq)f._fbq=n;\n             n.push=n;n.loaded=!0;n.version='2.0';n.queue=[];t=b.createElement(e);t.async=!0;\n             t.src=v;s=b.getElementsByTagName(e)[0];s.parentNode.insertBefore(t,s)}(window,\n                 document,'script','https:\/\/connect.facebook.net\/en_US\/fbevents.js');\n         fbq('init', '1065890633454496');\n         fbq('track', 'PageView');\n     <\/script><br \/>\n<br \/>[ad_2]<br \/>\n<br \/><a href=\"https:\/\/www.01net.com\/actualites\/une-tesla-en-mode-autopilot-heurte-a-pleine-vitesse-un-camion-renverse-sur-la-route-1925551.html\">Source link <\/a><\/p>\n","protected":false},"excerpt":{"rendered":"<p>[ad_1] Les images sont impressionnantes \u00e0 plus d\u2019un titre. D\u2019une part parce qu\u2019elles montrent une Model 3 \u00e9ventrer compl\u00e8tement le &hellip; <a href=\"http:\/\/www.affinite.fr\/index.php\/2020\/06\/02\/une-tesla-en-mode-autopilot-heurte-a-pleine-vitesse-un-camion-renverse-sur-la-route\/\" class=\"more-link\">Plus <span class=\"screen-reader-text\">Une Tesla en mode Autopilot heurte \u00e0 pleine vitesse un camion renvers\u00e9 sur la route<\/span> <span class=\"meta-nav\">&rarr;<\/span><\/a><\/p>\n","protected":false},"author":1,"featured_media":3525,"comment_status":"open","ping_status":"open","sticky":false,"template":"","format":"standard","meta":{"_sitemap_exclude":false,"_sitemap_priority":"","_sitemap_frequency":"","footnotes":""},"categories":[1],"tags":[],"class_list":["post-3524","post","type-post","status-publish","format-standard","has-post-thumbnail","hentry","category-tous"],"_links":{"self":[{"href":"http:\/\/www.affinite.fr\/index.php\/wp-json\/wp\/v2\/posts\/3524"}],"collection":[{"href":"http:\/\/www.affinite.fr\/index.php\/wp-json\/wp\/v2\/posts"}],"about":[{"href":"http:\/\/www.affinite.fr\/index.php\/wp-json\/wp\/v2\/types\/post"}],"author":[{"embeddable":true,"href":"http:\/\/www.affinite.fr\/index.php\/wp-json\/wp\/v2\/users\/1"}],"replies":[{"embeddable":true,"href":"http:\/\/www.affinite.fr\/index.php\/wp-json\/wp\/v2\/comments?post=3524"}],"version-history":[{"count":0,"href":"http:\/\/www.affinite.fr\/index.php\/wp-json\/wp\/v2\/posts\/3524\/revisions"}],"wp:featuredmedia":[{"embeddable":true,"href":"http:\/\/www.affinite.fr\/index.php\/wp-json\/wp\/v2\/media\/3525"}],"wp:attachment":[{"href":"http:\/\/www.affinite.fr\/index.php\/wp-json\/wp\/v2\/media?parent=3524"}],"wp:term":[{"taxonomy":"category","embeddable":true,"href":"http:\/\/www.affinite.fr\/index.php\/wp-json\/wp\/v2\/categories?post=3524"},{"taxonomy":"post_tag","embeddable":true,"href":"http:\/\/www.affinite.fr\/index.php\/wp-json\/wp\/v2\/tags?post=3524"}],"curies":[{"name":"wp","href":"https:\/\/api.w.org\/{rel}","templated":true}]}}