{"id":3520,"date":"2020-06-02T12:08:53","date_gmt":"2020-06-02T12:08:53","guid":{"rendered":"https:\/\/www.affinite.fr\/index.php\/2020\/06\/02\/les-soldes-dete-2020-sont-reportes-au-15-juillet\/"},"modified":"2020-06-02T12:08:53","modified_gmt":"2020-06-02T12:08:53","slug":"les-soldes-dete-2020-sont-reportes-au-15-juillet","status":"publish","type":"post","link":"http:\/\/www.affinite.fr\/index.php\/2020\/06\/02\/les-soldes-dete-2020-sont-reportes-au-15-juillet\/","title":{"rendered":"Les soldes d&rsquo;\u00e9t\u00e9 2020 sont report\u00e9s au 15 juillet"},"content":{"rendered":"<p> [ad_1]<br \/>\n<br \/><img decoding=\"async\" src=\"https:\/\/img.bfmtv.com\/i\/0\/0\/a4b\/7f82e749955ef148b6433cb389b34.jpg\" \/><\/p>\n<div itemprop=\"articleBody\">\n<p>Les French Days se terminent et une nouvelle p\u00e9riode de promotions se profile \u00e0 l&rsquo;horizon : les soldes d&rsquo;\u00e9t\u00e9. Selon le calendrier officiel, ils devaient avoir lieu du\u00a0mercredi 24 juin au mardi 21 juillet 2020 dans\u00a0la plupart des d\u00e9partements de France m\u00e9tropolitaine. Mais la crise du coronavirus a chang\u00e9 la donne.<\/p>\n<p>Bruno Le Maire,\u00a0le ministre de l&rsquo;\u00e9conomie, vient d&rsquo;indiquer que les soldes d&rsquo;\u00e9t\u00e9 d\u00e9buteront le 15 juillet. L&rsquo;objectif est\u00a0de r\u00e9pondre \u00e0 la demande de certains commer\u00e7ants, dont les magasins sont rest\u00e9s longtemps ferm\u00e9s \u00e0 cause du confinement.\u00a0Bruno Le Maire pr\u00e9cise :\u00a0\u00ab\u00a0J&rsquo;ai accept\u00e9 la demande des petits commer\u00e7ants, tr\u00e8s touch\u00e9s par la crise. Cela leur permettra de reconstituer leur tr\u00e9sorerie.\u00a0\u00bb<\/p>\n<aside class=\"bg-color-0 padding-inside-all-s bloc border-s\">\n<h4 class=\"box-txt-normal\">\n<p><strong>A d\u00e9couvrir aussi en vid\u00e9o :<\/strong><\/p>\n<\/h4>\n<\/aside>\n<p>Les soldes durent d\u00e9sormais 4 semaines au lieu de 6 semaines. Et ils sont tr\u00e8s encadr\u00e9s. Ainsi, les commer\u00e7ants doivent clairement signaler le montant du rabais propos\u00e9 sur le prix d&rsquo;origine. Ils ne peuvent pas augmenter le prix d&rsquo;un produit avant les soldes pour faire croire \u00e0 une promotion. Enfin, les produits sold\u00e9s doivent avoir \u00e9t\u00e9 mis en vente et\u00a0pay\u00e9s au fournisseur depuis au moins un mois avant le d\u00e9but des soldes.<\/p>\n<p><strong>Source <\/strong>: <a href=\"https:\/\/twitter.com\/BrunoLeMaire?ref_src=twsrc%5Egoogle%7Ctwcamp%5Eserp%7Ctwgr%5Eauthor\" target=\"_blank\" rel=\"noopener noreferrer\">Twitter Bruno Le Maire<\/a><\/p>\n<\/p><\/div>\n<p><script async src=\"http:\/\/platform.twitter.com\/widgets.js\" charset=\"utf-8\"><\/script><script>\n         !function(f,b,e,v,n,t,s){if(f.fbq)return;n=f.fbq=function()\n         {n.callMethod? n.callMethod.apply(n,arguments):n.queue.push(arguments)}\n         ;if(!f._fbq)f._fbq=n;\n             n.push=n;n.loaded=!0;n.version='2.0';n.queue=[];t=b.createElement(e);t.async=!0;\n             t.src=v;s=b.getElementsByTagName(e)[0];s.parentNode.insertBefore(t,s)}(window,\n                 document,'script','https:\/\/connect.facebook.net\/en_US\/fbevents.js');\n         fbq('init', '1065890633454496');\n         fbq('track', 'PageView');\n     <\/script><br \/>\n<br \/>[ad_2]<br \/>\n<br \/><a href=\"https:\/\/www.01net.com\/actualites\/les-soldes-d-ete-2020-sont-reportes-au-15-juillet-1925597.html\">Source link <\/a><\/p>\n","protected":false},"excerpt":{"rendered":"<p>[ad_1] Les French Days se terminent et une nouvelle p\u00e9riode de promotions se profile \u00e0 l&rsquo;horizon : les soldes d&rsquo;\u00e9t\u00e9. &hellip; <a href=\"http:\/\/www.affinite.fr\/index.php\/2020\/06\/02\/les-soldes-dete-2020-sont-reportes-au-15-juillet\/\" class=\"more-link\">Plus <span class=\"screen-reader-text\">Les soldes d&rsquo;\u00e9t\u00e9 2020 sont report\u00e9s au 15 juillet<\/span> <span class=\"meta-nav\">&rarr;<\/span><\/a><\/p>\n","protected":false},"author":1,"featured_media":3521,"comment_status":"open","ping_status":"open","sticky":false,"template":"","format":"standard","meta":{"_sitemap_exclude":false,"_sitemap_priority":"","_sitemap_frequency":"","footnotes":""},"categories":[1],"tags":[],"class_list":["post-3520","post","type-post","status-publish","format-standard","has-post-thumbnail","hentry","category-tous"],"_links":{"self":[{"href":"http:\/\/www.affinite.fr\/index.php\/wp-json\/wp\/v2\/posts\/3520"}],"collection":[{"href":"http:\/\/www.affinite.fr\/index.php\/wp-json\/wp\/v2\/posts"}],"about":[{"href":"http:\/\/www.affinite.fr\/index.php\/wp-json\/wp\/v2\/types\/post"}],"author":[{"embeddable":true,"href":"http:\/\/www.affinite.fr\/index.php\/wp-json\/wp\/v2\/users\/1"}],"replies":[{"embeddable":true,"href":"http:\/\/www.affinite.fr\/index.php\/wp-json\/wp\/v2\/comments?post=3520"}],"version-history":[{"count":0,"href":"http:\/\/www.affinite.fr\/index.php\/wp-json\/wp\/v2\/posts\/3520\/revisions"}],"wp:featuredmedia":[{"embeddable":true,"href":"http:\/\/www.affinite.fr\/index.php\/wp-json\/wp\/v2\/media\/3521"}],"wp:attachment":[{"href":"http:\/\/www.affinite.fr\/index.php\/wp-json\/wp\/v2\/media?parent=3520"}],"wp:term":[{"taxonomy":"category","embeddable":true,"href":"http:\/\/www.affinite.fr\/index.php\/wp-json\/wp\/v2\/categories?post=3520"},{"taxonomy":"post_tag","embeddable":true,"href":"http:\/\/www.affinite.fr\/index.php\/wp-json\/wp\/v2\/tags?post=3520"}],"curies":[{"name":"wp","href":"https:\/\/api.w.org\/{rel}","templated":true}]}}