{"id":3518,"date":"2020-06-02T11:37:27","date_gmt":"2020-06-02T11:37:27","guid":{"rendered":"https:\/\/www.affinite.fr\/index.php\/2020\/06\/02\/pancakes-moelleux-aux-myrtilles-chefnini\/"},"modified":"2020-06-02T11:37:27","modified_gmt":"2020-06-02T11:37:27","slug":"pancakes-moelleux-aux-myrtilles-chefnini","status":"publish","type":"post","link":"http:\/\/www.affinite.fr\/index.php\/2020\/06\/02\/pancakes-moelleux-aux-myrtilles-chefnini\/","title":{"rendered":"Pancakes moelleux aux myrtilles &#8211; chefNini"},"content":{"rendered":"<p> [ad_1]<br \/>\n<\/p>\n<div id=\"post-35598\">\n<div class=\"entry-content clearfix single-post-content\">\n<p><img itemprop=\"image\" class=\"aligncenter size-full wp-image-35599\" data-src=\"https:\/\/static.chefnini.com\/wp-content\/uploads\/2019\/07\/pancakes-myrtilles.jpg\" alt=\"\" width=\"500\" height=\"750\" srcset=\"https:\/\/static.chefnini.com\/wp-content\/uploads\/2019\/07\/pancakes-myrtilles.jpg 500w, https:\/\/static.chefnini.com\/wp-content\/uploads\/2019\/07\/pancakes-myrtilles-200x300.jpg 200w\" sizes=\"(max-width: 500px) 100vw, 500px\"\/><\/p>\n<p itemprop=\"description\">Lorsque je vois toutes les recettes de pancakes qu\u2019il y a sur le blog, je crois qu\u2019on peut dire que j\u2019aime \u00e7a ! Et j\u2019esp\u00e8re vous aussi du coup. ? D\u2019ailleurs, il faut absolument que je teste les <em>fluffy pancakes<\/em>, mais \u00e7a sera pour plus tard. Je les partagerai ici si c\u2019est r\u00e9ussi.<\/p>\n<p>En attendant, j\u2019ai eu envie d\u2019ajouter des myrtilles et des flocons d\u2019avoines \u00e0 ma p\u00e2te pour des pancakes d\u2019\u00e9t\u00e9, parfaits pour le petit-d\u00e9jeuner !<\/p>\n<p><img itemprop=\"image\" class=\"aligncenter size-full wp-image-35603\" data-src=\"https:\/\/static.chefnini.com\/wp-content\/uploads\/2019\/07\/pancakes-myrtilles5.jpg\" alt=\"\" width=\"500\" height=\"750\" srcset=\"https:\/\/static.chefnini.com\/wp-content\/uploads\/2019\/07\/pancakes-myrtilles5.jpg 500w, https:\/\/static.chefnini.com\/wp-content\/uploads\/2019\/07\/pancakes-myrtilles5-200x300.jpg 200w\" sizes=\"(max-width: 500px) 100vw, 500px\"\/><\/p>\n<p><img itemprop=\"image\" class=\"aligncenter size-full wp-image-35600\" data-src=\"https:\/\/static.chefnini.com\/wp-content\/uploads\/2019\/07\/pancakes-myrtilles2.jpg\" alt=\"\" width=\"500\" height=\"750\" srcset=\"https:\/\/static.chefnini.com\/wp-content\/uploads\/2019\/07\/pancakes-myrtilles2.jpg 500w, https:\/\/static.chefnini.com\/wp-content\/uploads\/2019\/07\/pancakes-myrtilles2-200x300.jpg 200w\" sizes=\"(max-width: 500px) 100vw, 500px\"\/><img itemprop=\"image\" class=\"aligncenter size-full wp-image-35606\" data-src=\"https:\/\/static.chefnini.com\/wp-content\/uploads\/2019\/07\/pancakes-myrtilles8.jpg\" alt=\"\" width=\"500\" height=\"750\" srcset=\"https:\/\/static.chefnini.com\/wp-content\/uploads\/2019\/07\/pancakes-myrtilles8.jpg 500w, https:\/\/static.chefnini.com\/wp-content\/uploads\/2019\/07\/pancakes-myrtilles8-200x300.jpg 200w\" sizes=\"(max-width: 500px) 100vw, 500px\"\/><img itemprop=\"image\" class=\"aligncenter size-full wp-image-35602\" data-src=\"https:\/\/static.chefnini.com\/wp-content\/uploads\/2019\/07\/pancakes-myrtilles4.jpg\" alt=\"\" width=\"730\" height=\"487\" srcset=\"https:\/\/static.chefnini.com\/wp-content\/uploads\/2019\/07\/pancakes-myrtilles4.jpg 730w, https:\/\/static.chefnini.com\/wp-content\/uploads\/2019\/07\/pancakes-myrtilles4-300x200.jpg 300w, https:\/\/static.chefnini.com\/wp-content\/uploads\/2019\/07\/pancakes-myrtilles4-450x300.jpg 450w\" sizes=\"(max-width: 730px) 100vw, 730px\"\/><\/p>\n<h3\/>\n<h3 itemprop=\"recipeYield\">Pour 4 personnes :<\/h3>\n<ul>\n<li itemprop=\"ingredients\">2 \u0153ufs<\/li>\n<li itemprop=\"ingredients\">200 g de fromage blanc<\/li>\n<li itemprop=\"ingredients\">90 g de farine<\/li>\n<li itemprop=\"ingredients\">30 g de sucre en poudre<\/li>\n<li itemprop=\"ingredients\">\u00bd sachet de levure chimique<\/li>\n<li itemprop=\"ingredients\">2 barquettes de myrtilles<\/li>\n<li itemprop=\"ingredients\">20 g de flocons d\u2019avoine<\/li>\n<\/ul>\n<h3\/>\n<div itemprop=\"recipeInstructions\">\n<p><img itemprop=\"image\" class=\"aligncenter size-full wp-image-35604\" data-src=\"https:\/\/static.chefnini.com\/wp-content\/uploads\/2019\/07\/pancakes-myrtilles6.jpg\" alt=\"\" width=\"500\" height=\"750\" srcset=\"https:\/\/static.chefnini.com\/wp-content\/uploads\/2019\/07\/pancakes-myrtilles6.jpg 500w, https:\/\/static.chefnini.com\/wp-content\/uploads\/2019\/07\/pancakes-myrtilles6-200x300.jpg 200w\" sizes=\"(max-width: 500px) 100vw, 500px\"\/><\/p>\n<p>1- M\u00e9langez le fromage blanc avec le sucre, les flocons d\u2019avoine et les jaunes d\u2019\u0153ufs.<\/p>\n<p>2- Ajoutez la farine, la levure. M\u00e9langez afin d\u2019obtenir une pr\u00e9paration homog\u00e8ne.<\/p>\n<p>3- Montez les blancs en neige bien <a href=\"http:\/\/www.affinite.fr\/index.php\/2022\/10\/22\/la-creme-glacee-la-nouvelle-culture-commerciale\/\">ferme<\/a> au batteur \u00e9lectrique et ajoutez-les \u00e0 la pr\u00e9paration pr\u00e9c\u00e9dente \u00e0 la spatule.<\/p>\n<p>4- Faites chauffer une po\u00eale avec un peu d\u2019huile et r\u00e9alisez un pancake en d\u00e9posant deux cuiller\u00e9es \u00e0 soupe de pr\u00e9paration. Ajoutez quelques myrtilles dans la p\u00e2te.<\/p>\n<p>5- Faites cuire sur feu doux quelques minutes et retournez le pancake. Laissez cuire 1 minute.<\/p>\n<p>6- Recommencez jusqu\u2019\u00e0 \u00e9puisement de la p\u00e2te.<\/p>\n<p><img itemprop=\"image\" class=\"aligncenter size-full wp-image-35601\" data-src=\"https:\/\/static.chefnini.com\/wp-content\/uploads\/2019\/07\/pancakes-myrtilles3.jpg\" alt=\"\" width=\"500\" height=\"750\" srcset=\"https:\/\/static.chefnini.com\/wp-content\/uploads\/2019\/07\/pancakes-myrtilles3.jpg 500w, https:\/\/static.chefnini.com\/wp-content\/uploads\/2019\/07\/pancakes-myrtilles3-200x300.jpg 200w\" sizes=\"(max-width: 500px) 100vw, 500px\"\/><\/p>\n<\/div>\n<p> <!-- recipeInstructions --> \t\t\t\t\t\t\t\t\t<\/div>\n<\/p><\/div>\n<p>[ad_2]<br \/>\n<br \/><a href=\"https:\/\/www.chefnini.com\/pancakes-moelleux-aux-myrtilles\/\">Source link <\/a><\/p>\n","protected":false},"excerpt":{"rendered":"<p>[ad_1] Lorsque je vois toutes les recettes de pancakes qu\u2019il y a sur le blog, je crois qu\u2019on peut dire &hellip; <a href=\"http:\/\/www.affinite.fr\/index.php\/2020\/06\/02\/pancakes-moelleux-aux-myrtilles-chefnini\/\" class=\"more-link\">Plus <span class=\"screen-reader-text\">Pancakes moelleux aux myrtilles &#8211; chefNini<\/span> <span class=\"meta-nav\">&rarr;<\/span><\/a><\/p>\n","protected":false},"author":1,"featured_media":3519,"comment_status":"open","ping_status":"open","sticky":false,"template":"","format":"standard","meta":{"_sitemap_exclude":false,"_sitemap_priority":"","_sitemap_frequency":"","footnotes":""},"categories":[1],"tags":[],"class_list":["post-3518","post","type-post","status-publish","format-standard","has-post-thumbnail","hentry","category-tous"],"_links":{"self":[{"href":"http:\/\/www.affinite.fr\/index.php\/wp-json\/wp\/v2\/posts\/3518"}],"collection":[{"href":"http:\/\/www.affinite.fr\/index.php\/wp-json\/wp\/v2\/posts"}],"about":[{"href":"http:\/\/www.affinite.fr\/index.php\/wp-json\/wp\/v2\/types\/post"}],"author":[{"embeddable":true,"href":"http:\/\/www.affinite.fr\/index.php\/wp-json\/wp\/v2\/users\/1"}],"replies":[{"embeddable":true,"href":"http:\/\/www.affinite.fr\/index.php\/wp-json\/wp\/v2\/comments?post=3518"}],"version-history":[{"count":0,"href":"http:\/\/www.affinite.fr\/index.php\/wp-json\/wp\/v2\/posts\/3518\/revisions"}],"wp:featuredmedia":[{"embeddable":true,"href":"http:\/\/www.affinite.fr\/index.php\/wp-json\/wp\/v2\/media\/3519"}],"wp:attachment":[{"href":"http:\/\/www.affinite.fr\/index.php\/wp-json\/wp\/v2\/media?parent=3518"}],"wp:term":[{"taxonomy":"category","embeddable":true,"href":"http:\/\/www.affinite.fr\/index.php\/wp-json\/wp\/v2\/categories?post=3518"},{"taxonomy":"post_tag","embeddable":true,"href":"http:\/\/www.affinite.fr\/index.php\/wp-json\/wp\/v2\/tags?post=3518"}],"curies":[{"name":"wp","href":"https:\/\/api.w.org\/{rel}","templated":true}]}}