{"id":3512,"date":"2020-06-02T09:00:22","date_gmt":"2020-06-02T09:00:22","guid":{"rendered":"https:\/\/www.affinite.fr\/index.php\/2020\/06\/02\/apple-prolonge-jusquen-juillet-son-offre-de-reglement-en-24-fois-sans-frais\/"},"modified":"2020-06-02T09:00:22","modified_gmt":"2020-06-02T09:00:22","slug":"apple-prolonge-jusquen-juillet-son-offre-de-reglement-en-24-fois-sans-frais","status":"publish","type":"post","link":"http:\/\/www.affinite.fr\/index.php\/2020\/06\/02\/apple-prolonge-jusquen-juillet-son-offre-de-reglement-en-24-fois-sans-frais\/","title":{"rendered":"Apple prolonge jusqu&rsquo;en juillet son offre de r\u00e8glement en 24 fois sans frais"},"content":{"rendered":"<p> [ad_1]<br \/>\n<br \/><img decoding=\"async\" src=\"https:\/\/img.bfmtv.com\/i\/0\/0\/d55\/f97d9a09c6da72668363fad1ef990.jpeg\" \/><\/p>\n<div itemprop=\"articleBody\">\n<p>Si votre budget est limit\u00e9 pour acheter le dernier MacBook Pro d&rsquo;Apple, ou un autre appareil,\u00a0sachez que le constructeur propose une offre de financement tr\u00e8s attractive jusqu&rsquo;au 3 juillet 2020. Pour toute commande d&rsquo;un montant d&rsquo;au moins 249 euros et jusqu&rsquo;\u00e0 5 000 euros, vous avez la possibilit\u00e9 de payer en 12 ou 24 mensualit\u00e9s. Normalement, ce type d&rsquo;offre implique des int\u00e9r\u00eats mais ce n&rsquo;est pas le cas chez Apple, avec un\u00a0TAEG (T<span>aux Annuel Effectif Global<\/span>) fixe de 0%.<\/p>\n<p>Par exemple, le dernier MacBook Pro 16 pouces \u00e0 2699 euros vous co\u00fbtera ainsi 24 mensualit\u00e9s de\u00a0112,46 euros ou 12 mensualit\u00e9s de\u00a0224,92 euros.<\/p>\n<aside class=\"bg-color-0 padding-inside-all-s bloc border-s\">\n<h4 class=\"box-txt-normal\">\n<p><strong>A d\u00e9couvrir aussi en vid\u00e9o :<\/strong><\/p>\n<\/h4>\n<\/aside>\n<p>Pour b\u00e9n\u00e9ficier de l&rsquo;offre, il suffit de commander sur le site de vente en ligne d&rsquo;Apple et de\u00a0choisir l&rsquo;option\u00a0\u00ab Paiement \u00e9chelonn\u00e9\u00bb lors de la validation de la commande.\u00a0Si votre demande est accept\u00e9e, le montant exact de vos mensualit\u00e9s vous sera communiqu\u00e9 par email.\u00a0<\/p>\n<p>Seul b\u00e9mol, le d\u00e9lai est plus long pour recevoir votre commande car la demande de cr\u00e9dit doit d&rsquo;abord \u00eatre valid\u00e9e par la soci\u00e9t\u00e9\u00a0Sofinco qui g\u00e8re ces op\u00e9rations. Il faudra donc \u00eatre patient.<\/p>\n<p><strong>Source <\/strong>: <a href=\"https:\/\/www.apple.com\/fr\/shop\/browse\/finance\/loan\" target=\"_blank\" rel=\"noopener noreferrer\">Apple<\/a><\/p>\n<\/p><\/div>\n<p><script>\n         !function(f,b,e,v,n,t,s){if(f.fbq)return;n=f.fbq=function()\n         {n.callMethod? n.callMethod.apply(n,arguments):n.queue.push(arguments)}\n         ;if(!f._fbq)f._fbq=n;\n             n.push=n;n.loaded=!0;n.version='2.0';n.queue=[];t=b.createElement(e);t.async=!0;\n             t.src=v;s=b.getElementsByTagName(e)[0];s.parentNode.insertBefore(t,s)}(window,\n                 document,'script','https:\/\/connect.facebook.net\/en_US\/fbevents.js');\n         fbq('init', '1065890633454496');\n         fbq('track', 'PageView');\n     <\/script><br \/>\n<br \/>[ad_2]<br \/>\n<br \/><a href=\"https:\/\/www.01net.com\/actualites\/apple-prolonge-jusqu-en-juillet-son-offre-de-reglement-en-24-fois-sans-frais-1925538.html\">Source link <\/a><\/p>\n","protected":false},"excerpt":{"rendered":"<p>[ad_1] Si votre budget est limit\u00e9 pour acheter le dernier MacBook Pro d&rsquo;Apple, ou un autre appareil,\u00a0sachez que le constructeur &hellip; <a href=\"http:\/\/www.affinite.fr\/index.php\/2020\/06\/02\/apple-prolonge-jusquen-juillet-son-offre-de-reglement-en-24-fois-sans-frais\/\" class=\"more-link\">Plus <span class=\"screen-reader-text\">Apple prolonge jusqu&rsquo;en juillet son offre de r\u00e8glement en 24 fois sans frais<\/span> <span class=\"meta-nav\">&rarr;<\/span><\/a><\/p>\n","protected":false},"author":1,"featured_media":3513,"comment_status":"open","ping_status":"open","sticky":false,"template":"","format":"standard","meta":{"_sitemap_exclude":false,"_sitemap_priority":"","_sitemap_frequency":"","footnotes":""},"categories":[1],"tags":[],"class_list":["post-3512","post","type-post","status-publish","format-standard","has-post-thumbnail","hentry","category-tous"],"_links":{"self":[{"href":"http:\/\/www.affinite.fr\/index.php\/wp-json\/wp\/v2\/posts\/3512"}],"collection":[{"href":"http:\/\/www.affinite.fr\/index.php\/wp-json\/wp\/v2\/posts"}],"about":[{"href":"http:\/\/www.affinite.fr\/index.php\/wp-json\/wp\/v2\/types\/post"}],"author":[{"embeddable":true,"href":"http:\/\/www.affinite.fr\/index.php\/wp-json\/wp\/v2\/users\/1"}],"replies":[{"embeddable":true,"href":"http:\/\/www.affinite.fr\/index.php\/wp-json\/wp\/v2\/comments?post=3512"}],"version-history":[{"count":0,"href":"http:\/\/www.affinite.fr\/index.php\/wp-json\/wp\/v2\/posts\/3512\/revisions"}],"wp:featuredmedia":[{"embeddable":true,"href":"http:\/\/www.affinite.fr\/index.php\/wp-json\/wp\/v2\/media\/3513"}],"wp:attachment":[{"href":"http:\/\/www.affinite.fr\/index.php\/wp-json\/wp\/v2\/media?parent=3512"}],"wp:term":[{"taxonomy":"category","embeddable":true,"href":"http:\/\/www.affinite.fr\/index.php\/wp-json\/wp\/v2\/categories?post=3512"},{"taxonomy":"post_tag","embeddable":true,"href":"http:\/\/www.affinite.fr\/index.php\/wp-json\/wp\/v2\/tags?post=3512"}],"curies":[{"name":"wp","href":"https:\/\/api.w.org\/{rel}","templated":true}]}}