{"id":350,"date":"2020-03-07T06:43:05","date_gmt":"2020-03-07T06:43:05","guid":{"rendered":"https:\/\/www.affinite.fr\/index.php\/2020\/03\/07\/amd-degainera-ses-processeurs-5-nm-en-2022\/"},"modified":"2020-03-07T06:43:05","modified_gmt":"2020-03-07T06:43:05","slug":"amd-degainera-ses-processeurs-5-nm-en-2022","status":"publish","type":"post","link":"http:\/\/www.affinite.fr\/index.php\/2020\/03\/07\/amd-degainera-ses-processeurs-5-nm-en-2022\/","title":{"rendered":"AMD d\u00e9gainera ses processeurs 5 nm en 2022"},"content":{"rendered":"<p> [ad_1]<br \/>\n<\/p>\n<div itemprop=\"articleBody\">\n<p>On croyait AMD pied au plancher, voil\u00e0 qu\u2019il acc\u00e9l\u00e8re encore. Dans une <a href=\"https:\/\/www.01net.com\/actualites\/renaissance-d-amd-une-reussite-a-base-de-leadership-d-architecture-et-de-consoles-1825126.html\" target=\"_blank\" rel=\"noopener noreferrer\">cha\u00eene de r\u00e9ussites technologiques et commerciales<\/a> sans pr\u00e9c\u00e9dent dans son histoire, le sp\u00e9cialiste des CPU et des GPU a partag\u00e9 une partie de sa feuille de route avec ses investisseurs \u2013 et incidemment avec la presse.<\/p>\n<p>On apprend que, <a href=\"https:\/\/www.01net.com\/actualites\/ces-2020-amd-poursuit-son-implacable-reconquete-1838279.html\" target=\"_blank\" rel=\"noopener noreferrer\">non content d\u2019afficher des succ\u00e8s<\/a> dans les domaines <a href=\"https:\/\/www.01net.com\/actualites\/xbox-series-x-microsoft-confirme-sa-puissance-et-detaille-ses-technos-1863486.html\" target=\"_blank\" rel=\"noopener noreferrer\">des consoles<\/a>, <a href=\"https:\/\/www.01net.com\/actualites\/amd-motorisera-el-capitan-le-plus-puissant-des-supercalculateurs-du-monde-1869584.html\" target=\"_blank\" rel=\"noopener noreferrer\">des supercalculateurs<\/a> ou encore <a href=\"https:\/\/www.01net.com\/actualites\/amd-pourquoi-le-passage-au-7-nm-de-ses-processeurs-mobiles-ryzen-4000pourrait-tout-changer-1841219.html\" target=\"_blank\" rel=\"noopener noreferrer\">des PC portables<\/a>, AMD va tenter de conserver son avance en mati\u00e8re de proc\u00e9d\u00e9 de fabrication pour sa g\u00e9n\u00e9ration de processeurs \u00ab Zen 4 \u00bb.<\/p>\n<figure class=\"figure text-center\"><img decoding=\"async\" class=\"article-img img-responsive-l\" src=\"https:\/\/img.bfmtv.com\/c\/1200\/700\/548\/60d532c787ccb4131359fdc152a40.jpg\" alt=\"\"\/><figcaption class=\"figure-caption figcaption color-txt-0 title-xs hidden-xs\"\/><\/figure>\n<p>Pr\u00e9vue pour 2022, l\u2019architecture Zen 4 sera grav\u00e9e par TSMC, non pas en 7 nm mais bien en 5 nm. Proc\u00e9d\u00e9 technologique le plus avanc\u00e9 \u00e0 l\u2019heure actuelle, la gravure en 5 nm EUV n\u2019est pas encore disponible dans des produits grand public.<br \/>Th\u00e9oriquement, <a href=\"https:\/\/www.01net.com\/actualites\/les-iphone-de-2020-pourraient-passer-a-la-5g-et-embarquer-le-premier-processeur-5-nm-1796850.html\" target=\"_blank\" rel=\"noopener noreferrer\">c\u2019est le prochain iPhone qui devrait \u00eatre annonc\u00e9 en septembre 2020 prochain<\/a> qui sera le premier appareil embarquant une puce 5 nm.<\/p>\n<p>Alors qu\u2019Intel se bat pour acc\u00e9l\u00e9rer la cadence de production de son proc\u00e9d\u00e9 10 nm \u2013 seules certaines puces mobiles sont ainsi produites, le reste \u00e9tant toujours grav\u00e9 en 14 nm +++ \u2013 AMD a d\u00e9sormais \u00e9tendu la gravure 7 nm \u00e0 tous ses produits majeurs, CPU comme GPU.<br \/>L\u2019arriv\u00e9e rapide du 5 nm pourrait lui permettre de maintenir voire de creuser son avance sur son concurrent. Intel ne devant <a href=\"https:\/\/www.01net.com\/actualites\/intel-des-processeurs-qui-flirtent-avec-le-1-nm-a-horizon-2029-1822107.html\" target=\"_blank\" rel=\"noopener noreferrer\">passer au 5 nm qu&rsquo;\u00e0 partir de 2023<\/a>\u2026 s\u2019il arrive \u00e0 tenir sa feuille de route.<\/p>\n<h3 style=\"color:#333;font-family:arial,helvetica,sans-serif;font-size:23px;font-weight:700;\">Zen 3 pour la fin 2020<\/h3>\n<p>Plus pr\u00e8s de nous, la prochaine g\u00e9n\u00e9ration de microarchitecture CPU \u00ab Zen 3 \u00bb arrivera d\u2019ici la fin de cette ann\u00e9e. Si rien n\u2019a filtr\u00e9 pour l\u2019heure des am\u00e9liorations attendues, il faut prendre en compte qu\u2019il ne s\u2019agit pas d\u2019un peaufinage comme entre les architectures Ryzen 1000 (Zen 1) et Ryzen 2000 (Zen 1+), mais bien d&rsquo;un saut de g\u00e9n\u00e9ration comme il y en a eu entre les Ryzen 2000 (Zen 1+) et Ryzen 3000 (Zen 2).<\/p>\n<p>Zen 4 sera toujours grav\u00e9 en 7 nm, mais on ne sait pas encore si AMD fera appel \u00e0 la version EUV (ultraviolet extr\u00eame) qui offre un rendement \u00e9nerg\u00e9tique encore meilleur, ou d&rsquo;une simple am\u00e9lioration du proc\u00e9d\u00e9 DUV (ultra violet profond) d\u00e9j\u00e0 employ\u00e9 pour les puces pr\u00e9c\u00e9dentes.<\/p>\n<aside class=\"bg-color-0 padding-inside-all-s bloc border-s\">\n<h4 class=\"box-txt-normal\">\n<div class=\"\">\n<p style=\"color:#333;font-family:arial,helvetica,sans-serif;font-size:18px;\"><strong>\u00c0 d\u00e9couvrir aussi en vid\u00e9o<\/strong><\/p>\n<\/div>\n<\/h4>\n<\/aside>\n<p>D\u00e9j\u00e0 leader en termes de rapport performances\/prix comme en termes de performances pures avec son Ryzen 3000 en Zen 2, AMD pourrait accro\u00eetre sa dominance dans le march\u00e9 desktop avec ses futures puces Zen 3. L\u00e0 encore, on attend la riposte d\u2019Intel qui ne va sans doute pas rester les bras crois\u00e9s.<\/p>\n<p><strong>Source<\/strong> : <a href=\"https:\/\/www.amd.com\/en\/press-releases\/2020-03-05-amd-details-strategy-to-deliver-best-class-growth-and-strong-shareholder\" target=\"_blank\" rel=\"noopener noreferrer\">AMD<\/a><\/p>\n<\/p><\/div>\n<p><script>\n         !function(f,b,e,v,n,t,s){if(f.fbq)return;n=f.fbq=function()\n         {n.callMethod? n.callMethod.apply(n,arguments):n.queue.push(arguments)}\n         ;if(!f._fbq)f._fbq=n;\n             n.push=n;n.loaded=!0;n.version='2.0';n.queue=[];t=b.createElement(e);t.async=!0;\n             t.src=v;s=b.getElementsByTagName(e)[0];s.parentNode.insertBefore(t,s)}(window,\n                 document,'script','https:\/\/connect.facebook.net\/en_US\/fbevents.js');\n         fbq('init', '1065890633454496');\n         fbq('track', 'PageView');\n     <\/script><br \/>\n<br \/>[ad_2]<br \/>\n<br \/><a href=\"https:\/\/www.01net.com\/actualites\/zen-4-amd-degainera-ses-processeurs-5-nm-en-2022-1870391.html\">Source link <\/a><\/p>\n","protected":false},"excerpt":{"rendered":"<p>[ad_1] On croyait AMD pied au plancher, voil\u00e0 qu\u2019il acc\u00e9l\u00e8re encore. Dans une cha\u00eene de r\u00e9ussites technologiques et commerciales sans &hellip; <a href=\"http:\/\/www.affinite.fr\/index.php\/2020\/03\/07\/amd-degainera-ses-processeurs-5-nm-en-2022\/\" class=\"more-link\">Plus <span class=\"screen-reader-text\">AMD d\u00e9gainera ses processeurs 5 nm en 2022<\/span> <span class=\"meta-nav\">&rarr;<\/span><\/a><\/p>\n","protected":false},"author":1,"featured_media":351,"comment_status":"open","ping_status":"open","sticky":false,"template":"","format":"standard","meta":{"_sitemap_exclude":false,"_sitemap_priority":"","_sitemap_frequency":"","footnotes":""},"categories":[1],"tags":[],"class_list":["post-350","post","type-post","status-publish","format-standard","has-post-thumbnail","hentry","category-tous"],"_links":{"self":[{"href":"http:\/\/www.affinite.fr\/index.php\/wp-json\/wp\/v2\/posts\/350"}],"collection":[{"href":"http:\/\/www.affinite.fr\/index.php\/wp-json\/wp\/v2\/posts"}],"about":[{"href":"http:\/\/www.affinite.fr\/index.php\/wp-json\/wp\/v2\/types\/post"}],"author":[{"embeddable":true,"href":"http:\/\/www.affinite.fr\/index.php\/wp-json\/wp\/v2\/users\/1"}],"replies":[{"embeddable":true,"href":"http:\/\/www.affinite.fr\/index.php\/wp-json\/wp\/v2\/comments?post=350"}],"version-history":[{"count":0,"href":"http:\/\/www.affinite.fr\/index.php\/wp-json\/wp\/v2\/posts\/350\/revisions"}],"wp:featuredmedia":[{"embeddable":true,"href":"http:\/\/www.affinite.fr\/index.php\/wp-json\/wp\/v2\/media\/351"}],"wp:attachment":[{"href":"http:\/\/www.affinite.fr\/index.php\/wp-json\/wp\/v2\/media?parent=350"}],"wp:term":[{"taxonomy":"category","embeddable":true,"href":"http:\/\/www.affinite.fr\/index.php\/wp-json\/wp\/v2\/categories?post=350"},{"taxonomy":"post_tag","embeddable":true,"href":"http:\/\/www.affinite.fr\/index.php\/wp-json\/wp\/v2\/tags?post=350"}],"curies":[{"name":"wp","href":"https:\/\/api.w.org\/{rel}","templated":true}]}}