{"id":3487,"date":"2020-06-01T19:21:57","date_gmt":"2020-06-01T19:21:57","guid":{"rendered":"https:\/\/www.affinite.fr\/index.php\/2020\/06\/01\/economisez-350-euros-sur-le-pack-platinum-du-drone-dji-mavic-pro\/"},"modified":"2020-06-01T19:21:57","modified_gmt":"2020-06-01T19:21:57","slug":"economisez-350-euros-sur-le-pack-platinum-du-drone-dji-mavic-pro","status":"publish","type":"post","link":"http:\/\/www.affinite.fr\/index.php\/2020\/06\/01\/economisez-350-euros-sur-le-pack-platinum-du-drone-dji-mavic-pro\/","title":{"rendered":"\u00e9conomisez 350 euros sur le pack Platinum du drone DJI Mavic Pro"},"content":{"rendered":"<p> [ad_1]<br \/>\n<br \/><img decoding=\"async\" src=\"https:\/\/img.bfmtv.com\/i\/0\/0\/b21\/cd1efea902522c42c07059274fc31.jpg\" \/><\/p>\n<div itemprop=\"articleBody\">\n<p>L&rsquo;\u00e9t\u00e9 arrive et vous d\u00e9sirez acheter un drone ? Pour les French Days, Amazon propose un pack autour d&rsquo;un appareil de qualit\u00e9 : le Mavic Pro de DJI. Le pack\u00a0Fly More Combo Platinum est vendu\u00a0<a href=\"https:\/\/amzn.to\/2XjS7dC\" target=\"_blank\" rel=\"noopener noreferrer\">949 euros au lieu de 1299 euros.<\/a><\/p>\n<p>Ce pack comporte le drone quadricopt\u00e8re compact, dont nous avons appr\u00e9ci\u00e9 la r\u00e9activit\u00e9 et l&rsquo;autonomie <a href=\"https:\/\/www.01net.com\/tests\/test-dji-mavic-pro-ce-petit-drone-est-un-monstre-qui-va-conquerir-les-airs-5477.html\" target=\"_blank\" rel=\"noopener noreferrer\">lors de son test<\/a>, mais aussi une t\u00e9l\u00e9commande, trois batteries, un chargeur de voiture, des h\u00e9lices suppl\u00e9mentaires, une sacoche de transport et une station de recharge.<\/p>\n<p><a href=\"https:\/\/amzn.to\/2XjS7dC\" target=\"_blank\" rel=\"noopener noreferrer\">Retrouvez ici cette offre d\u2019Amazon.<\/a><\/p>\n<p>Les promotions mentionn\u00e9es dans cet article peuvent \u00eatre \u00e9ph\u00e9m\u00e8res et ne plus \u00eatre valables apr\u00e8s la date de parution de l\u2019article.<\/p>\n<p><a href=\"https:\/\/www.01net.com\/actualites\/french-days-2020-tous-les-bons-plans-high-tech-1918763.html\">Retrouvez les meilleurs bons plans high-tech des French Days sur notre page d\u00e9di\u00e9e.<\/a><\/p>\n<p><em>Cet article est une s\u00e9lection r\u00e9alis\u00e9e par l\u2019\u00e9quipe de 01net.com, en toute ind\u00e9pendance. Il est toutefois possible que ce contenu propose un lien d\u2019affiliation. Si vous cliquez sur ce lien, l\u2019e-commer\u00e7ant peut nous reverser une commission. Pour vous, rien ne change !<\/em><\/p>\n<\/p><\/div>\n<p><script>\n         !function(f,b,e,v,n,t,s){if(f.fbq)return;n=f.fbq=function()\n         {n.callMethod? n.callMethod.apply(n,arguments):n.queue.push(arguments)}\n         ;if(!f._fbq)f._fbq=n;\n             n.push=n;n.loaded=!0;n.version='2.0';n.queue=[];t=b.createElement(e);t.async=!0;\n             t.src=v;s=b.getElementsByTagName(e)[0];s.parentNode.insertBefore(t,s)}(window,\n                 document,'script','https:\/\/connect.facebook.net\/en_US\/fbevents.js');\n         fbq('init', '1065890633454496');\n         fbq('track', 'PageView');\n     <\/script><br \/>\n<br \/>[ad_2]<br \/>\n<br \/><a href=\"https:\/\/www.01net.com\/actualites\/french-days-amazon-economisez-350-euros-sur-le-pack-platinum-du-drone-dji-mavic-pro-1924674.html\">Source link <\/a><\/p>\n","protected":false},"excerpt":{"rendered":"<p>[ad_1] L&rsquo;\u00e9t\u00e9 arrive et vous d\u00e9sirez acheter un drone ? Pour les French Days, Amazon propose un pack autour d&rsquo;un &hellip; <a href=\"http:\/\/www.affinite.fr\/index.php\/2020\/06\/01\/economisez-350-euros-sur-le-pack-platinum-du-drone-dji-mavic-pro\/\" class=\"more-link\">Plus <span class=\"screen-reader-text\">\u00e9conomisez 350 euros sur le pack Platinum du drone DJI Mavic Pro<\/span> <span class=\"meta-nav\">&rarr;<\/span><\/a><\/p>\n","protected":false},"author":1,"featured_media":3488,"comment_status":"open","ping_status":"open","sticky":false,"template":"","format":"standard","meta":{"_sitemap_exclude":false,"_sitemap_priority":"","_sitemap_frequency":"","footnotes":""},"categories":[1],"tags":[],"class_list":["post-3487","post","type-post","status-publish","format-standard","has-post-thumbnail","hentry","category-tous"],"_links":{"self":[{"href":"http:\/\/www.affinite.fr\/index.php\/wp-json\/wp\/v2\/posts\/3487"}],"collection":[{"href":"http:\/\/www.affinite.fr\/index.php\/wp-json\/wp\/v2\/posts"}],"about":[{"href":"http:\/\/www.affinite.fr\/index.php\/wp-json\/wp\/v2\/types\/post"}],"author":[{"embeddable":true,"href":"http:\/\/www.affinite.fr\/index.php\/wp-json\/wp\/v2\/users\/1"}],"replies":[{"embeddable":true,"href":"http:\/\/www.affinite.fr\/index.php\/wp-json\/wp\/v2\/comments?post=3487"}],"version-history":[{"count":0,"href":"http:\/\/www.affinite.fr\/index.php\/wp-json\/wp\/v2\/posts\/3487\/revisions"}],"wp:featuredmedia":[{"embeddable":true,"href":"http:\/\/www.affinite.fr\/index.php\/wp-json\/wp\/v2\/media\/3488"}],"wp:attachment":[{"href":"http:\/\/www.affinite.fr\/index.php\/wp-json\/wp\/v2\/media?parent=3487"}],"wp:term":[{"taxonomy":"category","embeddable":true,"href":"http:\/\/www.affinite.fr\/index.php\/wp-json\/wp\/v2\/categories?post=3487"},{"taxonomy":"post_tag","embeddable":true,"href":"http:\/\/www.affinite.fr\/index.php\/wp-json\/wp\/v2\/tags?post=3487"}],"curies":[{"name":"wp","href":"https:\/\/api.w.org\/{rel}","templated":true}]}}