{"id":3472,"date":"2020-06-01T14:11:30","date_gmt":"2020-06-01T14:11:30","guid":{"rendered":"https:\/\/www.affinite.fr\/index.php\/2020\/06\/01\/cette-trottinette-electrique-homcom-pour-enfants-ne-coute-que-81-euros\/"},"modified":"2020-06-01T14:11:30","modified_gmt":"2020-06-01T14:11:30","slug":"cette-trottinette-electrique-homcom-pour-enfants-ne-coute-que-81-euros","status":"publish","type":"post","link":"http:\/\/www.affinite.fr\/index.php\/2020\/06\/01\/cette-trottinette-electrique-homcom-pour-enfants-ne-coute-que-81-euros\/","title":{"rendered":"cette trottinette \u00e9lectrique Homcom pour enfants ne co\u00fbte que 81 euros"},"content":{"rendered":"<p> [ad_1]<br \/>\n<br \/><img decoding=\"async\" src=\"https:\/\/img.bfmtv.com\/i\/0\/0\/c03ef\/1ef7218955d05405bcb95dcfd89.jpg\" \/><\/p>\n<div itemprop=\"articleBody\">\n<p>Vous souhaitez faire d\u00e9couvrir les joies de la trottinette \u00e9lectrique \u00e0 vos enfants de 3 \u00e0 7 ans ? Dans le cadre des French Days, la\u00a0trottinette pliable Homcom\u00a0est vendue <a href=\"https:\/\/amzn.to\/3dnLuN4\" target=\"_blank\" rel=\"noopener noreferrer\">81,16 euros au lieu de 199 euros<\/a>.<\/p>\n<p>Cette trottinette ne p\u00e8se que 4 kg et poss\u00e8de un guidon r\u00e9glable de 80 \u00e0 90 cm. Elle accepte une charge jusqu&rsquo;\u00e0 50 kg et dispose d&rsquo;un moteur de 120 W, pour une vitesse maximale de 6 km\/h et jusqu&rsquo;\u00e0 8 km d&rsquo;autonomie. Une charge compl\u00e8te prend seulement 2 heures.\u00a0<\/p>\n<p><a href=\"https:\/\/amzn.to\/3dnLuN4\" target=\"_blank\" rel=\"noopener noreferrer\">Retrouvez ici cette offre d\u2019Amazon.<\/a><\/p>\n<p>Les promotions mentionn\u00e9es dans cet article peuvent \u00eatre \u00e9ph\u00e9m\u00e8res et ne plus \u00eatre valables apr\u00e8s la date de parution de l\u2019article.<\/p>\n<p><a href=\"https:\/\/www.01net.com\/actualites\/french-days-2020-tous-les-bons-plans-high-tech-1918763.html\">Retrouvez les meilleurs bons plans high-tech des French Days sur notre page d\u00e9di\u00e9e.<\/a><\/p>\n<p><em>Cet article est une s\u00e9lection r\u00e9alis\u00e9e par l\u2019\u00e9quipe de 01net.com, en toute ind\u00e9pendance. Il est toutefois possible que ce contenu propose un lien d\u2019affiliation. Si vous cliquez sur ce lien, l\u2019e-commer\u00e7ant peut nous reverser une commission. Pour vous, rien ne change !<\/em><\/p>\n<\/p><\/div>\n<p><script>\n         !function(f,b,e,v,n,t,s){if(f.fbq)return;n=f.fbq=function()\n         {n.callMethod? n.callMethod.apply(n,arguments):n.queue.push(arguments)}\n         ;if(!f._fbq)f._fbq=n;\n             n.push=n;n.loaded=!0;n.version='2.0';n.queue=[];t=b.createElement(e);t.async=!0;\n             t.src=v;s=b.getElementsByTagName(e)[0];s.parentNode.insertBefore(t,s)}(window,\n                 document,'script','https:\/\/connect.facebook.net\/en_US\/fbevents.js');\n         fbq('init', '1065890633454496');\n         fbq('track', 'PageView');\n     <\/script><br \/>\n<br \/>[ad_2]<br \/>\n<br \/><a href=\"https:\/\/www.01net.com\/actualites\/french-days-amazon-cette-trottinette-electrique-homcom-pour-enfants-ne-coute-que-81-euros-1924695.html\">Source link <\/a><\/p>\n","protected":false},"excerpt":{"rendered":"<p>[ad_1] Vous souhaitez faire d\u00e9couvrir les joies de la trottinette \u00e9lectrique \u00e0 vos enfants de 3 \u00e0 7 ans ? &hellip; <a href=\"http:\/\/www.affinite.fr\/index.php\/2020\/06\/01\/cette-trottinette-electrique-homcom-pour-enfants-ne-coute-que-81-euros\/\" class=\"more-link\">Plus <span class=\"screen-reader-text\">cette trottinette \u00e9lectrique Homcom pour enfants ne co\u00fbte que 81 euros<\/span> <span class=\"meta-nav\">&rarr;<\/span><\/a><\/p>\n","protected":false},"author":1,"featured_media":3473,"comment_status":"open","ping_status":"open","sticky":false,"template":"","format":"standard","meta":{"_sitemap_exclude":false,"_sitemap_priority":"","_sitemap_frequency":"","footnotes":""},"categories":[1],"tags":[],"class_list":["post-3472","post","type-post","status-publish","format-standard","has-post-thumbnail","hentry","category-tous"],"_links":{"self":[{"href":"http:\/\/www.affinite.fr\/index.php\/wp-json\/wp\/v2\/posts\/3472"}],"collection":[{"href":"http:\/\/www.affinite.fr\/index.php\/wp-json\/wp\/v2\/posts"}],"about":[{"href":"http:\/\/www.affinite.fr\/index.php\/wp-json\/wp\/v2\/types\/post"}],"author":[{"embeddable":true,"href":"http:\/\/www.affinite.fr\/index.php\/wp-json\/wp\/v2\/users\/1"}],"replies":[{"embeddable":true,"href":"http:\/\/www.affinite.fr\/index.php\/wp-json\/wp\/v2\/comments?post=3472"}],"version-history":[{"count":0,"href":"http:\/\/www.affinite.fr\/index.php\/wp-json\/wp\/v2\/posts\/3472\/revisions"}],"wp:featuredmedia":[{"embeddable":true,"href":"http:\/\/www.affinite.fr\/index.php\/wp-json\/wp\/v2\/media\/3473"}],"wp:attachment":[{"href":"http:\/\/www.affinite.fr\/index.php\/wp-json\/wp\/v2\/media?parent=3472"}],"wp:term":[{"taxonomy":"category","embeddable":true,"href":"http:\/\/www.affinite.fr\/index.php\/wp-json\/wp\/v2\/categories?post=3472"},{"taxonomy":"post_tag","embeddable":true,"href":"http:\/\/www.affinite.fr\/index.php\/wp-json\/wp\/v2\/tags?post=3472"}],"curies":[{"name":"wp","href":"https:\/\/api.w.org\/{rel}","templated":true}]}}