{"id":3420,"date":"2020-05-30T12:36:03","date_gmt":"2020-05-30T12:36:03","guid":{"rendered":"https:\/\/www.affinite.fr\/index.php\/2020\/05\/30\/deplacez-vous-en-trottinette-electrique-pour-194-euros\/"},"modified":"2020-05-30T12:36:03","modified_gmt":"2020-05-30T12:36:03","slug":"deplacez-vous-en-trottinette-electrique-pour-194-euros","status":"publish","type":"post","link":"http:\/\/www.affinite.fr\/index.php\/2020\/05\/30\/deplacez-vous-en-trottinette-electrique-pour-194-euros\/","title":{"rendered":"d\u00e9placez-vous en trottinette \u00e9lectrique pour 194 euros"},"content":{"rendered":"<p> [ad_1]<br \/>\n<br \/><img decoding=\"async\" src=\"https:\/\/img.bfmtv.com\/i\/0\/0\/242\/d63a466f43739fb6ffceff3d2d0cd.jpg\" \/><\/p>\n<div itemprop=\"articleBody\">\n<p>Pour \u00e9viter les transports en commun sur des petits trajets, la trottinette \u00e9lectrique est un bon moyen. Dans le cadre des French Days, vous pouvez acqu\u00e9rir la\u00a0Go Ride 80Pro Night Edition\u00a0chez Cdiscount pour <a href=\"https:\/\/bit.ly\/3gxQd0r\" target=\"_blank\" rel=\"noopener noreferrer\">193,99 euros au lieu de 349 euros.<\/a><\/p>\n<p>Cette trottinette de 11,5 kg offre une autonomie maximale de 25 km et une vitesse atteignant 25 km\/h. Elle est dot\u00e9e de roues 8 pouces pleines, d&rsquo;un moteur de 350 W, d&rsquo;un frein avant moteur et d&rsquo;un frein\u00a0arri\u00e8re au pied.<\/p>\n<p><a href=\"https:\/\/bit.ly\/3gxQd0r\" target=\"_blank\" rel=\"noopener noreferrer\">Retrouvez ici cette offre de Cdiscount.<\/a><\/p>\n<p>Les promotions mentionn\u00e9es dans cet article peuvent \u00eatre \u00e9ph\u00e9m\u00e8res et ne plus \u00eatre valables apr\u00e8s la date de parution de l\u2019article.<\/p>\n<p><a href=\"https:\/\/www.01net.com\/actualites\/french-days-2020-tous-les-bons-plans-high-tech-1918763.html\">Retrouvez les meilleurs bons plans high-tech des French Days sur notre page d\u00e9di\u00e9e.<\/a><\/p>\n<p><em>Cet article est une s\u00e9lection r\u00e9alis\u00e9e par l\u2019\u00e9quipe de 01net.com, en toute ind\u00e9pendance. Il est toutefois possible que ce contenu propose un lien d\u2019affiliation. Si vous cliquez sur ce lien, l\u2019e-commer\u00e7ant peut nous reverser une commission. Pour vous, rien ne change !<\/em><\/p>\n<\/p><\/div>\n<p><script>\n         !function(f,b,e,v,n,t,s){if(f.fbq)return;n=f.fbq=function()\n         {n.callMethod? n.callMethod.apply(n,arguments):n.queue.push(arguments)}\n         ;if(!f._fbq)f._fbq=n;\n             n.push=n;n.loaded=!0;n.version='2.0';n.queue=[];t=b.createElement(e);t.async=!0;\n             t.src=v;s=b.getElementsByTagName(e)[0];s.parentNode.insertBefore(t,s)}(window,\n                 document,'script','https:\/\/connect.facebook.net\/en_US\/fbevents.js');\n         fbq('init', '1065890633454496');\n         fbq('track', 'PageView');\n     <\/script><br \/>\n<br \/>[ad_2]<br \/>\n<br \/><a href=\"https:\/\/www.01net.com\/actualites\/french-days-cdiscount-deplacez-vous-en-trottinette-electrique-pour-194-euros-1922390.html\">Source link <\/a><\/p>\n","protected":false},"excerpt":{"rendered":"<p>[ad_1] Pour \u00e9viter les transports en commun sur des petits trajets, la trottinette \u00e9lectrique est un bon moyen. Dans le &hellip; <a href=\"http:\/\/www.affinite.fr\/index.php\/2020\/05\/30\/deplacez-vous-en-trottinette-electrique-pour-194-euros\/\" class=\"more-link\">Plus <span class=\"screen-reader-text\">d\u00e9placez-vous en trottinette \u00e9lectrique pour 194 euros<\/span> <span class=\"meta-nav\">&rarr;<\/span><\/a><\/p>\n","protected":false},"author":1,"featured_media":3421,"comment_status":"open","ping_status":"open","sticky":false,"template":"","format":"standard","meta":{"_sitemap_exclude":false,"_sitemap_priority":"","_sitemap_frequency":"","footnotes":""},"categories":[1],"tags":[],"class_list":["post-3420","post","type-post","status-publish","format-standard","has-post-thumbnail","hentry","category-tous"],"_links":{"self":[{"href":"http:\/\/www.affinite.fr\/index.php\/wp-json\/wp\/v2\/posts\/3420"}],"collection":[{"href":"http:\/\/www.affinite.fr\/index.php\/wp-json\/wp\/v2\/posts"}],"about":[{"href":"http:\/\/www.affinite.fr\/index.php\/wp-json\/wp\/v2\/types\/post"}],"author":[{"embeddable":true,"href":"http:\/\/www.affinite.fr\/index.php\/wp-json\/wp\/v2\/users\/1"}],"replies":[{"embeddable":true,"href":"http:\/\/www.affinite.fr\/index.php\/wp-json\/wp\/v2\/comments?post=3420"}],"version-history":[{"count":0,"href":"http:\/\/www.affinite.fr\/index.php\/wp-json\/wp\/v2\/posts\/3420\/revisions"}],"wp:featuredmedia":[{"embeddable":true,"href":"http:\/\/www.affinite.fr\/index.php\/wp-json\/wp\/v2\/media\/3421"}],"wp:attachment":[{"href":"http:\/\/www.affinite.fr\/index.php\/wp-json\/wp\/v2\/media?parent=3420"}],"wp:term":[{"taxonomy":"category","embeddable":true,"href":"http:\/\/www.affinite.fr\/index.php\/wp-json\/wp\/v2\/categories?post=3420"},{"taxonomy":"post_tag","embeddable":true,"href":"http:\/\/www.affinite.fr\/index.php\/wp-json\/wp\/v2\/tags?post=3420"}],"curies":[{"name":"wp","href":"https:\/\/api.w.org\/{rel}","templated":true}]}}