{"id":342,"date":"2020-03-07T02:06:46","date_gmt":"2020-03-07T02:06:46","guid":{"rendered":"https:\/\/www.affinite.fr\/index.php\/2020\/03\/07\/ca-chauffe-pour-uber-en-france\/"},"modified":"2020-03-07T02:06:46","modified_gmt":"2020-03-07T02:06:46","slug":"ca-chauffe-pour-uber-en-france","status":"publish","type":"post","link":"http:\/\/www.affinite.fr\/index.php\/2020\/03\/07\/ca-chauffe-pour-uber-en-france\/","title":{"rendered":"\u00c7a chauffe pour Uber en France"},"content":{"rendered":"<p> [ad_1]<br \/>\n<br \/><img decoding=\"async\" src=\"https:\/\/img.bfmtv.com\/i\/0\/0\/2cb\/8cb5faf95ed9b4c9689e71a95c3ca.jpg\" \/><\/p>\n<div itemprop=\"articleBody\">\n<p>Au programme cette semaine :<\/p>\n<p>&#8211; Coup dur pour Uber. Mercredi, <a href=\"https:\/\/www.01net.com\/actualites\/la-france-considere-que-les-chauffeurs-uber-sont-des-salaries-1869076.html\" target=\"_blank\" rel=\"noopener noreferrer\">la Cour de Cassation a jug\u00e9<\/a> qu&rsquo;un chauffeur n&rsquo;\u00e9tait pas un travailleur ind\u00e9pendant mais bien un salari\u00e9 pour la soci\u00e9t\u00e9 de VTC. C&rsquo;est la premi\u00e8re fois qu&rsquo;une telle d\u00e9cision est prise en France. La juridiction a estim\u00e9 qu&rsquo;il y avait un lien de subordination entre lui et l&rsquo;entreprise am\u00e9ricaine. D&rsquo;autres chauffeurs pourraient demander \u00e0 \u00eatre reconnus comme salari\u00e9s, cr\u00e9ant un effet \u00ab\u00a0boule de neige\u00a0\u00bb et mena\u00e7ant le mod\u00e8le \u00e9conomique d&rsquo;Uber.<\/p>\n<p>&#8211; 500 millions d&rsquo;euros. C&rsquo;est la somme qu&rsquo;Apple<a href=\"https:\/\/www.01net.com\/actualites\/iphone-ralentis-apple-promet-500-millions-de-dollars-pour-dedommager-les-utilisateurs-americains-1868104.html\" target=\"_blank\" rel=\"noopener noreferrer\"> pourrait reverser \u00e0 certains utilisateurs d&rsquo;iPhone<\/a>. Plusieurs d&rsquo;entre eux avaient particip\u00e9 \u00e0 un recours collectif contre la marque \u00e0 la pomme qui avait volontairement ralenti certains appareils pour pr\u00e9server la batterie&#8230; sans avertir personne. La firme de Cupertino pourrait donc d\u00e9livrer \u00e0 chacun d&rsquo;eux 25 dollars, \u00e0 peine de quoi acheter un accessoire.<\/p>\n<p>&#8211; Voil\u00e0 un dr\u00f4le de v\u00e9hicule. Citro\u00ebn <a href=\"https:\/\/www.01net.com\/actualites\/citroen-lance-l-ami-la-voiture-electrique-sans-permis-a-1990-eurosmois-1865637.html\" target=\"_blank\" rel=\"noopener noreferrer\">a d\u00e9voil\u00e9 cette semaine l&rsquo;Ami,<\/a> une voiture \u00e9lectrique et sans permis. Outre un design atypique, c&rsquo;est son prix qui a attir\u00e9 notre attention : 6990 euros ! Elle est uniquement destin\u00e9e \u00e0 un usage urbain et est disponible \u00e9galement en location \u00e0 19,90 euros par mois apr\u00e8s un apport de 2664 euros. D\u00e9couverte en vid\u00e9o.<\/p>\n<p>&#8211; On vous offre vos \u00e9couteurs JBL Endurance Peak.\u00a0<\/p>\n<\/p><\/div>\n<p><script>\n         !function(f,b,e,v,n,t,s){if(f.fbq)return;n=f.fbq=function()\n         {n.callMethod? n.callMethod.apply(n,arguments):n.queue.push(arguments)}\n         ;if(!f._fbq)f._fbq=n;\n             n.push=n;n.loaded=!0;n.version='2.0';n.queue=[];t=b.createElement(e);t.async=!0;\n             t.src=v;s=b.getElementsByTagName(e)[0];s.parentNode.insertBefore(t,s)}(window,\n                 document,'script','https:\/\/connect.facebook.net\/en_US\/fbevents.js');\n         fbq('init', '1065890633454496');\n         fbq('track', 'PageView');\n     <\/script><br \/>\n<br \/>[ad_2]<br \/>\n<br \/><a href=\"https:\/\/www.01net.com\/actualites\/ca-chauffe-pour-uber-en-france-tech-a-break-45-1870560.html\">Source link <\/a><\/p>\n","protected":false},"excerpt":{"rendered":"<p>[ad_1] Au programme cette semaine : &#8211; Coup dur pour Uber. Mercredi, la Cour de Cassation a jug\u00e9 qu&rsquo;un chauffeur &hellip; <a href=\"http:\/\/www.affinite.fr\/index.php\/2020\/03\/07\/ca-chauffe-pour-uber-en-france\/\" class=\"more-link\">Plus <span class=\"screen-reader-text\">\u00c7a chauffe pour Uber en France<\/span> <span class=\"meta-nav\">&rarr;<\/span><\/a><\/p>\n","protected":false},"author":1,"featured_media":343,"comment_status":"open","ping_status":"open","sticky":false,"template":"","format":"standard","meta":{"_sitemap_exclude":false,"_sitemap_priority":"","_sitemap_frequency":"","footnotes":""},"categories":[1],"tags":[],"class_list":["post-342","post","type-post","status-publish","format-standard","has-post-thumbnail","hentry","category-tous"],"_links":{"self":[{"href":"http:\/\/www.affinite.fr\/index.php\/wp-json\/wp\/v2\/posts\/342"}],"collection":[{"href":"http:\/\/www.affinite.fr\/index.php\/wp-json\/wp\/v2\/posts"}],"about":[{"href":"http:\/\/www.affinite.fr\/index.php\/wp-json\/wp\/v2\/types\/post"}],"author":[{"embeddable":true,"href":"http:\/\/www.affinite.fr\/index.php\/wp-json\/wp\/v2\/users\/1"}],"replies":[{"embeddable":true,"href":"http:\/\/www.affinite.fr\/index.php\/wp-json\/wp\/v2\/comments?post=342"}],"version-history":[{"count":0,"href":"http:\/\/www.affinite.fr\/index.php\/wp-json\/wp\/v2\/posts\/342\/revisions"}],"wp:featuredmedia":[{"embeddable":true,"href":"http:\/\/www.affinite.fr\/index.php\/wp-json\/wp\/v2\/media\/343"}],"wp:attachment":[{"href":"http:\/\/www.affinite.fr\/index.php\/wp-json\/wp\/v2\/media?parent=342"}],"wp:term":[{"taxonomy":"category","embeddable":true,"href":"http:\/\/www.affinite.fr\/index.php\/wp-json\/wp\/v2\/categories?post=342"},{"taxonomy":"post_tag","embeddable":true,"href":"http:\/\/www.affinite.fr\/index.php\/wp-json\/wp\/v2\/tags?post=342"}],"curies":[{"name":"wp","href":"https:\/\/api.w.org\/{rel}","templated":true}]}}