{"id":3386,"date":"2020-05-29T18:45:05","date_gmt":"2020-05-29T18:45:05","guid":{"rendered":"https:\/\/www.affinite.fr\/index.php\/2020\/05\/29\/donald-trump-furax-contre-twitter\/"},"modified":"2020-05-29T18:45:05","modified_gmt":"2020-05-29T18:45:05","slug":"donald-trump-furax-contre-twitter","status":"publish","type":"post","link":"http:\/\/www.affinite.fr\/index.php\/2020\/05\/29\/donald-trump-furax-contre-twitter\/","title":{"rendered":"Donald Trump furax contre Twitter"},"content":{"rendered":"<p> [ad_1]<br \/>\n<br \/><img decoding=\"async\" src=\"https:\/\/img.bfmtv.com\/i\/0\/0\/7ed\/4c60d1251d2aae79967985abf2160.jpg\" \/><\/p>\n<div itemprop=\"articleBody\">\n<p>Ce vendredi, nous commentons l&rsquo;actu en compagnie de Christofer Ciminelli directeur de la r\u00e9daction de 01net.com et Emmanuel Paquette journaliste sp\u00e9cialis\u00e9 \u00e0 l&rsquo;Express.<\/p>\n<p>L\u2019application StopCovid a \u00e9t\u00e9 valid\u00e9 par l\u2019Assembl\u00e9e Nationale. A partir du 2 juin, les utilisateurs pourront installer l\u2019application.<\/p>\n<p>Donald Trump rentre en guerre contre le r\u00e9seau social Twitter. Furieux contre ce qu\u2019il appelle une privation de la libert\u00e9 d\u2019expression, le pr\u00e9sident des Etats-Unis veut faire en sorte de fermer certains r\u00e9seaux sociaux.<\/p>\n<p>Xiaomi a pr\u00e9sent\u00e9 des nouveaux produits dont un v\u00e9lo \u00e9lectrique et des t\u00e9l\u00e9visions connect\u00e9es.<\/p>\n<p>                Fran\u00e7ois Sorel re\u00e7oit cette semaine Gr\u00e9gory Rabuel Directeur G\u00e9n\u00e9ral de SFR. On \u00e9voque la qualit\u00e9 du r\u00e9seau fran\u00e7ais durant le confinement, l&rsquo;avenir de la 5G, la vente de SFR Presse, le subventionnement de t\u00e9l\u00e9visions avec les abonnements fixes.<\/p><\/div>\n<p><script>\n         !function(f,b,e,v,n,t,s){if(f.fbq)return;n=f.fbq=function()\n         {n.callMethod? n.callMethod.apply(n,arguments):n.queue.push(arguments)}\n         ;if(!f._fbq)f._fbq=n;\n             n.push=n;n.loaded=!0;n.version='2.0';n.queue=[];t=b.createElement(e);t.async=!0;\n             t.src=v;s=b.getElementsByTagName(e)[0];s.parentNode.insertBefore(t,s)}(window,\n                 document,'script','https:\/\/connect.facebook.net\/en_US\/fbevents.js');\n         fbq('init', '1065890633454496');\n         fbq('track', 'PageView');\n     <\/script><br \/>\n<br \/>[ad_2]<br \/>\n<br \/><a href=\"https:\/\/www.01net.com\/actualites\/dqjmm-donald-trump-furax-contre-twitter-1923346.html\">Source link <\/a><\/p>\n","protected":false},"excerpt":{"rendered":"<p>[ad_1] Ce vendredi, nous commentons l&rsquo;actu en compagnie de Christofer Ciminelli directeur de la r\u00e9daction de 01net.com et Emmanuel Paquette &hellip; <a href=\"http:\/\/www.affinite.fr\/index.php\/2020\/05\/29\/donald-trump-furax-contre-twitter\/\" class=\"more-link\">Plus <span class=\"screen-reader-text\">Donald Trump furax contre Twitter<\/span> <span class=\"meta-nav\">&rarr;<\/span><\/a><\/p>\n","protected":false},"author":1,"featured_media":3387,"comment_status":"open","ping_status":"open","sticky":false,"template":"","format":"standard","meta":{"_sitemap_exclude":false,"_sitemap_priority":"","_sitemap_frequency":"","footnotes":""},"categories":[1],"tags":[],"class_list":["post-3386","post","type-post","status-publish","format-standard","has-post-thumbnail","hentry","category-tous"],"_links":{"self":[{"href":"http:\/\/www.affinite.fr\/index.php\/wp-json\/wp\/v2\/posts\/3386"}],"collection":[{"href":"http:\/\/www.affinite.fr\/index.php\/wp-json\/wp\/v2\/posts"}],"about":[{"href":"http:\/\/www.affinite.fr\/index.php\/wp-json\/wp\/v2\/types\/post"}],"author":[{"embeddable":true,"href":"http:\/\/www.affinite.fr\/index.php\/wp-json\/wp\/v2\/users\/1"}],"replies":[{"embeddable":true,"href":"http:\/\/www.affinite.fr\/index.php\/wp-json\/wp\/v2\/comments?post=3386"}],"version-history":[{"count":0,"href":"http:\/\/www.affinite.fr\/index.php\/wp-json\/wp\/v2\/posts\/3386\/revisions"}],"wp:featuredmedia":[{"embeddable":true,"href":"http:\/\/www.affinite.fr\/index.php\/wp-json\/wp\/v2\/media\/3387"}],"wp:attachment":[{"href":"http:\/\/www.affinite.fr\/index.php\/wp-json\/wp\/v2\/media?parent=3386"}],"wp:term":[{"taxonomy":"category","embeddable":true,"href":"http:\/\/www.affinite.fr\/index.php\/wp-json\/wp\/v2\/categories?post=3386"},{"taxonomy":"post_tag","embeddable":true,"href":"http:\/\/www.affinite.fr\/index.php\/wp-json\/wp\/v2\/tags?post=3386"}],"curies":[{"name":"wp","href":"https:\/\/api.w.org\/{rel}","templated":true}]}}